{"id":15314,"date":"2019-11-16T00:30:25","date_gmt":"2019-11-16T03:30:25","guid":{"rendered":"https:\/\/blogs2.correiobraziliense.com.br\/aricunha\/?p=15314"},"modified":"2019-11-16T00:49:16","modified_gmt":"2019-11-16T03:49:16","slug":"sem-planejamento-e-o-caos","status":"publish","type":"post","link":"https:\/\/blogs2.correiobraziliense.com.br\/aricunha\/sem-planejamento-e-o-caos\/","title":{"rendered":"Sem planejamento \u00e9 o caos"},"content":{"rendered":"<p>VISTO, LIDO E OUVIDO, criada por Ari Cunha (In memoriam)<\/p>\n<p>Desde 1960, com Circe Cunha e Mamfil<\/p>\n<p>jornalistacircecunha@gmail.com<\/p>\n<p>Facebook.com\/vistolidoeouvido<\/p>\n<p>Instagram.com\/vistolidoeouvido<\/p>\n<p>&nbsp;<\/p>\n<figure id=\"attachment_15320\" aria-describedby=\"caption-attachment-15320\" style=\"width: 698px\" class=\"wp-caption aligncenter\"><img loading=\"lazy\" decoding=\"async\" class=\" wp-image-15320\" src=\"https:\/\/blogs2.correiobraziliense.com.br\/aricunha\/wp-content\/uploads\/sites\/13\/2019\/11\/1_1-1.jpg\" alt=\"\" width=\"698\" height=\"524\" srcset=\"https:\/\/blogs2.correiobraziliense.com.br\/aricunha\/wp-content\/uploads\/sites\/13\/2019\/11\/1_1-1.jpg 984w, https:\/\/blogs2.correiobraziliense.com.br\/aricunha\/wp-content\/uploads\/sites\/13\/2019\/11\/1_1-1-300x225.jpg 300w, https:\/\/blogs2.correiobraziliense.com.br\/aricunha\/wp-content\/uploads\/sites\/13\/2019\/11\/1_1-1-768x576.jpg 768w, https:\/\/blogs2.correiobraziliense.com.br\/aricunha\/wp-content\/uploads\/sites\/13\/2019\/11\/1_1-1-350x263.jpg 350w, https:\/\/blogs2.correiobraziliense.com.br\/aricunha\/wp-content\/uploads\/sites\/13\/2019\/11\/1_1-1-550x413.jpg 550w, https:\/\/blogs2.correiobraziliense.com.br\/aricunha\/wp-content\/uploads\/sites\/13\/2019\/11\/1_1-1-230x173.jpg 230w\" sizes=\"auto, (max-width: 698px) 100vw, 698px\" \/><figcaption id=\"caption-attachment-15320\" class=\"wp-caption-text\">\u00c1reas desocupadas pela Agefis no Setor Habitacional Sol Nascente \u2014 Foto: Agefis\/Divulga\u00e7\u00e3o (g1.globo.com)<\/figcaption><\/figure>\n<p>&nbsp;<\/p>\n<p>Explicar aos governos que, a cada quatro anos, vem e vai, no comando do Distrito Federal, a import\u00e2ncia vital que o planejamento possui para a sobreviv\u00eancia e futuro da cidade, tem sido, ao longo dessa d\u00e9cada, uma tarefa ingl\u00f3ria; e mormente aqueles t\u00e9cnicos que se atrevem a faz\u00ea-lo s\u00e3o postos de lado, sendo seus pareceres descartados na lata do lixo.<\/p>\n<p>Muitos problemas que poderiam ser equacionados com certa facilidade, transformam-se em quest\u00f5es insan\u00e1veis e ser\u00edssimas a complicar a vida de todos e a diminuir a qualidade de vida da popula\u00e7\u00e3o como um todo. Os pol\u00edticos, por sua vis\u00e3o pragm\u00e1tica e de curto prazo, com um horizonte que normalmente n\u00e3o ultrapassa os quatro anos, n\u00e3o percebem que, a cada medida tomada no calor das decis\u00f5es imediatistas, criam mais problemas do que solu\u00e7\u00f5es.<\/p>\n<p>Esse acumular de projetos a\u00e7odados acaba indo parar nas pr\u00f3ximas administra\u00e7\u00f5es que ter\u00e3o que resolver o imbr\u00f3glio criado. Dessa forma, pequenas medidas, de car\u00e1ter puramente pol\u00edtico e eleitoral, v\u00e3o se avolumando ao longo dos anos, moldando uma esp\u00e9cie de um monstro que, cedo ou tarde, acabar\u00e1 literalmente sentado no colo do cidad\u00e3o contribuinte para ser resolvido ou pago de forma compuls\u00f3ria.<\/p>\n<p>Dentre as muitas decis\u00f5es desse g\u00eanero, tomadas nas \u00faltimas d\u00e9cadas, sobretudo, com vistas \u00e0 forma\u00e7\u00e3o de verdadeiros currais eleitorais, talvez a mais importante e mais impactante para a capital tenha sido justamente a cria\u00e7\u00e3o de um grande n\u00famero de regi\u00f5es administrativas sem os m\u00ednimos crit\u00e9rios de estudo, de planejamento e de viabilidade t\u00e9cnica. Aos governos isso pouco importa.<\/p>\n<p>Tomada a decis\u00e3o, no \u00e2mbito do Executivo, e depois de pesadas as vantagens pol\u00edticas dessa medida, aos poucos t\u00e9cnicos capacitados \u00e9 dada a ordem de retirar do papel, o mais rapidamente poss\u00edvel, a ideia do g\u00eanio, por hora, instalado no Pal\u00e1cio. Em quest\u00e3o de dias, os t\u00e9cnicos burocratas, cuja a chefia \u00e9 exercida por um pol\u00edtico nomeado e que nada entende do m\u00e9tier, entregam a encomenda que nada mais \u00e9 do que um rascunho mal tra\u00e7ado e impensado sobre a cria\u00e7\u00e3o de um novo bairro para assentar milhares de fam\u00edlias.<\/p>\n<p>&nbsp;<\/p>\n<p>&nbsp;<\/p>\n<p>&nbsp;<\/p>\n<p>&nbsp;<\/p>\n<p><strong>A frase que foi pronunciada:<\/strong><\/p>\n<p><em>&#8220;Pa\u00eds subdesenvolvido \u00e9 aquele que importa, como novidade, o que os pa\u00edses desenvolvidos j\u00e1 abandonaram como obsoleto.&#8221;<\/em><\/p>\n<p>Urbanista brasileiro<\/p>\n<p><img loading=\"lazy\" decoding=\"async\" class=\"size-full wp-image-15319 aligncenter\" src=\"https:\/\/blogs2.correiobraziliense.com.br\/aricunha\/wp-content\/uploads\/sites\/13\/2019\/11\/Enem-2012-ppl-questao-12.jpg\" alt=\"\" width=\"1091\" height=\"322\" srcset=\"https:\/\/blogs2.correiobraziliense.com.br\/aricunha\/wp-content\/uploads\/sites\/13\/2019\/11\/Enem-2012-ppl-questao-12.jpg 1091w, https:\/\/blogs2.correiobraziliense.com.br\/aricunha\/wp-content\/uploads\/sites\/13\/2019\/11\/Enem-2012-ppl-questao-12-300x89.jpg 300w, https:\/\/blogs2.correiobraziliense.com.br\/aricunha\/wp-content\/uploads\/sites\/13\/2019\/11\/Enem-2012-ppl-questao-12-768x227.jpg 768w, https:\/\/blogs2.correiobraziliense.com.br\/aricunha\/wp-content\/uploads\/sites\/13\/2019\/11\/Enem-2012-ppl-questao-12-1024x302.jpg 1024w, https:\/\/blogs2.correiobraziliense.com.br\/aricunha\/wp-content\/uploads\/sites\/13\/2019\/11\/Enem-2012-ppl-questao-12-350x103.jpg 350w, https:\/\/blogs2.correiobraziliense.com.br\/aricunha\/wp-content\/uploads\/sites\/13\/2019\/11\/Enem-2012-ppl-questao-12-550x162.jpg 550w, https:\/\/blogs2.correiobraziliense.com.br\/aricunha\/wp-content\/uploads\/sites\/13\/2019\/11\/Enem-2012-ppl-questao-12-230x68.jpg 230w\" sizes=\"auto, (max-width: 1091px) 100vw, 1091px\" \/><\/p>\n<p>&nbsp;<\/p>\n<p>&nbsp;<\/p>\n<p><strong>Passo importante<\/strong><\/p>\n<p>Preparar os menores de idade apreendidos com uma profiss\u00e3o \u00e9 tarefa fundamental para a ressocializa\u00e7\u00e3o. Fossem nossas pris\u00f5es locais apropriadas para preparar o interno para uma vida de trabalho, grandes problemas seriam resolvidos. A C\u00e2mara Legislativa do DF aprovou o projeto de lei que cria o servi\u00e7o volunt\u00e1rio, mas de natureza indenizat\u00f3ria e eventual. Ser\u00e1 um passo, com boa gest\u00e3o, para a falta de efetivo nas unidades de interna\u00e7\u00e3o.<\/p>\n<figure id=\"attachment_11863\" aria-describedby=\"caption-attachment-11863\" style=\"width: 548px\" class=\"wp-caption aligncenter\"><img loading=\"lazy\" decoding=\"async\" class=\" wp-image-11863\" src=\"https:\/\/blogs2.correiobraziliense.com.br\/aricunha\/wp-content\/uploads\/sites\/13\/2018\/08\/cldf-1.jpg\" alt=\"\" width=\"548\" height=\"364\" srcset=\"https:\/\/blogs2.correiobraziliense.com.br\/aricunha\/wp-content\/uploads\/sites\/13\/2018\/08\/cldf-1.jpg 770w, https:\/\/blogs2.correiobraziliense.com.br\/aricunha\/wp-content\/uploads\/sites\/13\/2018\/08\/cldf-1-300x199.jpg 300w, https:\/\/blogs2.correiobraziliense.com.br\/aricunha\/wp-content\/uploads\/sites\/13\/2018\/08\/cldf-1-768x511.jpg 768w, https:\/\/blogs2.correiobraziliense.com.br\/aricunha\/wp-content\/uploads\/sites\/13\/2018\/08\/cldf-1-350x233.jpg 350w, https:\/\/blogs2.correiobraziliense.com.br\/aricunha\/wp-content\/uploads\/sites\/13\/2018\/08\/cldf-1-550x366.jpg 550w, https:\/\/blogs2.correiobraziliense.com.br\/aricunha\/wp-content\/uploads\/sites\/13\/2018\/08\/cldf-1-230x153.jpg 230w\" sizes=\"auto, (max-width: 548px) 100vw, 548px\" \/><figcaption id=\"caption-attachment-11863\" class=\"wp-caption-text\">Foto: Carlos Gandra\/CLDF<\/figcaption><\/figure>\n<p>&nbsp;<\/p>\n<p>&nbsp;<\/p>\n<p><strong>Fiel involunt\u00e1rio<\/strong><\/p>\n<p>Se os f\u00e3s de academia fizessem uma pesquisa pelas principais capitais do pa\u00eds, ficariam estarrecidos com as abusivas exig\u00eancias de fideliza\u00e7\u00e3o feitas por aqui. Para uma corrente do c\u00f3digo do consumidor, se voc\u00ea conhece as regras e assina o contrato \u00e9 porque concorda. Para outros, essa forma \u00e9 abusiva e ilegal. \u00c9 preciso garantir a autonomia da vontade. A impress\u00e3o \u00e9 que essa necessidade de fideliza\u00e7\u00e3o se d\u00e1 apenas por uma raz\u00e3o: o servi\u00e7o nem sempre \u00e9 bom.<\/p>\n<figure id=\"attachment_15318\" aria-describedby=\"caption-attachment-15318\" style=\"width: 551px\" class=\"wp-caption aligncenter\"><img loading=\"lazy\" decoding=\"async\" class=\" wp-image-15318\" src=\"https:\/\/blogs2.correiobraziliense.com.br\/aricunha\/wp-content\/uploads\/sites\/13\/2019\/11\/academia-shopping-em-1-1-1.jpg\" alt=\"\" width=\"551\" height=\"367\" srcset=\"https:\/\/blogs2.correiobraziliense.com.br\/aricunha\/wp-content\/uploads\/sites\/13\/2019\/11\/academia-shopping-em-1-1-1.jpg 800w, https:\/\/blogs2.correiobraziliense.com.br\/aricunha\/wp-content\/uploads\/sites\/13\/2019\/11\/academia-shopping-em-1-1-1-300x200.jpg 300w, https:\/\/blogs2.correiobraziliense.com.br\/aricunha\/wp-content\/uploads\/sites\/13\/2019\/11\/academia-shopping-em-1-1-1-768x512.jpg 768w, https:\/\/blogs2.correiobraziliense.com.br\/aricunha\/wp-content\/uploads\/sites\/13\/2019\/11\/academia-shopping-em-1-1-1-350x233.jpg 350w, https:\/\/blogs2.correiobraziliense.com.br\/aricunha\/wp-content\/uploads\/sites\/13\/2019\/11\/academia-shopping-em-1-1-1-550x366.jpg 550w, https:\/\/blogs2.correiobraziliense.com.br\/aricunha\/wp-content\/uploads\/sites\/13\/2019\/11\/academia-shopping-em-1-1-1-230x153.jpg 230w\" sizes=\"auto, (max-width: 551px) 100vw, 551px\" \/><figcaption id=\"caption-attachment-15318\" class=\"wp-caption-text\">Foto Eduardo Montecino\/OCP<\/figcaption><\/figure>\n<p>&nbsp;<\/p>\n<p>&nbsp;<\/p>\n<p><strong>Divulga\u00e7\u00e3o<\/strong><\/p>\n<p>O Parque de Uso M\u00faltiplo Denner, localizado entre a QE 40 e o Polo de Modas do Guar\u00e1 II, ser\u00e1 a pr\u00f3xima unidade a receber as obras de melhorias da for\u00e7a-tarefa parques, inserido no Programa GDF Presente. Nesse contexto, ser\u00e1 realizada, na pr\u00f3xima segunda-feira, 18\/11, \u00e0s 8h30, a primeira reuni\u00e3o de trabalho com o objetivo de avaliar e decidir as a\u00e7\u00f5es necess\u00e1rias ao local.<\/p>\n<figure id=\"attachment_15317\" aria-describedby=\"caption-attachment-15317\" style=\"width: 550px\" class=\"wp-caption aligncenter\"><img loading=\"lazy\" decoding=\"async\" class=\"wp-image-15317 \" src=\"https:\/\/blogs2.correiobraziliense.com.br\/aricunha\/wp-content\/uploads\/sites\/13\/2019\/11\/denner-768x576-1-1-e1573875430819.jpg\" alt=\"\" width=\"550\" height=\"377\" srcset=\"https:\/\/blogs2.correiobraziliense.com.br\/aricunha\/wp-content\/uploads\/sites\/13\/2019\/11\/denner-768x576-1-1-e1573875430819.jpg 766w, https:\/\/blogs2.correiobraziliense.com.br\/aricunha\/wp-content\/uploads\/sites\/13\/2019\/11\/denner-768x576-1-1-e1573875430819-300x205.jpg 300w, https:\/\/blogs2.correiobraziliense.com.br\/aricunha\/wp-content\/uploads\/sites\/13\/2019\/11\/denner-768x576-1-1-e1573875430819-350x239.jpg 350w, https:\/\/blogs2.correiobraziliense.com.br\/aricunha\/wp-content\/uploads\/sites\/13\/2019\/11\/denner-768x576-1-1-e1573875430819-550x376.jpg 550w, https:\/\/blogs2.correiobraziliense.com.br\/aricunha\/wp-content\/uploads\/sites\/13\/2019\/11\/denner-768x576-1-1-e1573875430819-230x157.jpg 230w\" sizes=\"auto, (max-width: 550px) 100vw, 550px\" \/><figcaption id=\"caption-attachment-15317\" class=\"wp-caption-text\">Foto: guara.df.gov<\/figcaption><\/figure>\n<p>&nbsp;<\/p>\n<p>&nbsp;<\/p>\n<p>&nbsp;<\/p>\n<p><strong>Imprensa<\/strong><\/p>\n<p>Nesse domingo termina a competi\u00e7\u00e3o paral\u00edmpica de bocha. Eduardo Vasconcelos, de 16 anos \u00e9 estreante e representa Bras\u00edlia. \u201cEu consegui a vaga no regional do Centro-Oeste, realizado em julho, em Uberaba. L\u00e1 eu fiquei com a prata\u201d, contou o atleta da categoria BC2, que viajou por meio do programa Compete Bras\u00edlia.<\/p>\n<figure id=\"attachment_15316\" aria-describedby=\"caption-attachment-15316\" style=\"width: 551px\" class=\"wp-caption aligncenter\"><img loading=\"lazy\" decoding=\"async\" class=\" wp-image-15316\" src=\"https:\/\/blogs2.correiobraziliense.com.br\/aricunha\/wp-content\/uploads\/sites\/13\/2019\/11\/EduardoVasconcelos-1024x768.jpg\" alt=\"\" width=\"551\" height=\"414\" srcset=\"https:\/\/blogs2.correiobraziliense.com.br\/aricunha\/wp-content\/uploads\/sites\/13\/2019\/11\/EduardoVasconcelos-1024x768.jpg 1024w, https:\/\/blogs2.correiobraziliense.com.br\/aricunha\/wp-content\/uploads\/sites\/13\/2019\/11\/EduardoVasconcelos-1024x768-300x225.jpg 300w, https:\/\/blogs2.correiobraziliense.com.br\/aricunha\/wp-content\/uploads\/sites\/13\/2019\/11\/EduardoVasconcelos-1024x768-768x576.jpg 768w, https:\/\/blogs2.correiobraziliense.com.br\/aricunha\/wp-content\/uploads\/sites\/13\/2019\/11\/EduardoVasconcelos-1024x768-350x263.jpg 350w, https:\/\/blogs2.correiobraziliense.com.br\/aricunha\/wp-content\/uploads\/sites\/13\/2019\/11\/EduardoVasconcelos-1024x768-550x413.jpg 550w, https:\/\/blogs2.correiobraziliense.com.br\/aricunha\/wp-content\/uploads\/sites\/13\/2019\/11\/EduardoVasconcelos-1024x768-230x173.jpg 230w\" sizes=\"auto, (max-width: 551px) 100vw, 551px\" \/><figcaption id=\"caption-attachment-15316\" class=\"wp-caption-text\">Foto: O \u00fanico representante do Distrito Federal \u00e9 o estudante Eduardo Vasconcelos, 16 anos. (agenciabrasilia.df.gov)<\/figcaption><\/figure>\n<p>&nbsp;<\/p>\n<p>&nbsp;<\/p>\n<p>&nbsp;<\/p>\n<p><strong>Pauta<\/strong><\/p>\n<p>Bocha \u00e9 praticada por atletas com elevado grau de paralisia cerebral ou defici\u00eancias severas. A competi\u00e7\u00e3o consiste em lan\u00e7ar as bolas coloridas o mais perto poss\u00edvel de uma branca. Os atletas ficam sentados em cadeiras de rodas e limitados a um espa\u00e7o demarcado para fazer os arremessos. \u00c9 permitido usar as m\u00e3os, os p\u00e9s e instrumentos de aux\u00edlio e contar com ajudantes (calheiros), no caso dos atletas com maior comprometimento dos membros. A Secretaria de Esporte e Lazer realiza no dia 22 de novembro, a seletiva do Futuro Campe\u00e3o na modalidade.\u00a0 Ser\u00e1 das 14h \u00e0s 17h, no Centro Ol\u00edmpico e Paral\u00edmpico de Ceil\u00e2ndia \u2013 Setor O.<\/p>\n<figure id=\"attachment_15315\" aria-describedby=\"caption-attachment-15315\" style=\"width: 1024px\" class=\"wp-caption aligncenter\"><img loading=\"lazy\" decoding=\"async\" class=\"size-full wp-image-15315\" src=\"https:\/\/blogs2.correiobraziliense.com.br\/aricunha\/wp-content\/uploads\/sites\/13\/2019\/11\/unnamed-1024x402.jpg\" alt=\"\" width=\"1024\" height=\"402\" srcset=\"https:\/\/blogs2.correiobraziliense.com.br\/aricunha\/wp-content\/uploads\/sites\/13\/2019\/11\/unnamed-1024x402.jpg 1024w, https:\/\/blogs2.correiobraziliense.com.br\/aricunha\/wp-content\/uploads\/sites\/13\/2019\/11\/unnamed-1024x402-300x118.jpg 300w, https:\/\/blogs2.correiobraziliense.com.br\/aricunha\/wp-content\/uploads\/sites\/13\/2019\/11\/unnamed-1024x402-768x302.jpg 768w, https:\/\/blogs2.correiobraziliense.com.br\/aricunha\/wp-content\/uploads\/sites\/13\/2019\/11\/unnamed-1024x402-350x137.jpg 350w, https:\/\/blogs2.correiobraziliense.com.br\/aricunha\/wp-content\/uploads\/sites\/13\/2019\/11\/unnamed-1024x402-550x216.jpg 550w, https:\/\/blogs2.correiobraziliense.com.br\/aricunha\/wp-content\/uploads\/sites\/13\/2019\/11\/unnamed-1024x402-230x90.jpg 230w\" sizes=\"auto, (max-width: 1024px) 100vw, 1024px\" \/><figcaption id=\"caption-attachment-15315\" class=\"wp-caption-text\">Banner: agenciabrasilia.df.gov<\/figcaption><\/figure>\n<p>&nbsp;<\/p>\n<p>&nbsp;<\/p>\n<p><strong>HIST\u00d3RIA DE BRAS\u00cdLIA<\/strong><\/p>\n<p>Quanto \u00e0 energia el\u00e9trica, que \u00e0s vezes falta, e contra a qual reclamamos aqui, mas n\u00e3o lembramos das faltas do Rio nem de S. Paulo, h\u00e1 isto: est\u00e3o completando a segunda fase de Cachoeira Dourada, a hidrel\u00e9trica do Parano\u00e1, e a termel\u00e9trica do SIA.<\/p>\n","protected":false},"excerpt":{"rendered":"<p>VISTO, LIDO E OUVIDO, criada por Ari Cunha (In memoriam) Desde 1960, com Circe Cunha e Mamfil jornalistacircecunha@gmail.com Facebook.com\/vistolidoeouvido Instagram.com\/vistolidoeouvido &nbsp; &nbsp; Explicar aos governos que, a cada quatro anos, vem e vai, no comando do Distrito Federal, a import\u00e2ncia vital que o planejamento possui para a sobreviv\u00eancia e futuro da cidade, tem sido, ao [&hellip;]<\/p>\n","protected":false},"author":34,"featured_media":15320,"comment_status":"open","ping_status":"open","sticky":false,"template":"","format":"standard","meta":{"wpb_read_more":[],"footnotes":""},"categories":[23],"tags":[284,1923,277,1922,114,1212,68,2,69,16],"class_list":["post-15314","post","type-post","status-publish","format-standard","has-post-thumbnail","hentry","category-integra","tag-cldf","tag-criacaodeareaadministrativa","tag-gdf","tag-governoibaneis-df","tag-historiadebrasilia","tag-luos","tag-aricunha","tag-brasilia","tag-circecunha","tag-mamfil"],"_links":{"self":[{"href":"https:\/\/blogs2.correiobraziliense.com.br\/aricunha\/wp-json\/wp\/v2\/posts\/15314","targetHints":{"allow":["GET"]}}],"collection":[{"href":"https:\/\/blogs2.correiobraziliense.com.br\/aricunha\/wp-json\/wp\/v2\/posts"}],"about":[{"href":"https:\/\/blogs2.correiobraziliense.com.br\/aricunha\/wp-json\/wp\/v2\/types\/post"}],"author":[{"embeddable":true,"href":"https:\/\/blogs2.correiobraziliense.com.br\/aricunha\/wp-json\/wp\/v2\/users\/34"}],"replies":[{"embeddable":true,"href":"https:\/\/blogs2.correiobraziliense.com.br\/aricunha\/wp-json\/wp\/v2\/comments?post=15314"}],"version-history":[{"count":1,"href":"https:\/\/blogs2.correiobraziliense.com.br\/aricunha\/wp-json\/wp\/v2\/posts\/15314\/revisions"}],"predecessor-version":[{"id":15321,"href":"https:\/\/blogs2.correiobraziliense.com.br\/aricunha\/wp-json\/wp\/v2\/posts\/15314\/revisions\/15321"}],"wp:featuredmedia":[{"embeddable":true,"href":"https:\/\/blogs2.correiobraziliense.com.br\/aricunha\/wp-json\/wp\/v2\/media\/15320"}],"wp:attachment":[{"href":"https:\/\/blogs2.correiobraziliense.com.br\/aricunha\/wp-json\/wp\/v2\/media?parent=15314"}],"wp:term":[{"taxonomy":"category","embeddable":true,"href":"https:\/\/blogs2.correiobraziliense.com.br\/aricunha\/wp-json\/wp\/v2\/categories?post=15314"},{"taxonomy":"post_tag","embeddable":true,"href":"https:\/\/blogs2.correiobraziliense.com.br\/aricunha\/wp-json\/wp\/v2\/tags?post=15314"}],"curies":[{"name":"wp","href":"https:\/\/api.w.org\/{rel}","templated":true}]}}