{"id":15831,"date":"2020-01-31T01:00:33","date_gmt":"2020-01-31T04:00:33","guid":{"rendered":"https:\/\/blogs2.correiobraziliense.com.br\/aricunha\/?p=15831"},"modified":"2020-01-29T15:39:46","modified_gmt":"2020-01-29T18:39:46","slug":"legal-e-imoral","status":"publish","type":"post","link":"https:\/\/blogs2.correiobraziliense.com.br\/aricunha\/legal-e-imoral\/","title":{"rendered":"Legal e imoral"},"content":{"rendered":"<p>VISTO, LIDO E OUVIDO, criada por Ari Cunha (In memoriam)<\/p>\n<p>Desde 1960, com Circe Cunha e Mamfil<\/p>\n<p>jornalistacircecunha@gmail.com<\/p>\n<p>Facebook.com\/vistolidoeouvido<\/p>\n<p>Instagram.com\/vistolidoeouvido<\/p>\n<p>&nbsp;<\/p>\n<figure id=\"attachment_15834\" aria-describedby=\"caption-attachment-15834\" style=\"width: 550px\" class=\"wp-caption aligncenter\"><img loading=\"lazy\" decoding=\"async\" class=\"size-full wp-image-15834\" src=\"https:\/\/blogs2.correiobraziliense.com.br\/aricunha\/wp-content\/uploads\/sites\/13\/2020\/01\/lulaeuniciojantar-550x303.jpg\" alt=\"\" width=\"550\" height=\"303\" srcset=\"https:\/\/blogs2.correiobraziliense.com.br\/aricunha\/wp-content\/uploads\/sites\/13\/2020\/01\/lulaeuniciojantar-550x303.jpg 550w, https:\/\/blogs2.correiobraziliense.com.br\/aricunha\/wp-content\/uploads\/sites\/13\/2020\/01\/lulaeuniciojantar-550x303-300x165.jpg 300w, https:\/\/blogs2.correiobraziliense.com.br\/aricunha\/wp-content\/uploads\/sites\/13\/2020\/01\/lulaeuniciojantar-550x303-350x193.jpg 350w, https:\/\/blogs2.correiobraziliense.com.br\/aricunha\/wp-content\/uploads\/sites\/13\/2020\/01\/lulaeuniciojantar-550x303-230x127.jpg 230w\" sizes=\"auto, (max-width: 550px) 100vw, 550px\" \/><figcaption id=\"caption-attachment-15834\" class=\"wp-caption-text\">Foto: reprodu\u00e7\u00e3o da internet<\/figcaption><\/figure>\n<p>&nbsp;<\/p>\n<p>Em epis\u00f3dios cotidianos, como s\u00e3o os casos dos recorrentes processos de licita\u00e7\u00e3o para a aquisi\u00e7\u00e3o de g\u00eaneros aliment\u00edcios fin\u00edssimos, elaborados por muitas institui\u00e7\u00f5es e que incluem vinhos famosos, lagostas e outros acepipes requintados, se confirmam essa dissintonia entre o brasileiro comum e as elites dirigentes do pa\u00eds.<\/p>\n<p>Exemplos desse comportamento at\u00edpico, que configura mais um agrupamento familiar no poder do que um conjunto de profissionais e t\u00e9cnicos a servi\u00e7o da na\u00e7\u00e3o, podem ser observados muito al\u00e9m do cl\u00e1ssico nepotismo cruzado.<\/p>\n<p>Historicamente e por raz\u00f5es j\u00e1 delineadas no cl\u00e1ssico &#8220;Ra\u00edzes do Brasil\u201d, de S\u00e9rgio Buarque de Holanda de 1936, o nosso arcabou\u00e7o institucional, desde sempre, foi montado de forma a colocar sempre, em primeir\u00edssimo plano, a figura do indiv\u00edduo e de seu entorno imediato, conferindo maior destaque e import\u00e2ncia a estes, relegando a um plano secund\u00e1rio a pr\u00f3pria institui\u00e7\u00e3o. Dessa forma, nossas institui\u00e7\u00f5es e o pr\u00f3prio conceito de Rep\u00fablica acabaram perdidos num pano de fundo, exercendo um papel de coadjuvantes.<\/p>\n<p>Com uma estrutura assim, n\u00e3o surpreende que as seguidas crises pol\u00edticas sejam motivadas, n\u00e3o por debilidade das institui\u00e7\u00f5es em si, mas por falhas provocadas pelos pr\u00f3prios sujeitos que est\u00e3o \u00e0 frente de cada um desses \u00f3rg\u00e3os do Estado. Entram nessa confus\u00e3o secular, entre o p\u00fablico e o privado, sentimentos casos que s\u00e3o identificados como capazes de transformar as altas autoridades do pa\u00eds numa imensa e unida fam\u00edlia, a quem os contribuintes s\u00e3o obrigados a ceder boa parte do que produzem ao longo do ano.<\/p>\n<p>Fatos dessa natureza s\u00e3o comuns em institui\u00e7\u00f5es que possuem por lei a capacidade de organizar livremente seu pr\u00f3prio or\u00e7amento. Nesses casos, as despesas s\u00e3o montadas n\u00e3o apenas com base nas necessidades do \u00f3rg\u00e3o, mas sobretudo em conson\u00e2ncia com os interesses, muitas vezes pessoais de cada um de seus membros. Mais preocupante ainda \u00e9 quando essas distor\u00e7\u00f5es passam a adquirir um amplo manto legal, dispostos em regimentos e outros ordenamentos legais, de forma a assegurar que poss\u00edveis contesta\u00e7\u00f5es encontrem, nas barreiras da lei, qualquer impedimento para a perpetua\u00e7\u00e3o de regalias.<\/p>\n<p>Fossem contabilizados, o valor de todas as mordomias cabidas por lei a cada um dos membros desse seleto grupo, o teto m\u00e1ximo do sal\u00e1rio p\u00fablico atual facilmente seria multiplicado por dez.<\/p>\n<p>Esse familiarismo estendido aos altos escal\u00f5es do servi\u00e7o p\u00fablico e que perpassa praticamente todas as institui\u00e7\u00f5es do Estado, e no qual as vontades particulares acabam sempre predominando sobre o coletivo, criando uma confus\u00e3o propositada de interesses, necessita urgentemente de um fim, sob pena de permanecermos atrelados ao mesmo ciclo de pensamento.<\/p>\n<p>&nbsp;<\/p>\n<p>&nbsp;<\/p>\n<p>&nbsp;<\/p>\n<p><strong>A frase que n\u00e3o foi pronunciada:<\/strong><\/p>\n<p><em>\u201cAs cicatrizes da hist\u00f3ria do Brasil deveriam servir para alguma coisa.\u201d<\/em><\/p>\n<p>Dona Dita pensando enquanto v\u00ea alguns erros se repetindo<\/p>\n<figure id=\"attachment_15736\" aria-describedby=\"caption-attachment-15736\" style=\"width: 551px\" class=\"wp-caption aligncenter\"><img loading=\"lazy\" decoding=\"async\" class=\" wp-image-15736\" src=\"https:\/\/blogs2.correiobraziliense.com.br\/aricunha\/wp-content\/uploads\/sites\/13\/2020\/01\/62395408-3300290133330438-1931753260402606080-n-1-1.png\" alt=\"\" width=\"551\" height=\"551\" srcset=\"https:\/\/blogs2.correiobraziliense.com.br\/aricunha\/wp-content\/uploads\/sites\/13\/2020\/01\/62395408-3300290133330438-1931753260402606080-n-1-1.png 960w, https:\/\/blogs2.correiobraziliense.com.br\/aricunha\/wp-content\/uploads\/sites\/13\/2020\/01\/62395408-3300290133330438-1931753260402606080-n-1-1-150x150.png 150w, https:\/\/blogs2.correiobraziliense.com.br\/aricunha\/wp-content\/uploads\/sites\/13\/2020\/01\/62395408-3300290133330438-1931753260402606080-n-1-1-300x300.png 300w, https:\/\/blogs2.correiobraziliense.com.br\/aricunha\/wp-content\/uploads\/sites\/13\/2020\/01\/62395408-3300290133330438-1931753260402606080-n-1-1-768x768.png 768w, https:\/\/blogs2.correiobraziliense.com.br\/aricunha\/wp-content\/uploads\/sites\/13\/2020\/01\/62395408-3300290133330438-1931753260402606080-n-1-1-350x350.png 350w, https:\/\/blogs2.correiobraziliense.com.br\/aricunha\/wp-content\/uploads\/sites\/13\/2020\/01\/62395408-3300290133330438-1931753260402606080-n-1-1-550x550.png 550w, https:\/\/blogs2.correiobraziliense.com.br\/aricunha\/wp-content\/uploads\/sites\/13\/2020\/01\/62395408-3300290133330438-1931753260402606080-n-1-1-230x230.png 230w\" sizes=\"auto, (max-width: 551px) 100vw, 551px\" \/><figcaption id=\"caption-attachment-15736\" class=\"wp-caption-text\">Charge do Ad\u00e3o<\/figcaption><\/figure>\n<p>&nbsp;<\/p>\n<p>&nbsp;<\/p>\n<p><strong>Noves fora<\/strong><\/p>\n<p>Recebemos de um leitor a seguinte informa\u00e7\u00e3o: Na reforma da previd\u00eancia de 2019, os servidores aposentados com doen\u00e7as graves, que n\u00e3o t\u00eam aumento de sal\u00e1rio h\u00e1 cinco anos, ao receberem o contracheque de fevereiro, viram e sentiram os percentuais de seus desconto para a previd\u00eancia aumentarem e seu sal\u00e1rio diminuir.<\/p>\n<figure id=\"attachment_9828\" aria-describedby=\"caption-attachment-9828\" style=\"width: 526px\" class=\"wp-caption aligncenter\"><img loading=\"lazy\" decoding=\"async\" class=\" wp-image-9828\" src=\"https:\/\/blogs2.correiobraziliense.com.br\/aricunha\/wp-content\/uploads\/sites\/13\/2018\/02\/cartilha_previdencia.jpg\" alt=\"\" width=\"526\" height=\"394\" \/><figcaption id=\"caption-attachment-9828\" class=\"wp-caption-text\">Imagem: spbancarios.com.br<\/figcaption><\/figure>\n<p>&nbsp;<\/p>\n<p>&nbsp;<\/p>\n<p><strong>Perigo constante<\/strong><\/p>\n<p>Em tempos de f\u00e9rias, a vigil\u00e2ncia sanit\u00e1ria de cidades praianas est\u00e1 em alerta. No Recife, por exemplo, h\u00e1 suspeitas de que um empres\u00e1rio tenha morrido infectado por ostras consumidas na praia de Boa Viagem. O principal cuidado deve ser com o armazenamento do produto, situa\u00e7\u00e3o bastante deficiente averiguada pela investiga\u00e7\u00e3o epidemiol\u00f3gica.<\/p>\n<p>https:\/\/www.youtube.com\/watch?v=72ud3r4VsVM&#038;feature=emb_logo<\/p>\n<p>&nbsp;<\/p>\n<p>&nbsp;<\/p>\n<p><strong>Defesa<\/strong><\/p>\n<p>Senadora Leila Barros pelo DF destaca o projeto de Lei 550, que j\u00e1 foi pautado dezenas de vezes, mas ainda n\u00e3o foi votado na C\u00e2mara. Esse projeto altera a Lei n\u00ba 12.334, de 20 de setembro de 2010, trata da Pol\u00edtica Nacional de Seguran\u00e7a de Barragens, oferecendo \u00e0 popula\u00e7\u00e3o prote\u00e7\u00e3o contra os desastres, como os que aconteceram em Mariana e Brumadinho, por exemplo.<\/p>\n<figure id=\"attachment_13462\" aria-describedby=\"caption-attachment-13462\" style=\"width: 549px\" class=\"wp-caption aligncenter\"><img loading=\"lazy\" decoding=\"async\" class=\" wp-image-13462\" src=\"https:\/\/blogs2.correiobraziliense.com.br\/aricunha\/wp-content\/uploads\/sites\/13\/2019\/02\/selo_como-funciona-a-barragem.jpg\" alt=\"\" width=\"549\" height=\"309\" srcset=\"https:\/\/blogs2.correiobraziliense.com.br\/aricunha\/wp-content\/uploads\/sites\/13\/2019\/02\/selo_como-funciona-a-barragem.jpg 1000w, https:\/\/blogs2.correiobraziliense.com.br\/aricunha\/wp-content\/uploads\/sites\/13\/2019\/02\/selo_como-funciona-a-barragem-300x169.jpg 300w, https:\/\/blogs2.correiobraziliense.com.br\/aricunha\/wp-content\/uploads\/sites\/13\/2019\/02\/selo_como-funciona-a-barragem-768x432.jpg 768w, https:\/\/blogs2.correiobraziliense.com.br\/aricunha\/wp-content\/uploads\/sites\/13\/2019\/02\/selo_como-funciona-a-barragem-350x197.jpg 350w, https:\/\/blogs2.correiobraziliense.com.br\/aricunha\/wp-content\/uploads\/sites\/13\/2019\/02\/selo_como-funciona-a-barragem-550x310.jpg 550w, https:\/\/blogs2.correiobraziliense.com.br\/aricunha\/wp-content\/uploads\/sites\/13\/2019\/02\/selo_como-funciona-a-barragem-230x129.jpg 230w\" sizes=\"auto, (max-width: 549px) 100vw, 549px\" \/><figcaption id=\"caption-attachment-13462\" class=\"wp-caption-text\">Foto: Editoria de Arte\/G1<\/figcaption><\/figure>\n<p>&nbsp;<\/p>\n<p>&nbsp;<\/p>\n<p><strong>Falta vigil\u00e2ncia<\/strong><\/p>\n<p>Ao longo da L2 Sul, muitas cl\u00ednicas e hospitais obrigam os pacientes a estacionarem em local sem prote\u00e7\u00e3o alguma. Quadrilhas quebram os vidros dos autom\u00f3veis para furtar qualquer objeto que tenha sido deixado dentro do carro. A \u00fanica possibilidade depois disso \u00e9 registrar um Boletim de Ocorr\u00eancia. S\u00f3.<\/p>\n<figure id=\"attachment_15832\" aria-describedby=\"caption-attachment-15832\" style=\"width: 546px\" class=\"wp-caption aligncenter\"><img loading=\"lazy\" decoding=\"async\" class=\" wp-image-15832\" src=\"https:\/\/blogs2.correiobraziliense.com.br\/aricunha\/wp-content\/uploads\/sites\/13\/2020\/01\/images-1.jpg\" alt=\"\" width=\"546\" height=\"299\" srcset=\"https:\/\/blogs2.correiobraziliense.com.br\/aricunha\/wp-content\/uploads\/sites\/13\/2020\/01\/images-1.jpg 303w, https:\/\/blogs2.correiobraziliense.com.br\/aricunha\/wp-content\/uploads\/sites\/13\/2020\/01\/images-1-300x164.jpg 300w, https:\/\/blogs2.correiobraziliense.com.br\/aricunha\/wp-content\/uploads\/sites\/13\/2020\/01\/images-1-230x126.jpg 230w\" sizes=\"auto, (max-width: 546px) 100vw, 546px\" \/><figcaption id=\"caption-attachment-15832\" class=\"wp-caption-text\">Foto: Arquivo Pessoal (correiobraziliense.com)<\/figcaption><\/figure>\n<p>&nbsp;<\/p>\n<p>&nbsp;<\/p>\n<p><strong>HIST\u00d3RIA DE BRAS\u00cdLIA<\/strong><\/p>\n<p>Em companhia do porteiro do hotel, os candangos aprisionaram o animalzinho, que teria vindo, provavelmente, da \u00e1rea onde se localizar\u00e1, futuramente, o J\u00f3quei Clube. <strong>(Publicado em 15\/12\/1961)<\/strong><\/p>\n","protected":false},"excerpt":{"rendered":"<p>VISTO, LIDO E OUVIDO, criada por Ari Cunha (In memoriam) Desde 1960, com Circe Cunha e Mamfil jornalistacircecunha@gmail.com Facebook.com\/vistolidoeouvido Instagram.com\/vistolidoeouvido &nbsp; &nbsp; Em epis\u00f3dios cotidianos, como s\u00e3o os casos dos recorrentes processos de licita\u00e7\u00e3o para a aquisi\u00e7\u00e3o de g\u00eaneros aliment\u00edcios fin\u00edssimos, elaborados por muitas institui\u00e7\u00f5es e que incluem vinhos famosos, lagostas e outros acepipes requintados, [&hellip;]<\/p>\n","protected":false},"author":34,"featured_media":15834,"comment_status":"open","ping_status":"open","sticky":false,"template":"","format":"standard","meta":{"wpb_read_more":[],"footnotes":""},"categories":[23],"tags":[2058,454,2048,1466,114,2059,288,68,2,69,16],"class_list":["post-15831","post","type-post","status-publish","format-standard","has-post-thumbnail","hentry","category-integra","tag-autonomiaorcamentaria","tag-corrupcaonobrasil","tag-desviodedinheiropublico","tag-gastospublicos","tag-historiadebrasilia","tag-luxonapolitica","tag-politicosnobrasil","tag-aricunha","tag-brasilia","tag-circecunha","tag-mamfil"],"_links":{"self":[{"href":"https:\/\/blogs2.correiobraziliense.com.br\/aricunha\/wp-json\/wp\/v2\/posts\/15831","targetHints":{"allow":["GET"]}}],"collection":[{"href":"https:\/\/blogs2.correiobraziliense.com.br\/aricunha\/wp-json\/wp\/v2\/posts"}],"about":[{"href":"https:\/\/blogs2.correiobraziliense.com.br\/aricunha\/wp-json\/wp\/v2\/types\/post"}],"author":[{"embeddable":true,"href":"https:\/\/blogs2.correiobraziliense.com.br\/aricunha\/wp-json\/wp\/v2\/users\/34"}],"replies":[{"embeddable":true,"href":"https:\/\/blogs2.correiobraziliense.com.br\/aricunha\/wp-json\/wp\/v2\/comments?post=15831"}],"version-history":[{"count":2,"href":"https:\/\/blogs2.correiobraziliense.com.br\/aricunha\/wp-json\/wp\/v2\/posts\/15831\/revisions"}],"predecessor-version":[{"id":15835,"href":"https:\/\/blogs2.correiobraziliense.com.br\/aricunha\/wp-json\/wp\/v2\/posts\/15831\/revisions\/15835"}],"wp:featuredmedia":[{"embeddable":true,"href":"https:\/\/blogs2.correiobraziliense.com.br\/aricunha\/wp-json\/wp\/v2\/media\/15834"}],"wp:attachment":[{"href":"https:\/\/blogs2.correiobraziliense.com.br\/aricunha\/wp-json\/wp\/v2\/media?parent=15831"}],"wp:term":[{"taxonomy":"category","embeddable":true,"href":"https:\/\/blogs2.correiobraziliense.com.br\/aricunha\/wp-json\/wp\/v2\/categories?post=15831"},{"taxonomy":"post_tag","embeddable":true,"href":"https:\/\/blogs2.correiobraziliense.com.br\/aricunha\/wp-json\/wp\/v2\/tags?post=15831"}],"curies":[{"name":"wp","href":"https:\/\/api.w.org\/{rel}","templated":true}]}}