{"id":15837,"date":"2020-02-01T01:00:07","date_gmt":"2020-02-01T04:00:07","guid":{"rendered":"https:\/\/blogs2.correiobraziliense.com.br\/aricunha\/?p=15837"},"modified":"2020-01-29T23:00:06","modified_gmt":"2020-01-30T02:00:06","slug":"uma-batalha-entre-titas","status":"publish","type":"post","link":"https:\/\/blogs2.correiobraziliense.com.br\/aricunha\/uma-batalha-entre-titas\/","title":{"rendered":"Uma batalha entre tit\u00e3s"},"content":{"rendered":"<p>VISTO, LIDO E OUVIDO, criada por Ari Cunha (In memoriam)<\/p>\n<p>Desde 1960, com Circe Cunha e Mamfil<\/p>\n<p>jornalistacircecunha@gmail.com<\/p>\n<p>Facebook.com\/vistolidoeouvido<\/p>\n<p>Instagram.com\/vistolidoeouvido<\/p>\n<p>&nbsp;<\/p>\n<figure id=\"attachment_15838\" aria-describedby=\"caption-attachment-15838\" style=\"width: 766px\" class=\"wp-caption aligncenter\"><img loading=\"lazy\" decoding=\"async\" class=\" wp-image-15838\" src=\"https:\/\/blogs2.correiobraziliense.com.br\/aricunha\/wp-content\/uploads\/sites\/13\/2020\/01\/20191128235301863977e.jpg\" alt=\"\" width=\"766\" height=\"285\" srcset=\"https:\/\/blogs2.correiobraziliense.com.br\/aricunha\/wp-content\/uploads\/sites\/13\/2020\/01\/20191128235301863977e.jpg 675w, https:\/\/blogs2.correiobraziliense.com.br\/aricunha\/wp-content\/uploads\/sites\/13\/2020\/01\/20191128235301863977e-300x112.jpg 300w, https:\/\/blogs2.correiobraziliense.com.br\/aricunha\/wp-content\/uploads\/sites\/13\/2020\/01\/20191128235301863977e-350x130.jpg 350w, https:\/\/blogs2.correiobraziliense.com.br\/aricunha\/wp-content\/uploads\/sites\/13\/2020\/01\/20191128235301863977e-550x205.jpg 550w, https:\/\/blogs2.correiobraziliense.com.br\/aricunha\/wp-content\/uploads\/sites\/13\/2020\/01\/20191128235301863977e-230x86.jpg 230w\" sizes=\"auto, (max-width: 766px) 100vw, 766px\" \/><figcaption id=\"caption-attachment-15838\" class=\"wp-caption-text\">O Centrad foi constru\u00eddo para abrigar todos os \u00f3rg\u00e3os p\u00fablicos do GDF (Foto: Breno Fortes\/CB\/D.A Press)<\/figcaption><\/figure>\n<p>&nbsp;<\/p>\n<p>Das m\u00faltiplas consequ\u00eancias da corrup\u00e7\u00e3o, e talvez a mais delet\u00e9ria, \u00e9 que seus efeitos nocivos se prolongam por anos, causando mais estragos \u00e0 medida em que as Cortes n\u00e3o conseguem, em tempo h\u00e1bil, p\u00f4r um ponto final nesses processos, devido n\u00e3o apenas \u00e0 morosidade da justi\u00e7a e \u00e0 possibilidade infinita de medidas recursais, mas, sobretudo, em raz\u00e3o do poder econ\u00f4mico, que geralmente possuem os indiv\u00edduos e empresas envolvidos nesses casos.<\/p>\n<p>Essa \u00e9 a realidade da maioria dos casos envolvendo grandes somas de dinheiro, normalmente provenientes dos cofres p\u00fablicos, ou seja:\u00a0 recursos dos cidad\u00e3os. Todos os brasileiros v\u00eam acompanhando com aten\u00e7\u00e3o as manobras para neutralizar a for\u00e7a tarefa do Minist\u00e9rio P\u00fablico de Curitiba, onde est\u00e3o os volumosos processos da Opera\u00e7\u00e3o lava Jato.<\/p>\n<p>\u00c9 preciso, al\u00e9m de processar, reaver essa f\u00e1bula de dinheiro que foi subtra\u00edda dos cofres da Uni\u00e3o. Trata-se de uma luta herc\u00falea contra um ex\u00e9rcito dos mais caros advogados do pa\u00eds, contra a oposi\u00e7\u00e3o pol\u00edtica e contra a velha ordem que sempre controlou o Brasil, como uma propriedade particular.<\/p>\n<p>\u00c9 gra\u00e7as \u00e0 luta desses pequenos e solit\u00e1rios Dom Quixotes, que os moinhos da corrup\u00e7\u00e3o v\u00eam sendo postos a baixo, para o g\u00e1udio da popula\u00e7\u00e3o que passou a enxergar nesses cavaleiros, talvez a \u00faltima esperan\u00e7a de reconstruir um pa\u00eds justo e igualit\u00e1rio.<\/p>\n<p>Aqui mesmo em Bras\u00edlia, em decorr\u00eancia direta da chamada maioridade pol\u00edtica, empres\u00e1rios e pol\u00edticos locais uniram esfor\u00e7os para copiar esse modelo criminoso que grassava pelo pa\u00eds, introduzindo na capital o fen\u00f4meno da corrup\u00e7\u00e3o em larga escala. Exemplo material dessa sanha pode ser visualizado nas duas maiores obras erguidas na cidade. O Est\u00e1dio Nacional Man\u00e9 Garrincha e o Centro Administrativo \u2013 Centrad, em Taguatinga. O primeiro, or\u00e7ado inicialmente em R$ 6,9 milh\u00f5es, custaria aos contribuintes, quando concluso, R$ 1,9 bilh\u00e3o, dos quais mais de R$ 600 milh\u00f5es foram apontados como superfaturamento, pagamento de propina e outros desvios, sendo ent\u00e3o o mais caro est\u00e1dio da Copa de 14 e um dos mais caros do planeta. De quebra, deixou uma despesa mensal de R$ 2,2 milh\u00f5es mensais somente na conta de \u00e1gua, fora outras despesas como luz e conserva\u00e7\u00e3o. Isso numa cidade sem tradi\u00e7\u00e3o ou times de ponta no futebol.<\/p>\n<p>Foi preciso implorar para que os empres\u00e1rios assumissem o comando do elefante branco de concreto armado. O mesmo se sucedeu com o Centrad que custou mais de R$ 1 bilh\u00e3o dos contribuintes e cujo o valor global da Parceria P\u00fablico-Privada (PPP) foi estimado em R$ 6 bilh\u00f5es, dividido em parcelas mensais de R$ 12,6 milh\u00f5es ao longo de 22 anos.<\/p>\n<p>Entregue em 2014, a obra mastod\u00f4ntica ainda est\u00e1 vazia e necessita de diversos ajustamentos junto \u00e0 justi\u00e7a para ser entregue ao GDF. Tamb\u00e9m nessa obra gigantesca, espalhada por 180 metros quadrados, o Minist\u00e9rio P\u00fablico detectou o pagamento de propinas e outras vantagens indevidas a pol\u00edticos, empres\u00e1rios e a legendas partid\u00e1rias locais tanto pela not\u00f3ria Odebrecht como atrav\u00e9s da Via Engenharia.<\/p>\n<p>Mesmo fechada, essa obra produz custos mensais n\u00e3o informados ao contribuinte, o que deve perdurar, j\u00e1 que essa obra est\u00e1 emaranhada em mais de 60 processos que correm na justi\u00e7a em diversas inst\u00e2ncias.<\/p>\n<p>Obviamente que os respons\u00e1veis diretos por essas duas obras esperam, com a ajuda da banca milion\u00e1ria de advogados e com a morosidade da justi\u00e7a, que esses crimes prescrevam e que a conta seja paga em sua integralidade pelos contribuintes da capital.<\/p>\n<p>&nbsp;<\/p>\n<p>&nbsp;<\/p>\n<p>&nbsp;<\/p>\n<p><strong>A frase que foi pronunciada:<\/strong><\/p>\n<p><em>\u201cA sociedade se divide em duas classes: os que t\u00eam mais refei\u00e7\u00f5es do que apetite e os que t\u00eam mais apetite do que refei\u00e7\u00f5es.\u201d<\/em><\/p>\n<p>S\u00e9bastien Roch Nicolas Chamfort foi um poeta, jornalista, humorista e moralista franc\u00eas<\/p>\n<figure id=\"attachment_12483\" aria-describedby=\"caption-attachment-12483\" style=\"width: 552px\" class=\"wp-caption aligncenter\"><img loading=\"lazy\" decoding=\"async\" class=\" wp-image-12483\" src=\"https:\/\/blogs2.correiobraziliense.com.br\/aricunha\/wp-content\/uploads\/sites\/13\/2018\/10\/governo-e-povo.png\" alt=\"\" width=\"552\" height=\"276\" srcset=\"https:\/\/blogs2.correiobraziliense.com.br\/aricunha\/wp-content\/uploads\/sites\/13\/2018\/10\/governo-e-povo.png 700w, https:\/\/blogs2.correiobraziliense.com.br\/aricunha\/wp-content\/uploads\/sites\/13\/2018\/10\/governo-e-povo-300x150.png 300w, https:\/\/blogs2.correiobraziliense.com.br\/aricunha\/wp-content\/uploads\/sites\/13\/2018\/10\/governo-e-povo-350x175.png 350w, https:\/\/blogs2.correiobraziliense.com.br\/aricunha\/wp-content\/uploads\/sites\/13\/2018\/10\/governo-e-povo-550x275.png 550w, https:\/\/blogs2.correiobraziliense.com.br\/aricunha\/wp-content\/uploads\/sites\/13\/2018\/10\/governo-e-povo-230x115.png 230w\" sizes=\"auto, (max-width: 552px) 100vw, 552px\" \/><figcaption id=\"caption-attachment-12483\" class=\"wp-caption-text\">Charge: pt.aleteia.org<\/figcaption><\/figure>\n<p>&nbsp;<\/p>\n<p>&nbsp;<\/p>\n<p><strong>Propriedade Intelectual<\/strong><\/p>\n<p>Incubadoras de universidades t\u00eam feito trabalhos interessantes e nem sempre bem aproveitados. Em um pa\u00eds onde uma inven\u00e7\u00e3o leva 10 anos para receber patente, nota-se que o est\u00edmulo governamental \u00e9 zero. Justamente o oposto ocorre em pa\u00edses desenvolvidos.<\/p>\n<figure id=\"attachment_15840\" aria-describedby=\"caption-attachment-15840\" style=\"width: 548px\" class=\"wp-caption aligncenter\"><img loading=\"lazy\" decoding=\"async\" class=\" wp-image-15840\" src=\"https:\/\/blogs2.correiobraziliense.com.br\/aricunha\/wp-content\/uploads\/sites\/13\/2020\/02\/Capturar.jpg\" alt=\"\" width=\"548\" height=\"264\" srcset=\"https:\/\/blogs2.correiobraziliense.com.br\/aricunha\/wp-content\/uploads\/sites\/13\/2020\/02\/Capturar.jpg 694w, https:\/\/blogs2.correiobraziliense.com.br\/aricunha\/wp-content\/uploads\/sites\/13\/2020\/02\/Capturar-300x144.jpg 300w, https:\/\/blogs2.correiobraziliense.com.br\/aricunha\/wp-content\/uploads\/sites\/13\/2020\/02\/Capturar-350x168.jpg 350w, https:\/\/blogs2.correiobraziliense.com.br\/aricunha\/wp-content\/uploads\/sites\/13\/2020\/02\/Capturar-550x265.jpg 550w, https:\/\/blogs2.correiobraziliense.com.br\/aricunha\/wp-content\/uploads\/sites\/13\/2020\/02\/Capturar-230x111.jpg 230w\" sizes=\"auto, (max-width: 548px) 100vw, 548px\" \/><figcaption id=\"caption-attachment-15840\" class=\"wp-caption-text\">Foto: aintec.com<\/figcaption><\/figure>\n<p>&nbsp;<\/p>\n<p>&nbsp;<\/p>\n<p><strong>Registro<\/strong><\/p>\n<p>\u00c9 bom que fique registrado: apenas dois senadores tiveram 100% de presen\u00e7a no trabalho em 2019. Senador Reguffe, pelo DF, e senador Gir\u00e3o, do Cear\u00e1.<\/p>\n<figure id=\"attachment_12634\" aria-describedby=\"caption-attachment-12634\" style=\"width: 547px\" class=\"wp-caption aligncenter\"><img loading=\"lazy\" decoding=\"async\" class=\" wp-image-12634\" src=\"https:\/\/blogs2.correiobraziliense.com.br\/aricunha\/wp-content\/uploads\/sites\/13\/2018\/11\/imagem_materia.jpg\" alt=\"\" width=\"547\" height=\"363\" srcset=\"https:\/\/blogs2.correiobraziliense.com.br\/aricunha\/wp-content\/uploads\/sites\/13\/2018\/11\/imagem_materia.jpg 860w, https:\/\/blogs2.correiobraziliense.com.br\/aricunha\/wp-content\/uploads\/sites\/13\/2018\/11\/imagem_materia-300x199.jpg 300w, https:\/\/blogs2.correiobraziliense.com.br\/aricunha\/wp-content\/uploads\/sites\/13\/2018\/11\/imagem_materia-768x509.jpg 768w, https:\/\/blogs2.correiobraziliense.com.br\/aricunha\/wp-content\/uploads\/sites\/13\/2018\/11\/imagem_materia-350x232.jpg 350w, https:\/\/blogs2.correiobraziliense.com.br\/aricunha\/wp-content\/uploads\/sites\/13\/2018\/11\/imagem_materia-550x365.jpg 550w, https:\/\/blogs2.correiobraziliense.com.br\/aricunha\/wp-content\/uploads\/sites\/13\/2018\/11\/imagem_materia-230x152.jpg 230w\" sizes=\"auto, (max-width: 547px) 100vw, 547px\" \/><figcaption id=\"caption-attachment-12634\" class=\"wp-caption-text\">Senador Reguffe. Foto: Waldemir Barreto\/Ag\u00eancia Senado<\/figcaption><\/figure>\n<p>&nbsp;<\/p>\n<figure id=\"attachment_15841\" aria-describedby=\"caption-attachment-15841\" style=\"width: 548px\" class=\"wp-caption aligncenter\"><img loading=\"lazy\" decoding=\"async\" class=\" wp-image-15841\" src=\"https:\/\/blogs2.correiobraziliense.com.br\/aricunha\/wp-content\/uploads\/sites\/13\/2020\/02\/imagem_materia.jpg\" alt=\"\" width=\"548\" height=\"363\" srcset=\"https:\/\/blogs2.correiobraziliense.com.br\/aricunha\/wp-content\/uploads\/sites\/13\/2020\/02\/imagem_materia.jpg 860w, https:\/\/blogs2.correiobraziliense.com.br\/aricunha\/wp-content\/uploads\/sites\/13\/2020\/02\/imagem_materia-300x199.jpg 300w, https:\/\/blogs2.correiobraziliense.com.br\/aricunha\/wp-content\/uploads\/sites\/13\/2020\/02\/imagem_materia-768x509.jpg 768w, https:\/\/blogs2.correiobraziliense.com.br\/aricunha\/wp-content\/uploads\/sites\/13\/2020\/02\/imagem_materia-350x232.jpg 350w, https:\/\/blogs2.correiobraziliense.com.br\/aricunha\/wp-content\/uploads\/sites\/13\/2020\/02\/imagem_materia-550x365.jpg 550w, https:\/\/blogs2.correiobraziliense.com.br\/aricunha\/wp-content\/uploads\/sites\/13\/2020\/02\/imagem_materia-230x152.jpg 230w\" sizes=\"auto, (max-width: 548px) 100vw, 548px\" \/><figcaption id=\"caption-attachment-15841\" class=\"wp-caption-text\">Senador Gir\u00e3o. Foto: Marcos Oliveira\/Ag\u00eancia Senado<\/figcaption><\/figure>\n<p>&nbsp;<\/p>\n<p>&nbsp;<\/p>\n<p><strong>Licen\u00e7a maternidade<\/strong><\/p>\n<p>Houve ganho de causa em tribunal onde a m\u00e3e de um rec\u00e9m-nascido, que ficou internado em UTI, precisou estender a licen\u00e7a pelo princ\u00edpio do melhor interesse da crian\u00e7a.<\/p>\n<figure id=\"attachment_15842\" aria-describedby=\"caption-attachment-15842\" style=\"width: 551px\" class=\"wp-caption aligncenter\"><img loading=\"lazy\" decoding=\"async\" class=\" wp-image-15842\" src=\"https:\/\/blogs2.correiobraziliense.com.br\/aricunha\/wp-content\/uploads\/sites\/13\/2020\/02\/quintuplos2.jpg\" alt=\"\" width=\"551\" height=\"373\" srcset=\"https:\/\/blogs2.correiobraziliense.com.br\/aricunha\/wp-content\/uploads\/sites\/13\/2020\/02\/quintuplos2.jpg 984w, https:\/\/blogs2.correiobraziliense.com.br\/aricunha\/wp-content\/uploads\/sites\/13\/2020\/02\/quintuplos2-300x203.jpg 300w, https:\/\/blogs2.correiobraziliense.com.br\/aricunha\/wp-content\/uploads\/sites\/13\/2020\/02\/quintuplos2-768x521.jpg 768w, https:\/\/blogs2.correiobraziliense.com.br\/aricunha\/wp-content\/uploads\/sites\/13\/2020\/02\/quintuplos2-350x237.jpg 350w, https:\/\/blogs2.correiobraziliense.com.br\/aricunha\/wp-content\/uploads\/sites\/13\/2020\/02\/quintuplos2-550x373.jpg 550w, https:\/\/blogs2.correiobraziliense.com.br\/aricunha\/wp-content\/uploads\/sites\/13\/2020\/02\/quintuplos2-230x156.jpg 230w\" sizes=\"auto, (max-width: 551px) 100vw, 551px\" \/><figcaption id=\"caption-attachment-15842\" class=\"wp-caption-text\">Foto: Hospital da Universidade de Utah\/AP<\/figcaption><\/figure>\n<p>&nbsp;<\/p>\n<p>&nbsp;<\/p>\n<p><strong>HIST\u00d3RIA DE BRAS\u00cdLIA<\/strong><\/p>\n<p>O embaixador da Cor\u00e9ia chegou a Bras\u00edlia \u00e0 noite, para apresentar credenciais no dia seguinte. Durante mais de meia hora, a DAC ficou chamando o funcion\u00e1rio do Itamarati encarregado da recep\u00e7\u00e3o, e n\u00e3o apareceu ningu\u00e9m. <strong>(Publicado em 15\/12\/1961)<\/strong><\/p>\n","protected":false},"excerpt":{"rendered":"<p>VISTO, LIDO E OUVIDO, criada por Ari Cunha (In memoriam) Desde 1960, com Circe Cunha e Mamfil jornalistacircecunha@gmail.com Facebook.com\/vistolidoeouvido Instagram.com\/vistolidoeouvido &nbsp; &nbsp; Das m\u00faltiplas consequ\u00eancias da corrup\u00e7\u00e3o, e talvez a mais delet\u00e9ria, \u00e9 que seus efeitos nocivos se prolongam por anos, causando mais estragos \u00e0 medida em que as Cortes n\u00e3o conseguem, em tempo h\u00e1bil, [&hellip;]<\/p>\n","protected":false},"author":34,"featured_media":15838,"comment_status":"open","ping_status":"open","sticky":false,"template":"","format":"standard","meta":{"wpb_read_more":[],"footnotes":""},"categories":[23],"tags":[1659,287,2048,826,277,114,2061,1502,946,2060,2062,68,2,69,16],"class_list":["post-15837","post","type-post","status-publish","format-standard","has-post-thumbnail","hentry","category-integra","tag-centrad","tag-corrupcao","tag-desviodedinheiropublico","tag-estadionacionalmanegarrincha","tag-gdf","tag-historiadebrasilia","tag-ministeriopublicodecuritiba","tag-odebrecht","tag-operacaolavajato","tag-superfaturamento","tag-viaengenharia","tag-aricunha","tag-brasilia","tag-circecunha","tag-mamfil"],"_links":{"self":[{"href":"https:\/\/blogs2.correiobraziliense.com.br\/aricunha\/wp-json\/wp\/v2\/posts\/15837","targetHints":{"allow":["GET"]}}],"collection":[{"href":"https:\/\/blogs2.correiobraziliense.com.br\/aricunha\/wp-json\/wp\/v2\/posts"}],"about":[{"href":"https:\/\/blogs2.correiobraziliense.com.br\/aricunha\/wp-json\/wp\/v2\/types\/post"}],"author":[{"embeddable":true,"href":"https:\/\/blogs2.correiobraziliense.com.br\/aricunha\/wp-json\/wp\/v2\/users\/34"}],"replies":[{"embeddable":true,"href":"https:\/\/blogs2.correiobraziliense.com.br\/aricunha\/wp-json\/wp\/v2\/comments?post=15837"}],"version-history":[{"count":2,"href":"https:\/\/blogs2.correiobraziliense.com.br\/aricunha\/wp-json\/wp\/v2\/posts\/15837\/revisions"}],"predecessor-version":[{"id":15843,"href":"https:\/\/blogs2.correiobraziliense.com.br\/aricunha\/wp-json\/wp\/v2\/posts\/15837\/revisions\/15843"}],"wp:featuredmedia":[{"embeddable":true,"href":"https:\/\/blogs2.correiobraziliense.com.br\/aricunha\/wp-json\/wp\/v2\/media\/15838"}],"wp:attachment":[{"href":"https:\/\/blogs2.correiobraziliense.com.br\/aricunha\/wp-json\/wp\/v2\/media?parent=15837"}],"wp:term":[{"taxonomy":"category","embeddable":true,"href":"https:\/\/blogs2.correiobraziliense.com.br\/aricunha\/wp-json\/wp\/v2\/categories?post=15837"},{"taxonomy":"post_tag","embeddable":true,"href":"https:\/\/blogs2.correiobraziliense.com.br\/aricunha\/wp-json\/wp\/v2\/tags?post=15837"}],"curies":[{"name":"wp","href":"https:\/\/api.w.org\/{rel}","templated":true}]}}