{"id":15975,"date":"2020-02-21T00:00:44","date_gmt":"2020-02-21T03:00:44","guid":{"rendered":"https:\/\/blogs2.correiobraziliense.com.br\/aricunha\/?p=15975"},"modified":"2020-02-21T00:31:04","modified_gmt":"2020-02-21T03:31:04","slug":"indole-dos-poderes","status":"publish","type":"post","link":"https:\/\/blogs2.correiobraziliense.com.br\/aricunha\/indole-dos-poderes\/","title":{"rendered":"\u00cdndole dos poderes"},"content":{"rendered":"<p>VISTO, LIDO E OUVIDO, criada por Ari Cunha (In memoriam)<\/p>\n<p>Desde 1960, com Circe Cunha e Mamfil<\/p>\n<p>jornalistacircecunha@gmail.com<\/p>\n<p>Facebook.com\/vistolidoeouvido<\/p>\n<p>Instagram.com\/vistolidoeouvido<\/p>\n<p>&nbsp;<\/p>\n<figure id=\"attachment_15978\" aria-describedby=\"caption-attachment-15978\" style=\"width: 640px\" class=\"wp-caption aligncenter\"><img loading=\"lazy\" decoding=\"async\" class=\"size-full wp-image-15978\" src=\"https:\/\/blogs2.correiobraziliense.com.br\/aricunha\/wp-content\/uploads\/sites\/13\/2020\/02\/nova-rela\u00e7\u00e3o-de-poderes-no-Brasil.jpg\" alt=\"\" width=\"640\" height=\"464\" srcset=\"https:\/\/blogs2.correiobraziliense.com.br\/aricunha\/wp-content\/uploads\/sites\/13\/2020\/02\/nova-rela\u00e7\u00e3o-de-poderes-no-Brasil.jpg 640w, https:\/\/blogs2.correiobraziliense.com.br\/aricunha\/wp-content\/uploads\/sites\/13\/2020\/02\/nova-rela\u00e7\u00e3o-de-poderes-no-Brasil-300x218.jpg 300w, https:\/\/blogs2.correiobraziliense.com.br\/aricunha\/wp-content\/uploads\/sites\/13\/2020\/02\/nova-rela\u00e7\u00e3o-de-poderes-no-Brasil-350x254.jpg 350w, https:\/\/blogs2.correiobraziliense.com.br\/aricunha\/wp-content\/uploads\/sites\/13\/2020\/02\/nova-rela\u00e7\u00e3o-de-poderes-no-Brasil-550x399.jpg 550w, https:\/\/blogs2.correiobraziliense.com.br\/aricunha\/wp-content\/uploads\/sites\/13\/2020\/02\/nova-rela\u00e7\u00e3o-de-poderes-no-Brasil-230x167.jpg 230w\" sizes=\"auto, (max-width: 640px) 100vw, 640px\" \/><figcaption id=\"caption-attachment-15978\" class=\"wp-caption-text\">Charge do Amarildo<\/figcaption><\/figure>\n<p>&nbsp;<\/p>\n<p>H\u00e1 muito que se sabe que o meio mais eficaz para aferir o car\u00e1ter de um indiv\u00edduo \u00e9 dado pelo acesso ao poder. Quanto mais poder, mais a pessoa vai revelando o que traz dentro de si, para o bem ou para o mal.<\/p>\n<p>Normalmente, a maioria das pessoas se revela logo nos primeiros degraus de acesso ao poder, colocando para fora o monstro escondido da opress\u00e3o e do mandonismo. Um pequeno e seleto grupo, no entanto, \u00e9 capaz de usar as facilidades do poder apenas para distribuir benesses, propiciando harmonia e paz a todos.<\/p>\n<p>Esse m\u00e9todo serve tanto para os indiv\u00edduos, como para as institui\u00e7\u00f5es. \u00c9 justamente o que temos assistido com rela\u00e7\u00e3o aos Poderes da Rep\u00fablica, nesses \u00faltimos anos, com o Legislativo, Executivo e Judici\u00e1rio, cada um \u00e0 sua maneira, testando at\u00e9 onde podem ir avan\u00e7ar, al\u00e9m da linha tra\u00e7ada pela Constitui\u00e7\u00e3o de 1988.<\/p>\n<p>Para alguns estudiosos desse fen\u00f4meno, essa disputa aberta que vem sendo travada pelos Poderes do Estado para conferir quem decide os rumos do pa\u00eds, tem se intensificando muito nos \u00faltimos anos. N\u00e3o surpreende que esses entreveros havidos entre os poderes vem gerando crises institucionais frequentes e cada vez mais s\u00e9rias.<\/p>\n<p>Esses desarranjos t\u00eam, segundo acreditam cientistas pol\u00edticos, aumentado paralelamente \u00e0 medida em que crescem os gastos com a manuten\u00e7\u00e3o de cada um desses entes do Estado. No caso espec\u00edfico do Congresso e do Judici\u00e1rio, a autonomia sem limites na formula\u00e7\u00e3o dos pr\u00f3prios or\u00e7amentos tem, al\u00e9m de provocar distor\u00e7\u00f5es que v\u00e3o contra o bom senso, servido como combust\u00edvel para disputas p\u00fablicas que acabam revelando para todos o car\u00e1ter de cada uma dessas institui\u00e7\u00f5es.<\/p>\n<p>O fundo partid\u00e1rio e o absurdo fundo eleitoral s\u00e3o algumas dessas medidas extraordin\u00e1rias que revelam o car\u00e1ter do Legislativo atual. O mesmo vale para coisas comezinhas como a recente lista divulgada pelo Supremo, para a abertura de licita\u00e7\u00e3o de compras de lagostas e vinhos premiados para o deguste de suas excel\u00eancias. Somado ao poder legal que a Carta de 88 conferiu e delimitou para cada uma dessas institui\u00e7\u00f5es, o poder de confeccionarem os gastos anuais, muito al\u00e9m da realidade nacional e de modo absolutamente dilapidador, tem mostrado o quanto esses poderes distorcem e aleijam o princ\u00edpio da racionalidade e mesmo da moralidade p\u00fablica.<\/p>\n<p>Agora a disputa aberta pela C\u00e2mara dos Deputados contra o Pal\u00e1cio do Planalto pelo chamado or\u00e7amento impositivo e que daria, de uma s\u00f3 tacada, ao Poder Legislativo, o controle sobre R$ 30 bilh\u00f5es do dinheiro p\u00fablico a serem aplicados nas bases desses pol\u00edticos e que, obviamente, passariam inclusive pelo filtro de cada uma das legendas envolvidas nessas transfer\u00eancias, d\u00e1 o tom desse descontrole na aplica\u00e7\u00e3o dos recursos do Tesouro.<\/p>\n<p>Com isso, vai ficando cada vez mais claro para todos a \u00edndole de cada uma dessas institui\u00e7\u00f5es da Rep\u00fablica, que nada mais \u00e9 do que a \u00edndole daqueles que momentaneamente est\u00e3o \u00e0 frente desses poderes.<\/p>\n<p>&nbsp;<\/p>\n<p>&nbsp;<\/p>\n<p>&nbsp;<\/p>\n<p><strong>A frase que foi pronunciada:<\/strong><\/p>\n<p><em>\u201cTodas as coisas est\u00e3o sujeitas a interpreta\u00e7\u00e3o, a que prevalecer em um determinado momento \u00e9 fun\u00e7\u00e3o do poder e n\u00e3o da verdade.\u201d<\/em><\/p>\n<p>Friedrich Nietzsche, fil\u00f3sofo, fil\u00f3logo, cr\u00edtico cultural, poeta e compositor prussiano do s\u00e9culo XIX, nascido na atual Alemanha.<\/p>\n<figure id=\"attachment_15979\" aria-describedby=\"caption-attachment-15979\" style=\"width: 444px\" class=\"wp-caption aligncenter\"><img loading=\"lazy\" decoding=\"async\" class=\" wp-image-15979\" src=\"https:\/\/blogs2.correiobraziliense.com.br\/aricunha\/wp-content\/uploads\/sites\/13\/2020\/02\/friedrich-nietzsche-2-l-1-1-1-1-1-1.jpg\" alt=\"\" width=\"444\" height=\"667\" srcset=\"https:\/\/blogs2.correiobraziliense.com.br\/aricunha\/wp-content\/uploads\/sites\/13\/2020\/02\/friedrich-nietzsche-2-l-1-1-1-1-1-1.jpg 480w, https:\/\/blogs2.correiobraziliense.com.br\/aricunha\/wp-content\/uploads\/sites\/13\/2020\/02\/friedrich-nietzsche-2-l-1-1-1-1-1-1-200x300.jpg 200w, https:\/\/blogs2.correiobraziliense.com.br\/aricunha\/wp-content\/uploads\/sites\/13\/2020\/02\/friedrich-nietzsche-2-l-1-1-1-1-1-1-233x350.jpg 233w, https:\/\/blogs2.correiobraziliense.com.br\/aricunha\/wp-content\/uploads\/sites\/13\/2020\/02\/friedrich-nietzsche-2-l-1-1-1-1-1-1-230x345.jpg 230w\" sizes=\"auto, (max-width: 444px) 100vw, 444px\" \/><figcaption id=\"caption-attachment-15979\" class=\"wp-caption-text\">Foto: Wikipedia<\/figcaption><\/figure>\n<p>&nbsp;<\/p>\n<p><strong>Minist\u00e9rio P\u00fablico\u00a0\u00a0\u00a0\u00a0\u00a0\u00a0\u00a0\u00a0\u00a0\u00a0\u00a0\u00a0\u00a0\u00a0\u00a0\u00a0\u00a0 <\/strong><\/p>\n<p>Vargem Bonita \u00e9 N\u00facleo Rural do Parkway. A regi\u00e3o abriga reservas naturais com vegeta\u00e7\u00e3o t\u00edpica do cerrado, entre elas a da UnB, Aeron\u00e1utica, Marinha e do IBGE. Surpreendente um convite (veja logo abaixo), de um deputado distrital, convocando invasores para uma audi\u00eancia p\u00fablica. Na pauta: a regulariza\u00e7\u00e3o da Vargem Bonita.<\/p>\n<p><img loading=\"lazy\" decoding=\"async\" class=\" wp-image-15980 aligncenter\" src=\"https:\/\/blogs2.correiobraziliense.com.br\/aricunha\/wp-content\/uploads\/sites\/13\/2020\/02\/IMG-20200220-WA0023-1.jpg\" alt=\"\" width=\"547\" height=\"397\" srcset=\"https:\/\/blogs2.correiobraziliense.com.br\/aricunha\/wp-content\/uploads\/sites\/13\/2020\/02\/IMG-20200220-WA0023-1.jpg 970w, https:\/\/blogs2.correiobraziliense.com.br\/aricunha\/wp-content\/uploads\/sites\/13\/2020\/02\/IMG-20200220-WA0023-1-300x218.jpg 300w, https:\/\/blogs2.correiobraziliense.com.br\/aricunha\/wp-content\/uploads\/sites\/13\/2020\/02\/IMG-20200220-WA0023-1-768x557.jpg 768w, https:\/\/blogs2.correiobraziliense.com.br\/aricunha\/wp-content\/uploads\/sites\/13\/2020\/02\/IMG-20200220-WA0023-1-350x254.jpg 350w, https:\/\/blogs2.correiobraziliense.com.br\/aricunha\/wp-content\/uploads\/sites\/13\/2020\/02\/IMG-20200220-WA0023-1-550x399.jpg 550w, https:\/\/blogs2.correiobraziliense.com.br\/aricunha\/wp-content\/uploads\/sites\/13\/2020\/02\/IMG-20200220-WA0023-1-230x167.jpg 230w\" sizes=\"auto, (max-width: 547px) 100vw, 547px\" \/><\/p>\n<p>&nbsp;<\/p>\n<p><strong>Sem controle<\/strong><\/p>\n<p>Divulgado pelo The Economist que a plataforma predileta para not\u00edcias falsas \u00e9 o Instagram. Com ferramentas dispon\u00edveis para qualquer internauta, at\u00e9 o rosto das pessoas poder\u00e1 ser modificado em v\u00eddeos para disseminar mentiras.<\/p>\n<figure id=\"attachment_15981\" aria-describedby=\"caption-attachment-15981\" style=\"width: 548px\" class=\"wp-caption aligncenter\"><img loading=\"lazy\" decoding=\"async\" class=\" wp-image-15981\" src=\"https:\/\/blogs2.correiobraziliense.com.br\/aricunha\/wp-content\/uploads\/sites\/13\/2020\/02\/insta.jpg\" alt=\"\" width=\"548\" height=\"304\" srcset=\"https:\/\/blogs2.correiobraziliense.com.br\/aricunha\/wp-content\/uploads\/sites\/13\/2020\/02\/insta.jpg 830w, https:\/\/blogs2.correiobraziliense.com.br\/aricunha\/wp-content\/uploads\/sites\/13\/2020\/02\/insta-300x166.jpg 300w, https:\/\/blogs2.correiobraziliense.com.br\/aricunha\/wp-content\/uploads\/sites\/13\/2020\/02\/insta-768x426.jpg 768w, https:\/\/blogs2.correiobraziliense.com.br\/aricunha\/wp-content\/uploads\/sites\/13\/2020\/02\/insta-350x194.jpg 350w, https:\/\/blogs2.correiobraziliense.com.br\/aricunha\/wp-content\/uploads\/sites\/13\/2020\/02\/insta-550x305.jpg 550w, https:\/\/blogs2.correiobraziliense.com.br\/aricunha\/wp-content\/uploads\/sites\/13\/2020\/02\/insta-230x127.jpg 230w\" sizes=\"auto, (max-width: 548px) 100vw, 548px\" \/><figcaption id=\"caption-attachment-15981\" class=\"wp-caption-text\">Ilustra\u00e7\u00e3o: economist.com<\/figcaption><\/figure>\n<p>&nbsp;<\/p>\n<p><strong>Inconsist\u00eancia<\/strong><\/p>\n<p>Continua a preocupa\u00e7\u00e3o dos eleitores em rela\u00e7\u00e3o \u00e0s urnas eletr\u00f4nicas. \u201cCorrendo contra o tempo\u201d, como admitiu a ministra Rosa Weber, o TSE recebeu duas concorrentes. A Smartmatic, que em junho do ano passado foi alvo de questionamentos do presidente filipino Rodrigo Duterte. Ele protestou contra o sistema eleitoral, sugerindo que eliminasse esse equipamento das elei\u00e7\u00f5es. A outra concorrente \u00e9 a Positivo, que n\u00e3o conseguiu a autonomia do equipamento por 10 horas, per\u00edodo m\u00ednimo. \u00c9 melhor demorar um m\u00eas para apurar os votos do que ser governado 4 anos com a d\u00favida do destino do voto.<\/p>\n<figure id=\"attachment_11895\" aria-describedby=\"caption-attachment-11895\" style=\"width: 549px\" class=\"wp-caption aligncenter\"><img loading=\"lazy\" decoding=\"async\" class=\" wp-image-11895\" src=\"https:\/\/blogs2.correiobraziliense.com.br\/aricunha\/wp-content\/uploads\/sites\/13\/2018\/08\/ChargeBessinha_UrnaVotoAberto_tvdestaques.jpg\" alt=\"\" width=\"549\" height=\"241\" srcset=\"https:\/\/blogs2.correiobraziliense.com.br\/aricunha\/wp-content\/uploads\/sites\/13\/2018\/08\/ChargeBessinha_UrnaVotoAberto_tvdestaques.jpg 681w, https:\/\/blogs2.correiobraziliense.com.br\/aricunha\/wp-content\/uploads\/sites\/13\/2018\/08\/ChargeBessinha_UrnaVotoAberto_tvdestaques-300x132.jpg 300w, https:\/\/blogs2.correiobraziliense.com.br\/aricunha\/wp-content\/uploads\/sites\/13\/2018\/08\/ChargeBessinha_UrnaVotoAberto_tvdestaques-350x154.jpg 350w, https:\/\/blogs2.correiobraziliense.com.br\/aricunha\/wp-content\/uploads\/sites\/13\/2018\/08\/ChargeBessinha_UrnaVotoAberto_tvdestaques-550x241.jpg 550w, https:\/\/blogs2.correiobraziliense.com.br\/aricunha\/wp-content\/uploads\/sites\/13\/2018\/08\/ChargeBessinha_UrnaVotoAberto_tvdestaques-230x101.jpg 230w\" sizes=\"auto, (max-width: 549px) 100vw, 549px\" \/><figcaption id=\"caption-attachment-11895\" class=\"wp-caption-text\">Charge: Bessinha<\/figcaption><\/figure>\n<p>&nbsp;<\/p>\n<p><strong>HIST\u00d3RIA DE BRAS\u00cdLIA<\/strong><\/p>\n<p>O pior preconceito racial \u00e9 o do Brasil. Muito pior que o dos Estados Unidos. L\u00e1, \u00e9 declarado, \u00e9 radical. Aqui \u00e9 escondido, humilhante, desumano. <strong>(Publicado em 16\/12\/1961)<\/strong><\/p>\n","protected":false},"excerpt":{"rendered":"<p>VISTO, LIDO E OUVIDO, criada por Ari Cunha (In memoriam) Desde 1960, com Circe Cunha e Mamfil jornalistacircecunha@gmail.com Facebook.com\/vistolidoeouvido Instagram.com\/vistolidoeouvido &nbsp; &nbsp; H\u00e1 muito que se sabe que o meio mais eficaz para aferir o car\u00e1ter de um indiv\u00edduo \u00e9 dado pelo acesso ao poder. Quanto mais poder, mais a pessoa vai revelando o que [&hellip;]<\/p>\n","protected":false},"author":34,"featured_media":15978,"comment_status":"open","ping_status":"open","sticky":false,"template":"","format":"standard","meta":{"wpb_read_more":[],"footnotes":""},"categories":[23],"tags":[1788,2114,1466,114,2116,2115,1686,807,1562,288,68,2,69,16],"class_list":["post-15975","post","type-post","status-publish","format-standard","has-post-thumbnail","hentry","category-integra","tag-dinheiropublico","tag-farracomdinheiropublico","tag-gastospublicos","tag-historiadebrasilia","tag-orcamentonobrasil","tag-poderesnobarsil","tag-poderexecutivo","tag-poderjudiciario","tag-poderlegislativo","tag-politicosnobrasil","tag-aricunha","tag-brasilia","tag-circecunha","tag-mamfil"],"_links":{"self":[{"href":"https:\/\/blogs2.correiobraziliense.com.br\/aricunha\/wp-json\/wp\/v2\/posts\/15975","targetHints":{"allow":["GET"]}}],"collection":[{"href":"https:\/\/blogs2.correiobraziliense.com.br\/aricunha\/wp-json\/wp\/v2\/posts"}],"about":[{"href":"https:\/\/blogs2.correiobraziliense.com.br\/aricunha\/wp-json\/wp\/v2\/types\/post"}],"author":[{"embeddable":true,"href":"https:\/\/blogs2.correiobraziliense.com.br\/aricunha\/wp-json\/wp\/v2\/users\/34"}],"replies":[{"embeddable":true,"href":"https:\/\/blogs2.correiobraziliense.com.br\/aricunha\/wp-json\/wp\/v2\/comments?post=15975"}],"version-history":[{"count":3,"href":"https:\/\/blogs2.correiobraziliense.com.br\/aricunha\/wp-json\/wp\/v2\/posts\/15975\/revisions"}],"predecessor-version":[{"id":15982,"href":"https:\/\/blogs2.correiobraziliense.com.br\/aricunha\/wp-json\/wp\/v2\/posts\/15975\/revisions\/15982"}],"wp:featuredmedia":[{"embeddable":true,"href":"https:\/\/blogs2.correiobraziliense.com.br\/aricunha\/wp-json\/wp\/v2\/media\/15978"}],"wp:attachment":[{"href":"https:\/\/blogs2.correiobraziliense.com.br\/aricunha\/wp-json\/wp\/v2\/media?parent=15975"}],"wp:term":[{"taxonomy":"category","embeddable":true,"href":"https:\/\/blogs2.correiobraziliense.com.br\/aricunha\/wp-json\/wp\/v2\/categories?post=15975"},{"taxonomy":"post_tag","embeddable":true,"href":"https:\/\/blogs2.correiobraziliense.com.br\/aricunha\/wp-json\/wp\/v2\/tags?post=15975"}],"curies":[{"name":"wp","href":"https:\/\/api.w.org\/{rel}","templated":true}]}}