{"id":15983,"date":"2020-02-22T00:00:44","date_gmt":"2020-02-22T03:00:44","guid":{"rendered":"https:\/\/blogs2.correiobraziliense.com.br\/aricunha\/?p=15983"},"modified":"2020-02-22T00:35:14","modified_gmt":"2020-02-22T03:35:14","slug":"bloco-dos-revoltosos-ameaca-o-carnaval","status":"publish","type":"post","link":"https:\/\/blogs2.correiobraziliense.com.br\/aricunha\/bloco-dos-revoltosos-ameaca-o-carnaval\/","title":{"rendered":"Bloco dos revoltosos amea\u00e7a o carnaval"},"content":{"rendered":"<p>VISTO, LIDO E OUVIDO, criada por Ari Cunha (In memoriam)<\/p>\n<p>Desde 1960, com Circe Cunha e Mamfil<\/p>\n<p>jornalistacircecunha@gmail.com<\/p>\n<p>Facebook.com\/vistolidoeouvido<\/p>\n<p>Instagram.com\/vistolidoeouvido<\/p>\n<p>&nbsp;<\/p>\n<figure id=\"attachment_15985\" aria-describedby=\"caption-attachment-15985\" style=\"width: 701px\" class=\"wp-caption aligncenter\"><img loading=\"lazy\" decoding=\"async\" class=\" wp-image-15985\" src=\"https:\/\/blogs2.correiobraziliense.com.br\/aricunha\/wp-content\/uploads\/sites\/13\/2020\/02\/frame-00-17-54.588.jpg\" alt=\"\" width=\"701\" height=\"394\" srcset=\"https:\/\/blogs2.correiobraziliense.com.br\/aricunha\/wp-content\/uploads\/sites\/13\/2020\/02\/frame-00-17-54.588.jpg 1000w, https:\/\/blogs2.correiobraziliense.com.br\/aricunha\/wp-content\/uploads\/sites\/13\/2020\/02\/frame-00-17-54.588-300x169.jpg 300w, https:\/\/blogs2.correiobraziliense.com.br\/aricunha\/wp-content\/uploads\/sites\/13\/2020\/02\/frame-00-17-54.588-768x432.jpg 768w, https:\/\/blogs2.correiobraziliense.com.br\/aricunha\/wp-content\/uploads\/sites\/13\/2020\/02\/frame-00-17-54.588-350x197.jpg 350w, https:\/\/blogs2.correiobraziliense.com.br\/aricunha\/wp-content\/uploads\/sites\/13\/2020\/02\/frame-00-17-54.588-550x310.jpg 550w, https:\/\/blogs2.correiobraziliense.com.br\/aricunha\/wp-content\/uploads\/sites\/13\/2020\/02\/frame-00-17-54.588-230x129.jpg 230w\" sizes=\"auto, (max-width: 701px) 100vw, 701px\" \/><figcaption id=\"caption-attachment-15985\" class=\"wp-caption-text\">Senador licenciado Cid Gomes foi baleado ao tentar furar bloqueio de manifestantes em Sobral (CE) \u2014 Foto: Reprodu\u00e7\u00e3o\/Globo<\/figcaption><\/figure>\n<p>&nbsp;<\/p>\n<p>Vem crescendo em todo o Pa\u00eds o movimento paredista dos policiais militares e dos bombeiros por reajuste salarial, tudo isso em plena \u00e9poca de carnaval, quando os \u00edndices de viol\u00eancia, num pa\u00eds violento por natureza, parecem explodir.<\/p>\n<p>A situa\u00e7\u00e3o, se n\u00e3o fez acender ainda a luz vermelha dentro dos gabinetes do Pal\u00e1cio do Planalto, vem preocupando, sobremaneira, os governadores e os prefeitos dos estados e munic\u00edpios onde a folia de Momo atrai nesse per\u00edodo um n\u00famero expressivo de foli\u00f5es do Brasil e de muitos pa\u00edses. At\u00e9 o momento, tudo leva a crer que as paralisa\u00e7\u00f5es das for\u00e7as de seguran\u00e7a v\u00e3o n\u00e3o apenas prosseguir, como ganhar ainda mais adeptos por todo o pa\u00eds.<\/p>\n<p>O carnaval \u00e9, tradicionalmente, a \u00e9poca mais sens\u00edvel em termos de seguran\u00e7a e de primeiros socorros, sendo tamb\u00e9m, do ponto de vista dos estrategistas desses movimentos, o tempo certeiro para a deflagra\u00e7\u00e3o de uma greve. Com a corda no pesco\u00e7o, os governos de mais de 12 estados t\u00eam uma margem financeira e um tempo muito curtos para negociar, o que vai exigir do governo federal uma ajuda n\u00e3o s\u00f3 em recursos, mas em tropas, inclusive das For\u00e7as Armadas. Obviamente que, aproveitando o per\u00edodo em que a pol\u00edcia sai momentaneamente de cena, crimes de toda a ordem v\u00eam ocorrendo por todo o pa\u00eds e \u00e0 luz do dia.<\/p>\n<p>No Cear\u00e1, segundo informes entregues \u00e0 imprensa, uma onda de viol\u00eancia, sem precedentes vem tomando conta do estado, com as autoridades falando, inclusive, em suspender o carnaval. A situa\u00e7\u00e3o \u00e9 mais preocupante nas regi\u00f5es litor\u00e2neas do Nordeste, onde o carnaval j\u00e1 se tornou a principal fonte de renda de muitos munic\u00edpios. Depois dos epis\u00f3dios de derrame de \u00f3leo nas praias, que provocou uma sens\u00edvel fuga de turistas, a quest\u00e3o da falta de seguran\u00e7a para os foli\u00f5es amea\u00e7a trazer mais preju\u00edzos financeiros para esses brasileiros.<\/p>\n<p>\u00c9 sabido que a For\u00e7a Nacional, nesses momentos de tens\u00e3o, socorre alguns estados, mas n\u00e3o possui n\u00famero suficiente de efetivo para atender a tantos estados ao mesmo tempo. Para piorar uma situa\u00e7\u00e3o que parece j\u00e1 sem controle, pol\u00edticos oportunistas do chamado Centr\u00e3o e principalmente aqueles integrantes da Bancada da Bala com assento no Congresso v\u00eam jogando gasolina no inc\u00eandio, apoiando os grevistas.<\/p>\n<p>Caso esses movimentos atuais repitam os epis\u00f3dios ocorridos durante as rebeli\u00f5es de 1997 e de 2011, quando a Pol\u00edcia Militar em 13 estados e no Distrito Federal deixou de patrulhar as ruas se amotinando em quart\u00e9is, e quando o n\u00famero de crimes aproximou o Brasil de uma verdadeira guerra civil, \u00e9 bom frisar aqui o perigo que o Distrito Federal corre com a rec\u00e9m decis\u00e3o do ministro do Supremo em rela\u00e7\u00e3o a um dos grupos de crime organizado. Ser\u00e1 preciso maior apoio desses mesmos pol\u00edticos, que agora insuflam as greves, para apresentarem novos projetos de anistia para os revoltosos.<\/p>\n<p>Os epis\u00f3dios ocorridos nessa semana em Sobral, no Cear\u00e1, onde o folcl\u00f3rico Cid Gomes decidiu, num ato de insanidade criminosa, passar com uma retroescavadeira por cima dos grevistas amotinados, d\u00e1 o tom de como essas paralisa\u00e7\u00f5es est\u00e3o sendo conduzidas at\u00e9 aqui, segundo o receitu\u00e1rio dos pol\u00edticos. Somente esse fato j\u00e1 \u00e9 o bastante para que todos os brasileiros previdentes comecem a ficar alarmados com os desdobramentos de mais essa crise.<\/p>\n<p>&nbsp;<\/p>\n<p>&nbsp;<\/p>\n<p>&nbsp;<\/p>\n<p><strong>A frase que foi pronunciada:<\/strong><\/p>\n<p><em>\u201cV\u00e1 de retro\u201d irm\u00e3os Gomes!<\/em><\/p>\n<p>Algum conterr\u00e2neo de Cid e Ciro Gomes. Cearense \u00e9 bom de piada.<\/p>\n<p><iframe loading=\"lazy\" title=\"CID GOMES fren\u00e9tico na RETROESCAVADEIRA\" width=\"720\" height=\"405\" src=\"https:\/\/www.youtube.com\/embed\/ULIuiLZBTxM?feature=oembed\" frameborder=\"0\" allow=\"accelerometer; autoplay; clipboard-write; encrypted-media; gyroscope; picture-in-picture; web-share\" referrerpolicy=\"strict-origin-when-cross-origin\" allowfullscreen><\/iframe><\/p>\n<p>&nbsp;<\/p>\n<p><strong>Inten\u00e7\u00e3o<\/strong><\/p>\n<p>Come\u00e7aram a soltar o assunto para testar a temperatura da rea\u00e7\u00e3o. Privatizar a \u00c1gua Mineral \u00e9 o maior absurdo j\u00e1 cogitado nessa cidade. A mobiliza\u00e7\u00e3o que manteve o Parque Olhos D\u2019\u00c1gua \u00e9 um exemplo da for\u00e7a da popula\u00e7\u00e3o. Quem odeia Bras\u00edlia n\u00e3o deveria aceitar cargos aqui para deixar esse rastro de destrui\u00e7\u00e3o.<\/p>\n<p><iframe loading=\"lazy\" title=\"Parque Olhos d&amp;apos;\u00c1gua muda forma de ocupa\u00e7\u00e3o do Plano Piloto de Bras\u00edlia\" width=\"720\" height=\"405\" src=\"https:\/\/www.youtube.com\/embed\/7MqD4DXYqxw?feature=oembed\" frameborder=\"0\" allow=\"accelerometer; autoplay; clipboard-write; encrypted-media; gyroscope; picture-in-picture; web-share\" referrerpolicy=\"strict-origin-when-cross-origin\" allowfullscreen><\/iframe><\/p>\n<p>&nbsp;<\/p>\n<p><strong>Quanta diferen\u00e7a!<\/strong><\/p>\n<p>Declarou Lula: \u201cO Congresso tem 300 picaretas.\u201d Interessante comparar as rea\u00e7\u00f5es da fala do ex-presidente Lula feita abertamente \u00e0 imprensa e os \u201cchantagistas\u201d tratados pelo general Heleno em bate papo onde a intimidade foi violada. Uma converg\u00eancia \u00e9 indiscut\u00edvel: a necessidade de uma mobiliza\u00e7\u00e3o popular mostrando a indigna\u00e7\u00e3o com o assunto.<\/p>\n<p><iframe loading=\"lazy\" title=\"Lu\u00eds In\u00e1cio e os 300 Picaretas -  Paralamas do Sucesso\" width=\"720\" height=\"540\" src=\"https:\/\/www.youtube.com\/embed\/LXk6B5O-0-A?feature=oembed\" frameborder=\"0\" allow=\"accelerometer; autoplay; clipboard-write; encrypted-media; gyroscope; picture-in-picture; web-share\" referrerpolicy=\"strict-origin-when-cross-origin\" allowfullscreen><\/iframe><\/p>\n<figure id=\"attachment_15984\" aria-describedby=\"caption-attachment-15984\" style=\"width: 702px\" class=\"wp-caption aligncenter\"><img loading=\"lazy\" decoding=\"async\" class=\"size-full wp-image-15984\" src=\"https:\/\/blogs2.correiobraziliense.com.br\/aricunha\/wp-content\/uploads\/sites\/13\/2020\/02\/Lula.jpg\" alt=\"\" width=\"702\" height=\"582\" srcset=\"https:\/\/blogs2.correiobraziliense.com.br\/aricunha\/wp-content\/uploads\/sites\/13\/2020\/02\/Lula.jpg 702w, https:\/\/blogs2.correiobraziliense.com.br\/aricunha\/wp-content\/uploads\/sites\/13\/2020\/02\/Lula-300x249.jpg 300w, https:\/\/blogs2.correiobraziliense.com.br\/aricunha\/wp-content\/uploads\/sites\/13\/2020\/02\/Lula-350x290.jpg 350w, https:\/\/blogs2.correiobraziliense.com.br\/aricunha\/wp-content\/uploads\/sites\/13\/2020\/02\/Lula-550x456.jpg 550w, https:\/\/blogs2.correiobraziliense.com.br\/aricunha\/wp-content\/uploads\/sites\/13\/2020\/02\/Lula-230x191.jpg 230w\" sizes=\"auto, (max-width: 702px) 100vw, 702px\" \/><figcaption id=\"caption-attachment-15984\" class=\"wp-caption-text\">Print: gazetadopovo.com<\/figcaption><\/figure>\n<p>&nbsp;<\/p>\n<p><strong>Fora do prumo<\/strong><\/p>\n<p>Na entrada da 311 Norte, justamente na quadra do condom\u00ednio Ari Cunha, a banca de revistas se transformou numa lojinha de venda de biscoitos e castanhas.<\/p>\n<p>&nbsp;<\/p>\n<p>&nbsp;<\/p>\n<p><strong>HIST\u00d3RIA DE BRAS\u00cdLIA<\/strong><\/p>\n<p>Esta nota vem a prop\u00f3sito de um aviso posto no bloco dois da 206, onde, \u201cpor ordem do delegado do Ipase \u00e9 proibido dom\u00e9stica usar este elevador\u201d. <strong>(Publicado em 16\/12\/1961)<\/strong><\/p>\n","protected":false},"excerpt":{"rendered":"<p>VISTO, LIDO E OUVIDO, criada por Ari Cunha (In memoriam) Desde 1960, com Circe Cunha e Mamfil jornalistacircecunha@gmail.com Facebook.com\/vistolidoeouvido Instagram.com\/vistolidoeouvido &nbsp; &nbsp; Vem crescendo em todo o Pa\u00eds o movimento paredista dos policiais militares e dos bombeiros por reajuste salarial, tudo isso em plena \u00e9poca de carnaval, quando os \u00edndices de viol\u00eancia, num pa\u00eds violento [&hellip;]<\/p>\n","protected":false},"author":34,"featured_media":15985,"comment_status":"open","ping_status":"open","sticky":false,"template":"","format":"standard","meta":{"wpb_read_more":[],"footnotes":""},"categories":[23],"tags":[2119,2120,277,2118,2117,114,1686,1724,68,2,69,16],"class_list":["post-15983","post","type-post","status-publish","format-standard","has-post-thumbnail","hentry","category-integra","tag-cidgomes","tag-forcanacional","tag-gdf","tag-grevedospmsemsobral","tag-grevedospmsebombeiros","tag-historiadebrasilia","tag-poderexecutivo","tag-segurancanobrasil","tag-aricunha","tag-brasilia","tag-circecunha","tag-mamfil"],"_links":{"self":[{"href":"https:\/\/blogs2.correiobraziliense.com.br\/aricunha\/wp-json\/wp\/v2\/posts\/15983","targetHints":{"allow":["GET"]}}],"collection":[{"href":"https:\/\/blogs2.correiobraziliense.com.br\/aricunha\/wp-json\/wp\/v2\/posts"}],"about":[{"href":"https:\/\/blogs2.correiobraziliense.com.br\/aricunha\/wp-json\/wp\/v2\/types\/post"}],"author":[{"embeddable":true,"href":"https:\/\/blogs2.correiobraziliense.com.br\/aricunha\/wp-json\/wp\/v2\/users\/34"}],"replies":[{"embeddable":true,"href":"https:\/\/blogs2.correiobraziliense.com.br\/aricunha\/wp-json\/wp\/v2\/comments?post=15983"}],"version-history":[{"count":1,"href":"https:\/\/blogs2.correiobraziliense.com.br\/aricunha\/wp-json\/wp\/v2\/posts\/15983\/revisions"}],"predecessor-version":[{"id":15986,"href":"https:\/\/blogs2.correiobraziliense.com.br\/aricunha\/wp-json\/wp\/v2\/posts\/15983\/revisions\/15986"}],"wp:featuredmedia":[{"embeddable":true,"href":"https:\/\/blogs2.correiobraziliense.com.br\/aricunha\/wp-json\/wp\/v2\/media\/15985"}],"wp:attachment":[{"href":"https:\/\/blogs2.correiobraziliense.com.br\/aricunha\/wp-json\/wp\/v2\/media?parent=15983"}],"wp:term":[{"taxonomy":"category","embeddable":true,"href":"https:\/\/blogs2.correiobraziliense.com.br\/aricunha\/wp-json\/wp\/v2\/categories?post=15983"},{"taxonomy":"post_tag","embeddable":true,"href":"https:\/\/blogs2.correiobraziliense.com.br\/aricunha\/wp-json\/wp\/v2\/tags?post=15983"}],"curies":[{"name":"wp","href":"https:\/\/api.w.org\/{rel}","templated":true}]}}