{"id":16048,"date":"2020-03-05T00:00:33","date_gmt":"2020-03-05T03:00:33","guid":{"rendered":"https:\/\/blogs2.correiobraziliense.com.br\/aricunha\/?p=16048"},"modified":"2020-03-04T20:18:02","modified_gmt":"2020-03-04T23:18:02","slug":"cantando-e-andando-para-o-provo-brasileiro","status":"publish","type":"post","link":"https:\/\/blogs2.correiobraziliense.com.br\/aricunha\/cantando-e-andando-para-o-provo-brasileiro\/","title":{"rendered":"Cantando e andando para o provo brasileiro"},"content":{"rendered":"<p>VISTO, LIDO E OUVIDO, criada por Ari Cunha (In memoriam)<\/p>\n<p>Desde 1960, com Circe Cunha e Mamfil<\/p>\n<p>jornalistacircecunha@gmail.com<\/p>\n<p>Facebook.com\/vistolidoeouvido<\/p>\n<p>Instagram.com\/vistolidoeouvido<\/p>\n<p>&nbsp;<\/p>\n<figure id=\"attachment_16051\" aria-describedby=\"caption-attachment-16051\" style=\"width: 642px\" class=\"wp-caption aligncenter\"><img loading=\"lazy\" decoding=\"async\" class=\"size-full wp-image-16051\" src=\"https:\/\/blogs2.correiobraziliense.com.br\/aricunha\/wp-content\/uploads\/sites\/13\/2020\/03\/Lula.jpg\" alt=\"\" width=\"642\" height=\"470\" srcset=\"https:\/\/blogs2.correiobraziliense.com.br\/aricunha\/wp-content\/uploads\/sites\/13\/2020\/03\/Lula.jpg 642w, https:\/\/blogs2.correiobraziliense.com.br\/aricunha\/wp-content\/uploads\/sites\/13\/2020\/03\/Lula-300x220.jpg 300w, https:\/\/blogs2.correiobraziliense.com.br\/aricunha\/wp-content\/uploads\/sites\/13\/2020\/03\/Lula-350x256.jpg 350w, https:\/\/blogs2.correiobraziliense.com.br\/aricunha\/wp-content\/uploads\/sites\/13\/2020\/03\/Lula-550x403.jpg 550w, https:\/\/blogs2.correiobraziliense.com.br\/aricunha\/wp-content\/uploads\/sites\/13\/2020\/03\/Lula-230x168.jpg 230w\" sizes=\"auto, (max-width: 642px) 100vw, 642px\" \/><figcaption id=\"caption-attachment-16051\" class=\"wp-caption-text\">Foto: Reprodu\u00e7\u00e3o\/Twitter Instituto Lula<\/figcaption><\/figure>\n<p>&nbsp;<\/p>\n<p>Ningu\u00e9m, em s\u00e3 e \u00e9tica consci\u00eancia, e de posse de toda a capacidade de se indignar, pode aceitar, de forma serena, que o ex-presidente Lula, depois de devidamente investigado, processado e condenado a trinta anos de pris\u00e3o, segundo as leis brasileira, deixe a cadeia de luxo, onde passou a residir h\u00e1 pouco mais de um ano, e saia pelo mundo afora pregando livremente contra o Brasil e suas institui\u00e7\u00f5es, tudo \u00e0s custas dos pobres contribuintes, deixados \u00e0 m\u00edngua nas imensas filas de desempregados.<\/p>\n<p>Ladeado nesse tour de primeira classe, pela tamb\u00e9m ex-presidente Dilma, r\u00e9 em outros processos que correm na justi\u00e7a, a dupla de corruptos viaja, como n\u00e3o podia deixar de ser, pela Europa capitalista, desfrutando de todas as mordomias do Estado. Obviamente que aqueles pa\u00edses aos quais h\u00e1 suspeitas de que despejaram somas bilion\u00e1rias dos recursos do er\u00e1rio nacional, como Angola, Cuba, Venezuela e outros, n\u00e3o est\u00e3o no roteiro, primorosamente preparado por seus \u201cassessores\u201d e asseclas.<\/p>\n<p>A dupla de comunistas de fachada e de bom gosto, hospeda-se nos mais caros hot\u00e9is do continente, apreciando os mais requintados acepipes, seguidos das melhores safras de vinhos do velho mundo, tudo, obviamente, \u00e0s custas dos contribuintes brasileiros, os mesmos aqui deixados aos milh\u00f5es por seus governos, no desamparo e nas imensas filas do desemprego.<\/p>\n<p>O mais incompreens\u00edvel em toda essa hist\u00f3ria, que parece surreal, \u00e9 que essa dupla de malfeitores segue em sua turn\u00ea pela Europa, em com\u00edcios fechados, onde pregam contra o Brasil, contra suas institui\u00e7\u00f5es, envergonhando a todos aqueles cidad\u00e3os de bem, mentindo e apresentando suas narrativas falsas sobre esse triste per\u00edodo da nossa hist\u00f3ria recente. Al\u00e9m dos muitos crimes que cometeram durante seus governos e que est\u00e3o devidamente descritos nos anais da justi\u00e7a e nos enciclop\u00e9dicos processos judiciais, essa vers\u00e3o tupiniquim e mal-ajambrada de Bonnie e Clyde, presta um enorme desservi\u00e7o ao Brasil, quando usam a pouca informa\u00e7\u00e3o e mesmo o desinteresse sobre nosso pa\u00eds, para inventar mentiras que denigrem nossa imagem no exterior e causam grande preju\u00edzo, afugentando investidores e desestimulando futuros projetos de interesse nacional.<\/p>\n<p>Todo esse p\u00e9riplo por pa\u00edses que, at\u00e9 h\u00e1 pouco tempo, acusavam de imperialistas, faz parte de uma agenda ardilosamente elaborada para, a partir do exterior, onde se ocupam da tarefa pateticamente de desestabilizar o Brasil e suas institui\u00e7\u00f5es, angariar apoio de parte do mundo Ocidental para um processo de retomada do poder. Com as urnas eleitorais da maneira em que se encontram corremos seriamente esse risco.<\/p>\n<p>Internamente essa possibilidade \u00e9, no momento, uma miss\u00e3o imposs\u00edvel de ser empreendida, dado o alto grau de desaprova\u00e7\u00e3o e mesmo de hostilidade que a maioria dos brasileiros nutrem por esses personagens e seus partidos. Cumprida essa primeira e tresloucada etapa do plano petista, o passo seguinte vai ser reunir todos os bilh\u00f5es desviados dos cofres p\u00fablicos, por mais de uma d\u00e9cada e que est\u00e3o espalhados pelos quatro cantos do planeta, para recome\u00e7ar um retorno ao poder de onde foram escorra\u00e7ados pelos brasileiros.<\/p>\n<p>&nbsp;<\/p>\n<p>&nbsp;<\/p>\n<p>&nbsp;<\/p>\n<p><strong>A frase que foi pronunciada:<\/strong><\/p>\n<p><em>&#8220;O cachorro s\u00f3 \u00e9 o melhor amigo do homem porque n\u00e3o conhece o dinheiro.&#8221;<\/em><\/p>\n<p>Maine de Biran, fil\u00f3sofo franc\u00eas (1766-1824)<\/p>\n<figure id=\"attachment_16050\" aria-describedby=\"caption-attachment-16050\" style=\"width: 305px\" class=\"wp-caption aligncenter\"><img loading=\"lazy\" decoding=\"async\" class=\" wp-image-16050\" src=\"https:\/\/blogs2.correiobraziliense.com.br\/aricunha\/wp-content\/uploads\/sites\/13\/2020\/03\/download.jpg\" alt=\"\" width=\"305\" height=\"422\" \/><figcaption id=\"caption-attachment-16050\" class=\"wp-caption-text\">Imagem: Wikip\u00e9dia<\/figcaption><\/figure>\n<p>&nbsp;<\/p>\n<p><strong>Sem resposta<\/strong><\/p>\n<p>No cafezinho da C\u00e2mara, a d\u00favida de um grupo de visitantes parou na seguinte pergunta que ficou sem resposta: Qual o entendimento da Previd\u00eancia Social no caso de aposentadoria de trabalhadores que se desdobram em dois empregos? Recebem mais, mas o le\u00e3o avan\u00e7a com vontade e al\u00e9m disso \u00e9 descontado pela Previd\u00eancia Social nos dois empregos.<\/p>\n<figure id=\"attachment_9828\" aria-describedby=\"caption-attachment-9828\" style=\"width: 450px\" class=\"wp-caption aligncenter\"><img loading=\"lazy\" decoding=\"async\" class=\" wp-image-9828\" src=\"https:\/\/blogs2.correiobraziliense.com.br\/aricunha\/wp-content\/uploads\/sites\/13\/2018\/02\/cartilha_previdencia.jpg\" alt=\"\" width=\"450\" height=\"337\" \/><figcaption id=\"caption-attachment-9828\" class=\"wp-caption-text\">Imagem: spbancarios.com.br<\/figcaption><\/figure>\n<p>&nbsp;<\/p>\n<p><strong>Solid\u00f5es<\/strong><\/p>\n<p>Casos de pais drogados, m\u00e3es que n\u00e3o conseguem manter os filhos, crian\u00e7as que ficam sozinhas em casa constantemente. O Programa Fam\u00edlia Acolhedora, pouco conhecido da comunidade candanga, ser\u00e1 apresentado pelo grupo Aconchego, em parceria com a Secretaria de Desenvolvimento Social do DF. A prioridade \u00e9 a conviv\u00eancia familiar. O programa nada tem a ver com ado\u00e7\u00e3o. \u00c9 s\u00f3 aconchego. \u201cQueremos sensibilizar a comunidade para a import\u00e2ncia deste tema, esclarecendo as d\u00favidas e transmitindo mais seguran\u00e7a para as pessoas que queiram aderir ao programa\u201d, explica a psic\u00f3loga e coordenadora do programa no Aconchego, J\u00falia Salvagni.\u201d A palestra ser\u00e1 na UNIP 913 Sul, s\u00e1bado 14 das 9h \u00e0s 12h. Mais informa\u00e7\u00f5es 39635049. Entrada livre.<\/p>\n<figure id=\"attachment_16049\" aria-describedby=\"caption-attachment-16049\" style=\"width: 407px\" class=\"wp-caption aligncenter\"><img loading=\"lazy\" decoding=\"async\" class=\" wp-image-16049\" src=\"https:\/\/blogs2.correiobraziliense.com.br\/aricunha\/wp-content\/uploads\/sites\/13\/2020\/03\/1c2263df-8829-4021-8951-e5e47f07c0b4-300x300.jpg\" alt=\"\" width=\"407\" height=\"407\" srcset=\"https:\/\/blogs2.correiobraziliense.com.br\/aricunha\/wp-content\/uploads\/sites\/13\/2020\/03\/1c2263df-8829-4021-8951-e5e47f07c0b4-300x300.jpg 300w, https:\/\/blogs2.correiobraziliense.com.br\/aricunha\/wp-content\/uploads\/sites\/13\/2020\/03\/1c2263df-8829-4021-8951-e5e47f07c0b4-300x300-150x150.jpg 150w, https:\/\/blogs2.correiobraziliense.com.br\/aricunha\/wp-content\/uploads\/sites\/13\/2020\/03\/1c2263df-8829-4021-8951-e5e47f07c0b4-300x300-230x230.jpg 230w\" sizes=\"auto, (max-width: 407px) 100vw, 407px\" \/><figcaption id=\"caption-attachment-16049\" class=\"wp-caption-text\">Foto: aconchegodf.org<\/figcaption><\/figure>\n<p>&nbsp;<\/p>\n<p><strong>Princ\u00edpio, meio e fim<\/strong><\/p>\n<p>Foi-se o tempo em que pol\u00edticos exibiam broches funcionais para impor respeito. Depois das M\u00eddias Sociais, muitos perdem a paz nas ruas, restaurantes, avi\u00f5es. Pelas facilidades cibern\u00e9ticas, a popula\u00e7\u00e3o se deu conta que s\u00e3o pessoas de carne e osso. Com o mesmo princ\u00edpio e fim que todos teremos. Mas com op\u00e7\u00f5es diferentes de meios.<\/p>\n<figure id=\"attachment_11507\" aria-describedby=\"caption-attachment-11507\" style=\"width: 409px\" class=\"wp-caption aligncenter\"><img loading=\"lazy\" decoding=\"async\" class=\" wp-image-11507\" src=\"https:\/\/blogs2.correiobraziliense.com.br\/aricunha\/wp-content\/uploads\/sites\/13\/2018\/07\/images.jpg\" alt=\"\" width=\"409\" height=\"327\" srcset=\"https:\/\/blogs2.correiobraziliense.com.br\/aricunha\/wp-content\/uploads\/sites\/13\/2018\/07\/images.jpg 251w, https:\/\/blogs2.correiobraziliense.com.br\/aricunha\/wp-content\/uploads\/sites\/13\/2018\/07\/images-230x184.jpg 230w\" sizes=\"auto, (max-width: 409px) 100vw, 409px\" \/><figcaption id=\"caption-attachment-11507\" class=\"wp-caption-text\">Charge: Ivan Cabral<\/figcaption><\/figure>\n<p>&nbsp;<\/p>\n<p><strong>HIST\u00d3RIA DE BRAS\u00cdLIA<\/strong><\/p>\n<p>At\u00e9 que enfim, o Nordeste ter\u00e1 um plano de obras para ser executado com a garantia da SUDENE. Deixar\u00e3o de existir, ent\u00e3o, as obras de estradas feitas a m\u00e3o para fazer favor ao trabalhador atingido pela seca. <strong>(Publicado em 16\/12\/1961)<\/strong><\/p>\n","protected":false},"excerpt":{"rendered":"<p>VISTO, LIDO E OUVIDO, criada por Ari Cunha (In memoriam) Desde 1960, com Circe Cunha e Mamfil jornalistacircecunha@gmail.com Facebook.com\/vistolidoeouvido Instagram.com\/vistolidoeouvido &nbsp; &nbsp; Ningu\u00e9m, em s\u00e3 e \u00e9tica consci\u00eancia, e de posse de toda a capacidade de se indignar, pode aceitar, de forma serena, que o ex-presidente Lula, depois de devidamente investigado, processado e condenado a [&hellip;]<\/p>\n","protected":false},"author":34,"featured_media":16051,"comment_status":"open","ping_status":"open","sticky":false,"template":"","format":"standard","meta":{"wpb_read_more":[],"footnotes":""},"categories":[23],"tags":[1307,114,553,2136,261,119,2135,68,2,69,16],"class_list":["post-16048","post","type-post","status-publish","format-standard","has-post-thumbnail","hentry","category-integra","tag-congressonacional","tag-historiadebrasilia","tag-lula","tag-lulaemparis","tag-politicanobrasil","tag-pt","tag-titulodecidadaohonorario","tag-aricunha","tag-brasilia","tag-circecunha","tag-mamfil"],"_links":{"self":[{"href":"https:\/\/blogs2.correiobraziliense.com.br\/aricunha\/wp-json\/wp\/v2\/posts\/16048","targetHints":{"allow":["GET"]}}],"collection":[{"href":"https:\/\/blogs2.correiobraziliense.com.br\/aricunha\/wp-json\/wp\/v2\/posts"}],"about":[{"href":"https:\/\/blogs2.correiobraziliense.com.br\/aricunha\/wp-json\/wp\/v2\/types\/post"}],"author":[{"embeddable":true,"href":"https:\/\/blogs2.correiobraziliense.com.br\/aricunha\/wp-json\/wp\/v2\/users\/34"}],"replies":[{"embeddable":true,"href":"https:\/\/blogs2.correiobraziliense.com.br\/aricunha\/wp-json\/wp\/v2\/comments?post=16048"}],"version-history":[{"count":2,"href":"https:\/\/blogs2.correiobraziliense.com.br\/aricunha\/wp-json\/wp\/v2\/posts\/16048\/revisions"}],"predecessor-version":[{"id":16053,"href":"https:\/\/blogs2.correiobraziliense.com.br\/aricunha\/wp-json\/wp\/v2\/posts\/16048\/revisions\/16053"}],"wp:featuredmedia":[{"embeddable":true,"href":"https:\/\/blogs2.correiobraziliense.com.br\/aricunha\/wp-json\/wp\/v2\/media\/16051"}],"wp:attachment":[{"href":"https:\/\/blogs2.correiobraziliense.com.br\/aricunha\/wp-json\/wp\/v2\/media?parent=16048"}],"wp:term":[{"taxonomy":"category","embeddable":true,"href":"https:\/\/blogs2.correiobraziliense.com.br\/aricunha\/wp-json\/wp\/v2\/categories?post=16048"},{"taxonomy":"post_tag","embeddable":true,"href":"https:\/\/blogs2.correiobraziliense.com.br\/aricunha\/wp-json\/wp\/v2\/tags?post=16048"}],"curies":[{"name":"wp","href":"https:\/\/api.w.org\/{rel}","templated":true}]}}