{"id":16297,"date":"2020-04-11T01:00:00","date_gmt":"2020-04-11T04:00:00","guid":{"rendered":"https:\/\/blogs2.correiobraziliense.com.br\/aricunha\/?p=16297"},"modified":"2020-04-22T17:43:06","modified_gmt":"2020-04-22T20:43:06","slug":"em-tempos-de-pandemia-olho-vivo-nos-cofres-publicos","status":"publish","type":"post","link":"https:\/\/blogs2.correiobraziliense.com.br\/aricunha\/em-tempos-de-pandemia-olho-vivo-nos-cofres-publicos\/","title":{"rendered":"Em tempos de pandemia, olho vivo nos cofres p\u00fablicos"},"content":{"rendered":"<p>VISTO, LIDO E OUVIDO, criada por Ari Cunha (In memoriam)<\/p>\n<p>Desde 1960, com Circe Cunha e Mamfil<\/p>\n<p>jornalistacircecunha@gmail.com<\/p>\n<p>Facebook.com\/vistolidoeouvido<\/p>\n<p>Instagram.com\/vistolidoeouvido<\/p>\n<p>&nbsp;<\/p>\n<figure id=\"attachment_16309\" aria-describedby=\"caption-attachment-16309\" style=\"width: 587px\" class=\"wp-caption aligncenter\"><img loading=\"lazy\" decoding=\"async\" class=\" wp-image-16309\" src=\"https:\/\/blogs2.correiobraziliense.com.br\/aricunha\/wp-content\/uploads\/sites\/13\/2020\/04\/20200408145929868024o.jpg\" alt=\"\" width=\"587\" height=\"344\" srcset=\"https:\/\/blogs2.correiobraziliense.com.br\/aricunha\/wp-content\/uploads\/sites\/13\/2020\/04\/20200408145929868024o.jpg 820w, https:\/\/blogs2.correiobraziliense.com.br\/aricunha\/wp-content\/uploads\/sites\/13\/2020\/04\/20200408145929868024o-300x176.jpg 300w, https:\/\/blogs2.correiobraziliense.com.br\/aricunha\/wp-content\/uploads\/sites\/13\/2020\/04\/20200408145929868024o-768x450.jpg 768w, https:\/\/blogs2.correiobraziliense.com.br\/aricunha\/wp-content\/uploads\/sites\/13\/2020\/04\/20200408145929868024o-350x205.jpg 350w, https:\/\/blogs2.correiobraziliense.com.br\/aricunha\/wp-content\/uploads\/sites\/13\/2020\/04\/20200408145929868024o-550x322.jpg 550w, https:\/\/blogs2.correiobraziliense.com.br\/aricunha\/wp-content\/uploads\/sites\/13\/2020\/04\/20200408145929868024o-230x135.jpg 230w\" sizes=\"auto, (max-width: 587px) 100vw, 587px\" \/><figcaption id=\"caption-attachment-16309\" class=\"wp-caption-text\">Foto: Pablo Valadares\/C\u00e2mara dos Deputados<\/figcaption><\/figure>\n<p>&nbsp;<\/p>\n<p>Em meio a um conjunto imenso de problemas, disseminados nas mais diversas inst\u00e2ncias do Estado por conta da pandemia do Covid-19, um em especial, t\u00e3o grave quanto a quest\u00e3o da sa\u00fade dos brasileiros, diz respeito ao modo como ir\u00e3o se processar o acompanhamento e a fiscaliza\u00e7\u00e3o dessa verdadeira montanha de recursos p\u00fablicos, que, oficialmente, est\u00e1 sendo liberada ou mesmo prometida a todo o instante.<\/p>\n<p>Essa quest\u00e3o obviamente diz respeito \u00e0 sa\u00fade econ\u00f4mica do pr\u00f3prio pa\u00eds e que, todos devem saber, tem liga\u00e7\u00f5es estreitas com a sa\u00fade dos cidad\u00e3os. De fato, esse \u00e9 um ponto, que, dada a sofreguid\u00e3o do momento, tem passado despercebido e at\u00e9 sido deixado de lado. Trata-se aqui de uma discuss\u00e3o que pouco interessa \u00e0queles que n\u00e3o perdem oportunidades, nem nas horas de maior afli\u00e7\u00e3o, para extrair vantagens de todo o tipo.<\/p>\n<p>Por outro lado, esse passa a ser um problema ainda mais angustiante quando se conhece a tradicional inoper\u00e2ncia e mesmo pouca dedica\u00e7\u00e3o que os Tribunais de Contas d\u00e3o aos gastos p\u00fablicos, seja por falta de pessoal t\u00e9cnico suficiente para vistoriar, seja pelo nefasto aparelhamento pol\u00edtico desse \u00f3rg\u00e3o e suas liga\u00e7\u00f5es, digamos, fr\u00e1geis, com o Poder Legislativo. Apenas \u00e0 guisa de exemplo dessa miopia proposital com o dinheiro do contribuinte, basta recordar um fato um tanto prosaico: durante quase duas d\u00e9cadas do in\u00edcio desse s\u00e9culo, esse Tribunal especializado n\u00e3o foi capaz, em momento algum, de acender a luz vermelha de suspei\u00e7\u00e3o e d\u00favidas, quando bilh\u00f5es de reais, silenciosamente, escorreram dos cofres da na\u00e7\u00e3o para o ralo sem fundo da corrup\u00e7\u00e3o.<\/p>\n<p>Foi necess\u00e1rio, nesse caso, o trabalho solit\u00e1rio de um juiz de primeira inst\u00e2ncia do Paran\u00e1 para estancar essa sangria. A mesma displic\u00eancia vale para a Receita Federal e para o sistema financeiro do pa\u00eds, sempre cegos a grandes movimenta\u00e7\u00f5es de fundo pol\u00edtico, mas atinad\u00edssimos quando se trata de fiscalizar centavos dos mortais contribuintes que suam para ter o p\u00e3o de cada dia honestamente.<\/p>\n<p>Toda essa preocupa\u00e7\u00e3o toma ainda uma fei\u00e7\u00e3o mais pavorosa e preocupante quando chega a informa\u00e7\u00e3o de que a C\u00e2mara dos Deputados, via Centr\u00e3o, tem devotado um esfor\u00e7o, at\u00e9 fora do comum, para aprovar, em meio \u00e0 crise e por vota\u00e7\u00e3o \u00e0 dist\u00e2ncia, um amplo pacote denominado Plano Mansueto, para socorrer especificamente estados costumeiramente inadimplentes, permitindo, entre outras medidas, prorrogar a capacidade de pagamento das d\u00edvidas, de modo a enquadrarem esses entes da federa\u00e7\u00e3o dentro do Regime de Recupera\u00e7\u00e3o Fiscal.<\/p>\n<p>Tudo, obviamente, na sequ\u00eancia da pandemia, quando as aten\u00e7\u00f5es da na\u00e7\u00e3o est\u00e3o focadas na quest\u00e3o da sa\u00fade. Trata-se aqui do famoso jabuti, com roupagem da grife da Covid-19. Sem o estabelecimento de um modelo extraordin\u00e1rio de fiscaliza\u00e7\u00e3o e acompanhamento desses recursos que v\u00e3o sair dos cofres p\u00fablicos, por conta do momento de emerg\u00eancia e ainda mais em ano eleitoral, quando a classe pol\u00edtica est\u00e1 ouri\u00e7ada com as campanhas, todo o cuidado \u00e9 pouco, tanto por parte dos cidad\u00e3os que v\u00e3o votar em urnas inaudit\u00e1veis como por parte do governo, que l\u00e1 na frente poder\u00e1 ser acusado de crime contra a ordem econ\u00f4mica ou coisa que o valha.<\/p>\n<p>&nbsp;<\/p>\n<p>&nbsp;<\/p>\n<p>&nbsp;<\/p>\n<p><strong>A frase que foi pronunciada:<\/strong><\/p>\n<p><em>\u201cO coronav\u00edrus encheu os hospitais do DF de m\u00e9dicos, leitos, material cuidados, desinfec\u00e7\u00e3o, planejamentos, solidariedade. E o melhor. Sem pacientes at\u00e9 agora.\u201d<\/em><\/p>\n<p>Enfermeira de plant\u00e3o<\/p>\n<figure id=\"attachment_16307\" aria-describedby=\"caption-attachment-16307\" style=\"width: 545px\" class=\"wp-caption aligncenter\"><img loading=\"lazy\" decoding=\"async\" class=\" wp-image-16307\" src=\"https:\/\/blogs2.correiobraziliense.com.br\/aricunha\/wp-content\/uploads\/sites\/13\/2020\/04\/WhatsApp-Image-2020-03-10-at-10.04.20.jpeg\" alt=\"\" width=\"545\" height=\"364\" srcset=\"https:\/\/blogs2.correiobraziliense.com.br\/aricunha\/wp-content\/uploads\/sites\/13\/2020\/04\/WhatsApp-Image-2020-03-10-at-10.04.20.jpeg 1280w, https:\/\/blogs2.correiobraziliense.com.br\/aricunha\/wp-content\/uploads\/sites\/13\/2020\/04\/WhatsApp-Image-2020-03-10-at-10.04.20-300x200.jpeg 300w, https:\/\/blogs2.correiobraziliense.com.br\/aricunha\/wp-content\/uploads\/sites\/13\/2020\/04\/WhatsApp-Image-2020-03-10-at-10.04.20-768x512.jpeg 768w, https:\/\/blogs2.correiobraziliense.com.br\/aricunha\/wp-content\/uploads\/sites\/13\/2020\/04\/WhatsApp-Image-2020-03-10-at-10.04.20-1024x682.jpeg 1024w, https:\/\/blogs2.correiobraziliense.com.br\/aricunha\/wp-content\/uploads\/sites\/13\/2020\/04\/WhatsApp-Image-2020-03-10-at-10.04.20-350x233.jpeg 350w, https:\/\/blogs2.correiobraziliense.com.br\/aricunha\/wp-content\/uploads\/sites\/13\/2020\/04\/WhatsApp-Image-2020-03-10-at-10.04.20-550x367.jpeg 550w, https:\/\/blogs2.correiobraziliense.com.br\/aricunha\/wp-content\/uploads\/sites\/13\/2020\/04\/WhatsApp-Image-2020-03-10-at-10.04.20-230x153.jpeg 230w\" sizes=\"auto, (max-width: 545px) 100vw, 545px\" \/><figcaption id=\"caption-attachment-16307\" class=\"wp-caption-text\">Foto: V\u00edtor Mendon\u00e7a\/Jornal de Bras\u00edlia<\/figcaption><\/figure>\n<p>&nbsp;<\/p>\n<p><strong>Relaxe<\/strong><\/p>\n<p>Fernando Fernandes, de 27 anos de idade, \u00e9 o autor da plataforma Good News Coronav\u00edrus, com mais de um milh\u00e3o de acessos, trazendo s\u00f3 not\u00edcias boas sobre o assunto. Confira em <a href=\"https:\/\/agenciaaids.com.br\/noticia\/desenvolvedor-de-softwares-cria-plataforma-com-boas-noticias-sobre-o-coronavirus-conheca-o-good-news-coronavirus\/\">Conhe\u00e7a o Good News Coronav\u00edrus<\/a>.<\/p>\n<p><img loading=\"lazy\" decoding=\"async\" class=\" wp-image-16308 aligncenter\" src=\"https:\/\/blogs2.correiobraziliense.com.br\/aricunha\/wp-content\/uploads\/sites\/13\/2020\/04\/WhatsApp-Image-2020-04-03-at-13.27.46-768x936.jpeg\" alt=\"\" width=\"368\" height=\"449\" srcset=\"https:\/\/blogs2.correiobraziliense.com.br\/aricunha\/wp-content\/uploads\/sites\/13\/2020\/04\/WhatsApp-Image-2020-04-03-at-13.27.46-768x936.jpeg 768w, https:\/\/blogs2.correiobraziliense.com.br\/aricunha\/wp-content\/uploads\/sites\/13\/2020\/04\/WhatsApp-Image-2020-04-03-at-13.27.46-768x936-246x300.jpeg 246w, https:\/\/blogs2.correiobraziliense.com.br\/aricunha\/wp-content\/uploads\/sites\/13\/2020\/04\/WhatsApp-Image-2020-04-03-at-13.27.46-768x936-287x350.jpeg 287w, https:\/\/blogs2.correiobraziliense.com.br\/aricunha\/wp-content\/uploads\/sites\/13\/2020\/04\/WhatsApp-Image-2020-04-03-at-13.27.46-768x936-550x670.jpeg 550w, https:\/\/blogs2.correiobraziliense.com.br\/aricunha\/wp-content\/uploads\/sites\/13\/2020\/04\/WhatsApp-Image-2020-04-03-at-13.27.46-768x936-230x280.jpeg 230w\" sizes=\"auto, (max-width: 368px) 100vw, 368px\" \/><\/p>\n<p>&nbsp;<\/p>\n<p><strong>Atitude<\/strong><\/p>\n<p>Eu estou aqui e voc\u00ea tamb\u00e9m. Trata-se de uma iniciativa do <a href=\"https:\/\/www.institutotocar.org\/\">instituto tocar<\/a> em parceria com a Secretaria de Desenvolvimento Social do DF, para promover apoio aos moradores de rua que est\u00e3o reunidos no aut\u00f3dromo. Precisam de doa\u00e7\u00f5es! Vejam mais detalhes para as doa\u00e7\u00f5es no <a href=\"https:\/\/chat.whatsapp.com\/ExdSXaCDKU145EnAYufaAJ\">grupo do WhatsApp<\/a>. Eles buscam tudo para voc\u00ea.<\/p>\n<p><img loading=\"lazy\" decoding=\"async\" class=\" wp-image-16303 aligncenter\" src=\"https:\/\/blogs2.correiobraziliense.com.br\/aricunha\/wp-content\/uploads\/sites\/13\/2020\/04\/ExdSXaCDKU145EnAYufaAJ.jpg\" alt=\"\" width=\"544\" height=\"544\" srcset=\"https:\/\/blogs2.correiobraziliense.com.br\/aricunha\/wp-content\/uploads\/sites\/13\/2020\/04\/ExdSXaCDKU145EnAYufaAJ.jpg 640w, https:\/\/blogs2.correiobraziliense.com.br\/aricunha\/wp-content\/uploads\/sites\/13\/2020\/04\/ExdSXaCDKU145EnAYufaAJ-150x150.jpg 150w, https:\/\/blogs2.correiobraziliense.com.br\/aricunha\/wp-content\/uploads\/sites\/13\/2020\/04\/ExdSXaCDKU145EnAYufaAJ-300x300.jpg 300w, https:\/\/blogs2.correiobraziliense.com.br\/aricunha\/wp-content\/uploads\/sites\/13\/2020\/04\/ExdSXaCDKU145EnAYufaAJ-350x350.jpg 350w, https:\/\/blogs2.correiobraziliense.com.br\/aricunha\/wp-content\/uploads\/sites\/13\/2020\/04\/ExdSXaCDKU145EnAYufaAJ-550x550.jpg 550w, https:\/\/blogs2.correiobraziliense.com.br\/aricunha\/wp-content\/uploads\/sites\/13\/2020\/04\/ExdSXaCDKU145EnAYufaAJ-230x230.jpg 230w\" sizes=\"auto, (max-width: 544px) 100vw, 544px\" \/><\/p>\n<p>&nbsp;<\/p>\n<p><strong>Cultura<\/strong><\/p>\n<p>Coisas boas que apareceram com o coronav\u00edrus. Uma lista com centenas de cursos online, alguns gratuitos, e programa\u00e7\u00e3o do maestro Barenboim, ao piano, celebrando os duzentos e cinquenta anos de Beethoven. Barenboim \u00e9 o maestro ovacionado por construir uma orquestra com jovens palestinos e judeus. Veja a lista na p\u00e1gina:\u00a0<a href=\"https:\/\/www.showmetech.com.br\/1157-cursos-portugues-certificado-gratuito\/?fbclid=IwAR20PcUms1Q7CBcBDTRE2CXKeqMNqbhDNqRgYGTvuoptPAp9UHQ8BP8pef0\">Listamos 1156 cursos em portugu\u00eas com certificado gratuito, para voc\u00ea aprender em casa<\/a>.<\/p>\n<p><img loading=\"lazy\" decoding=\"async\" class=\" wp-image-16304 aligncenter\" src=\"https:\/\/blogs2.correiobraziliense.com.br\/aricunha\/wp-content\/uploads\/sites\/13\/2020\/04\/cursos-universidades-990x556-1-1.png\" alt=\"\" width=\"551\" height=\"310\" srcset=\"https:\/\/blogs2.correiobraziliense.com.br\/aricunha\/wp-content\/uploads\/sites\/13\/2020\/04\/cursos-universidades-990x556-1-1.png 990w, https:\/\/blogs2.correiobraziliense.com.br\/aricunha\/wp-content\/uploads\/sites\/13\/2020\/04\/cursos-universidades-990x556-1-1-300x168.png 300w, https:\/\/blogs2.correiobraziliense.com.br\/aricunha\/wp-content\/uploads\/sites\/13\/2020\/04\/cursos-universidades-990x556-1-1-768x431.png 768w, https:\/\/blogs2.correiobraziliense.com.br\/aricunha\/wp-content\/uploads\/sites\/13\/2020\/04\/cursos-universidades-990x556-1-1-350x197.png 350w, https:\/\/blogs2.correiobraziliense.com.br\/aricunha\/wp-content\/uploads\/sites\/13\/2020\/04\/cursos-universidades-990x556-1-1-550x309.png 550w, https:\/\/blogs2.correiobraziliense.com.br\/aricunha\/wp-content\/uploads\/sites\/13\/2020\/04\/cursos-universidades-990x556-1-1-230x129.png 230w\" sizes=\"auto, (max-width: 551px) 100vw, 551px\" \/><\/p>\n<p>&nbsp;<\/p>\n<p><strong>Ru\u00eddo<\/strong><\/p>\n<p>N\u00e3o bate a not\u00edcia de que o embaixador Georg Witschel, da Alemanha, est\u00e1 convocando os cidad\u00e3os que se encontram no Brasil em viagem para voltar imediatamente para a Alemanha. O que diz no portal da embaixada em Bras\u00edlia \u00e9 para permanecerem onde est\u00e3o. Veja no link\u00a0<a href=\"https:\/\/brasil.diplo.de\/br-pt\/-\/2320108\">IMPORTANTE: Est\u00e1 imediatamente proibida a entrada na Alemanha, a princ\u00edpio, pelos pr\u00f3ximos 30 dias!<\/a>.<\/p>\n<p><img loading=\"lazy\" decoding=\"async\" class=\" wp-image-16302 aligncenter\" src=\"https:\/\/blogs2.correiobraziliense.com.br\/aricunha\/wp-content\/uploads\/sites\/13\/2020\/04\/200304-kristenstabbild1-corona.jpg\" alt=\"\" width=\"548\" height=\"245\" srcset=\"https:\/\/blogs2.correiobraziliense.com.br\/aricunha\/wp-content\/uploads\/sites\/13\/2020\/04\/200304-kristenstabbild1-corona.jpg 1230w, https:\/\/blogs2.correiobraziliense.com.br\/aricunha\/wp-content\/uploads\/sites\/13\/2020\/04\/200304-kristenstabbild1-corona-300x134.jpg 300w, https:\/\/blogs2.correiobraziliense.com.br\/aricunha\/wp-content\/uploads\/sites\/13\/2020\/04\/200304-kristenstabbild1-corona-768x343.jpg 768w, https:\/\/blogs2.correiobraziliense.com.br\/aricunha\/wp-content\/uploads\/sites\/13\/2020\/04\/200304-kristenstabbild1-corona-1024x458.jpg 1024w, https:\/\/blogs2.correiobraziliense.com.br\/aricunha\/wp-content\/uploads\/sites\/13\/2020\/04\/200304-kristenstabbild1-corona-350x157.jpg 350w, https:\/\/blogs2.correiobraziliense.com.br\/aricunha\/wp-content\/uploads\/sites\/13\/2020\/04\/200304-kristenstabbild1-corona-550x246.jpg 550w, https:\/\/blogs2.correiobraziliense.com.br\/aricunha\/wp-content\/uploads\/sites\/13\/2020\/04\/200304-kristenstabbild1-corona-230x103.jpg 230w\" sizes=\"auto, (max-width: 548px) 100vw, 548px\" \/><\/p>\n<p>&nbsp;<\/p>\n<p><strong>HIST\u00d3RIA DE BRAS\u00cdLIA<\/strong><\/p>\n<p>Est\u00e3o em S\u00e3o Paulo, os representantes do Movimento do Rearmamento Moral. Gostaram do Brasil, os meninos. H\u00e1 um \u00edndio, que faz o papel de um trabalhador fichado em S\u00e3o Paulo, para ser o representante dos trabalhadores no Partido Socialista. Tinha casa e comida para n\u00e3o fazer nada, e, nas sess\u00f5es, sentar-se \u00e0 mesa como representante classista. <strong>(Publicado em 04\/01\/1962)<\/strong><\/p>\n","protected":false},"excerpt":{"rendered":"<p>VISTO, LIDO E OUVIDO, criada por Ari Cunha (In memoriam) Desde 1960, com Circe Cunha e Mamfil jornalistacircecunha@gmail.com Facebook.com\/vistolidoeouvido Instagram.com\/vistolidoeouvido &nbsp; &nbsp; Em meio a um conjunto imenso de problemas, disseminados nas mais diversas inst\u00e2ncias do Estado por conta da pandemia do Covid-19, um em especial, t\u00e3o grave quanto a quest\u00e3o da sa\u00fade dos brasileiros, [&hellip;]<\/p>\n","protected":false},"author":34,"featured_media":16309,"comment_status":"open","ping_status":"open","sticky":false,"template":"","format":"standard","meta":{"wpb_read_more":[],"footnotes":""},"categories":[23],"tags":[861,1561,1307,2148,494,1235,114,1432,2198,2130,188,68,2,69,16],"class_list":["post-16297","post","type-post","status-publish","format-standard","has-post-thumbnail","hentry","category-integra","tag-camaradosdeputados","tag-centrao","tag-congressonacional","tag-coronavirus","tag-criseeconomica","tag-governobolsonaro","tag-historiadebrasilia","tag-ministeriodaeconomia","tag-planomansueto","tag-rodrigomaia","tag-saudenobrasil","tag-aricunha","tag-brasilia","tag-circecunha","tag-mamfil"],"_links":{"self":[{"href":"https:\/\/blogs2.correiobraziliense.com.br\/aricunha\/wp-json\/wp\/v2\/posts\/16297","targetHints":{"allow":["GET"]}}],"collection":[{"href":"https:\/\/blogs2.correiobraziliense.com.br\/aricunha\/wp-json\/wp\/v2\/posts"}],"about":[{"href":"https:\/\/blogs2.correiobraziliense.com.br\/aricunha\/wp-json\/wp\/v2\/types\/post"}],"author":[{"embeddable":true,"href":"https:\/\/blogs2.correiobraziliense.com.br\/aricunha\/wp-json\/wp\/v2\/users\/34"}],"replies":[{"embeddable":true,"href":"https:\/\/blogs2.correiobraziliense.com.br\/aricunha\/wp-json\/wp\/v2\/comments?post=16297"}],"version-history":[{"count":2,"href":"https:\/\/blogs2.correiobraziliense.com.br\/aricunha\/wp-json\/wp\/v2\/posts\/16297\/revisions"}],"predecessor-version":[{"id":16310,"href":"https:\/\/blogs2.correiobraziliense.com.br\/aricunha\/wp-json\/wp\/v2\/posts\/16297\/revisions\/16310"}],"wp:featuredmedia":[{"embeddable":true,"href":"https:\/\/blogs2.correiobraziliense.com.br\/aricunha\/wp-json\/wp\/v2\/media\/16309"}],"wp:attachment":[{"href":"https:\/\/blogs2.correiobraziliense.com.br\/aricunha\/wp-json\/wp\/v2\/media?parent=16297"}],"wp:term":[{"taxonomy":"category","embeddable":true,"href":"https:\/\/blogs2.correiobraziliense.com.br\/aricunha\/wp-json\/wp\/v2\/categories?post=16297"},{"taxonomy":"post_tag","embeddable":true,"href":"https:\/\/blogs2.correiobraziliense.com.br\/aricunha\/wp-json\/wp\/v2\/tags?post=16297"}],"curies":[{"name":"wp","href":"https:\/\/api.w.org\/{rel}","templated":true}]}}