{"id":16619,"date":"2020-05-22T01:00:01","date_gmt":"2020-05-22T04:00:01","guid":{"rendered":"http:\/\/blogs.correiobraziliense.com.br\/aricunha\/?p=16619"},"modified":"2020-05-22T01:00:01","modified_gmt":"2020-05-22T04:00:01","slug":"atencao-ao-que-se-ouve-atencao-dobrada-ao-que-se-fala","status":"publish","type":"post","link":"https:\/\/blogs2.correiobraziliense.com.br\/aricunha\/atencao-ao-que-se-ouve-atencao-dobrada-ao-que-se-fala\/","title":{"rendered":"Clique aqui &#8211; Aten\u00e7\u00e3o ao que se ouve e, sobretudo, ao que se fala."},"content":{"rendered":"<p>VISTO, LIDO E OUVIDO, criada por Ari Cunha (In memoriam)<\/p>\n<p>Desde 1960, com Circe Cunha e Mamfil<\/p>\n<p>jornalistacircecunha@gmail.com<\/p>\n<p>Facebook.com\/vistolidoeouvido<\/p>\n<p>Instagram.com\/vistolidoeouvido<\/p>\n<p>&nbsp;<\/p>\n<figure id=\"attachment_16616\" aria-describedby=\"caption-attachment-16616\" style=\"width: 597px\" class=\"wp-caption aligncenter\"><img loading=\"lazy\" decoding=\"async\" class=\"size-full wp-image-16616\" src=\"http:\/\/blogs.correiobraziliense.com.br\/aricunha\/wp-content\/uploads\/sites\/13\/2020\/05\/e-da\u00ed.jpg\" alt=\"\" width=\"597\" height=\"593\" \/><figcaption id=\"caption-attachment-16616\" class=\"wp-caption-text\">Charge compartilhada no perfil oficial do deputado federal Kim Kataguiri no Instagram<\/figcaption><\/figure>\n<p>&nbsp;<\/p>\n<p>F\u00f4ssemos qualificar os homens p\u00fablicos brasileiros, numa escala de valores que inclu\u00edssem, al\u00e9m dos atributos \u00e9ticos da temperan\u00e7a, o respeito devido a todos os cidad\u00e3os, tomando como par\u00e2metro apenas o que dissessem em determinadas oportunidades, o quadro seria desolador, para dizer o m\u00ednimo. Frases e outras afirma\u00e7\u00f5es, feitas ao acaso, utilizando, para isso, apenas os m\u00fasculos que movem a l\u00edngua, sem o uso do c\u00e9rebro ou de outros mecanismos do ju\u00edzo, denotam n\u00e3o s\u00f3 a aus\u00eancia de uma boa forma\u00e7\u00e3o moral na maioria de nossos homens p\u00fablicos, mas, sobretudo, de uma tend\u00eancia que certifica que a nossa classe pol\u00edtica tem sido normalmente recrutada entre aqueles brasileiros refrat\u00e1rios aos mais elementares princ\u00edpios \u00e9ticos.<\/p>\n<p>Esses chamados \u201cdeslizes verbais\u201d, t\u00e3o recorrentes hoje em dia, muito mais do que aparentemente frases lan\u00e7adas a ermo contra o bom senso, traduzem um jeitinho muito pr\u00f3prio com que esses personagens agem no dia a dia no desempenho de suas fun\u00e7\u00f5es. Na verdade, essas diatribes, destrambelhadas e repletas de abobrinhas, acabam revelando a verdadeira ess\u00eancia de seus emissores. S\u00e3o o que s\u00e3o e exp\u00f5em isso, mesmo que n\u00e3o percebam, em suas falas toscas.<\/p>\n<p>A lista contendo essas parvo\u00edces, oficiais ou n\u00e3o, \u00e9 imensa e daria para preencher bibliotecas volumosas. Fossem esses maldizeres apenas elementos para compor o imenso anedot\u00e1rio da pol\u00edtica nacional, ainda assim seria um sinal de que os brasileiros t\u00eam sido, por s\u00e9culos, regidos por m\u00e3os erradas, acionadas por c\u00e9rebros vadios. Ocorre que, por detr\u00e1s dessa pretensa inoc\u00eancia que deixa escapar frases ao l\u00e9u, a revelar um conte\u00fado de poucas letras e de rudeza espiritual, escondem-se as figuras que n\u00e3o passam de maus gestores, al\u00e7ados ao poder nas muitas encruzilhadas hist\u00f3ricas que o Brasil encontra pela frente e que, n\u00e3o raro, infelicitam a na\u00e7\u00e3o.<\/p>\n<p>Tomando como exemplo alguns desses deslizes verborr\u00e1gicos mais recentes, e \u00e0 guisa de comprova\u00e7\u00e3o do que foi dito acima, duas lideran\u00e7as, uma do passado e outra do presente, ganharam, mais uma vez, nesta semana, as manchetes dos notici\u00e1rios de todo o pa\u00eds com suas p\u00e9rolas falsas. Lula, o ex-presidente presidi\u00e1rio, numa eterna luta entre uma l\u00edngua r\u00e1pida e um c\u00e9rebro capenga, afirmou, com todas as letras que: \u201cAinda bem que a natureza criou o monstro do Coronav\u00edrus\u201d. Sobre essa fala, e conhecendo como os brasileiros conhecem seu autor, n\u00e3o vale nem a pena analisar, apenas serve como ilustra\u00e7\u00e3o de que esse deslize vocal revela bem quem proferiu tamanha sandice.<\/p>\n<p>Outra frase, das muitas que t\u00eam sido ditas de modo dissociado entre c\u00e9rebro e l\u00edngua pelo atual presidente Jair Bolsonaro, na mais recente, ele voltou a brincar com a coisa s\u00e9ria que \u00e9 a pandemia, dizendo que o pessoal de direita deve tomar a Cloroquina e o de esquerda, Tuba\u00edna. Nesse caso tamb\u00e9m e dada a recorr\u00eancia com que frases do tipo \u201cE da\u00ed?\u201d s\u00e3o proferidas em momentos de grande agonia mundial.<\/p>\n<p>&nbsp;<\/p>\n<p>&nbsp;<\/p>\n<p>&nbsp;<\/p>\n<p><strong>A frase que foi pronunciada:<\/strong><\/p>\n<p><em>\u201cMuitas vezes, nos arrependemos de ter falado, mas nenhuma de ter calado.\u201d<\/em><\/p>\n<p>Sim\u00f3nides de Ceos, foi um poeta grego, o maior autor de epigramas do per\u00edodo arcaico. (556 a.C. \u2014 468 a.C.)<\/p>\n<p><iframe loading=\"lazy\" title=\"A verdade sem distor\u00e7\u00f5es dos porcos.\" width=\"720\" height=\"405\" src=\"https:\/\/www.youtube.com\/embed\/sSky23zp-Ns?feature=oembed\" frameborder=\"0\" allow=\"accelerometer; autoplay; clipboard-write; encrypted-media; gyroscope; picture-in-picture; web-share\" referrerpolicy=\"strict-origin-when-cross-origin\" allowfullscreen><\/iframe><\/p>\n<p><iframe loading=\"lazy\" title=\"Lula comemora surgimento do coronav\u00edrus\" width=\"720\" height=\"405\" src=\"https:\/\/www.youtube.com\/embed\/jRkA47ErZYI?feature=oembed\" frameborder=\"0\" allow=\"accelerometer; autoplay; clipboard-write; encrypted-media; gyroscope; picture-in-picture; web-share\" referrerpolicy=\"strict-origin-when-cross-origin\" allowfullscreen><\/iframe><\/p>\n<p>&nbsp;<\/p>\n<p><strong>Dengue<\/strong><\/p>\n<p>Aumentam, assustadoramente, os casos em diversas regi\u00f5es do DF. O governo do Distrito Federal iniciou uma for\u00e7a tarefa e j\u00e1 inspecionou mais de 34 mil im\u00f3veis e 72 mil dep\u00f3sitos no combate \u00e0 dengue. Os agentes retiraram entulhos, verificaram focos e trataram 4.480 im\u00f3veis em 8.501.<\/p>\n<figure id=\"attachment_16624\" aria-describedby=\"caption-attachment-16624\" style=\"width: 548px\" class=\"wp-caption aligncenter\"><img loading=\"lazy\" decoding=\"async\" class=\" wp-image-16624\" src=\"http:\/\/blogs.correiobraziliense.com.br\/aricunha\/wp-content\/uploads\/sites\/13\/2020\/05\/gdf.jpg\" alt=\"\" width=\"548\" height=\"363\" \/><figcaption id=\"caption-attachment-16624\" class=\"wp-caption-text\">Foto: agenciabrasilia.df.gov<\/figcaption><\/figure>\n<p><strong>\u00a0<\/strong><\/p>\n<p><strong>Motos<\/strong><\/p>\n<p>Moradores do CA no Lago Norte e de outras regi\u00f5es, com restaurantes com entrega em domic\u00edlio, reclamam das motos com escapamento manipulado. O barulho \u00e9 ensurdecedor e constante. Hora de o Detran agir novamente.<\/p>\n<figure id=\"attachment_16623\" aria-describedby=\"caption-attachment-16623\" style=\"width: 547px\" class=\"wp-caption aligncenter\"><img loading=\"lazy\" decoding=\"async\" class=\" wp-image-16623\" src=\"http:\/\/blogs.correiobraziliense.com.br\/aricunha\/wp-content\/uploads\/sites\/13\/2020\/05\/moto.jpg\" alt=\"\" width=\"547\" height=\"364\" \/><figcaption id=\"caption-attachment-16623\" class=\"wp-caption-text\">Foto: Divulga\u00e7\u00e3o \/ Detran-DF<\/figcaption><\/figure>\n<p><strong>\u00a0<\/strong><\/p>\n<p><strong>BRA-SIL separado<\/strong><\/p>\n<p>Oposi\u00e7\u00e3o e entidades entram com pedido coletivo de impeachment do presidente Bolsonaro. \u201cO Brasil \u00e9 o \u00fanico barco do mundo que enfrenta o maremoto do Coronav\u00edrus com os tripulantes brigando entre eles. N\u00e3o \u00e9 hora de pensar no que o Brasil pode fazer por voc\u00ea.\u201d Foi mais ou menos isso o que disse o ministro Paulo Guedes, em uma entrevista, com toda propriedade.<\/p>\n<figure id=\"attachment_16622\" aria-describedby=\"caption-attachment-16622\" style=\"width: 546px\" class=\"wp-caption aligncenter\"><img loading=\"lazy\" decoding=\"async\" class=\" wp-image-16622\" src=\"http:\/\/blogs.correiobraziliense.com.br\/aricunha\/wp-content\/uploads\/sites\/13\/2020\/05\/img20200521122139901-768x512.jpg\" alt=\"\" width=\"546\" height=\"364\" \/><figcaption id=\"caption-attachment-16622\" class=\"wp-caption-text\">Representantes dos partidos entregaram o pedido na C\u00e2mara dos Deputados<br \/>Foto: Ag\u00eancia C\u00e2mara de Not\u00edcias<\/figcaption><\/figure>\n<p><strong>\u00a0<\/strong><\/p>\n<p><strong>M\u00e1scaras<\/strong><\/p>\n<p>Distribui\u00e7\u00e3o de m\u00e1scaras hoje em todos os terminais rodovi\u00e1rios e em todas as esta\u00e7\u00f5es do Metr\u00f4. Ainda, de forma itinerante, nas regi\u00f5es e proximidades de Ceil\u00e2ndia, Taguatinga, Cruzeiro, Sudoeste, Octogonal, Sobradinho, Fercal, Planaltina, Samambaia, \u00c1guas Claras, Vicente Pires, Recanto das Emas, Riacho Fundo I, Riacho Fundo II.<\/p>\n<figure id=\"attachment_16621\" aria-describedby=\"caption-attachment-16621\" style=\"width: 545px\" class=\"wp-caption aligncenter\"><img loading=\"lazy\" decoding=\"async\" class=\" wp-image-16621\" src=\"http:\/\/blogs.correiobraziliense.com.br\/aricunha\/wp-content\/uploads\/sites\/13\/2020\/05\/30.04.2020-GDF-distribuiu-centenas-de-m\u00e1scaras-em-esta\u00e7\u00f5es-de-metr\u00f4-e-terminais-rodovi\u00e1rios.-Elas-s\u00e3o-lav\u00e1veis-e-reutiliz\u00e1veis.-Foto-Semob-1.jpeg\" alt=\"\" width=\"545\" height=\"409\" \/><figcaption id=\"caption-attachment-16621\" class=\"wp-caption-text\">Foto: Semob<\/figcaption><\/figure>\n<p><strong>\u00a0<\/strong><\/p>\n<p><strong>HIST\u00d3RIA DE BRAS\u00cdLIA<\/strong><\/p>\n<p>O posto policial nas \u00e1reas verdes das superquadras trouxe um mal que vai se agravar na \u00e9poca da poeira: \u00e9 o tr\u00e2nsito de carros em local n\u00e3o permitido. A W-1 \u00e9 interrompida, mesmo, de acordo com o Plano da Cidade. <strong>(Publicado em 07\/01\/1962)<\/strong><\/p>\n","protected":false},"excerpt":{"rendered":"<p>VISTO, LIDO E OUVIDO, criada por Ari Cunha (In memoriam) Desde 1960, com Circe Cunha e Mamfil jornalistacircecunha@gmail.com Facebook.com\/vistolidoeouvido Instagram.com\/vistolidoeouvido &nbsp; &nbsp; F\u00f4ssemos qualificar os homens p\u00fablicos brasileiros, numa escala de valores que inclu\u00edssem, al\u00e9m dos atributos \u00e9ticos da temperan\u00e7a, o respeito devido a todos os cidad\u00e3os, tomando como par\u00e2metro apenas o que dissessem em [&hellip;]<\/p>\n","protected":false},"author":34,"featured_media":16616,"comment_status":"open","ping_status":"open","sticky":false,"template":"","format":"standard","meta":{"wpb_read_more":[],"footnotes":""},"categories":[23],"tags":[2154,228,133,1235,114,2252,553,2244,261,1413,1187,119,68,2,69,16],"class_list":["post-16619","post","type-post","status-publish","format-standard","has-post-thumbnail","hentry","category-integra","tag-covid-19","tag-crisenobrasil","tag-direitaeesquerdanobrasil","tag-governobolsonaro","tag-historiadebrasilia","tag-impeachment","tag-lula","tag-pandemiadocoronavirus","tag-politicanobrasil","tag-presidenciadarepublica","tag-presidentebolsonaro","tag-pt","tag-aricunha","tag-brasilia","tag-circecunha","tag-mamfil"],"_links":{"self":[{"href":"https:\/\/blogs2.correiobraziliense.com.br\/aricunha\/wp-json\/wp\/v2\/posts\/16619","targetHints":{"allow":["GET"]}}],"collection":[{"href":"https:\/\/blogs2.correiobraziliense.com.br\/aricunha\/wp-json\/wp\/v2\/posts"}],"about":[{"href":"https:\/\/blogs2.correiobraziliense.com.br\/aricunha\/wp-json\/wp\/v2\/types\/post"}],"author":[{"embeddable":true,"href":"https:\/\/blogs2.correiobraziliense.com.br\/aricunha\/wp-json\/wp\/v2\/users\/34"}],"replies":[{"embeddable":true,"href":"https:\/\/blogs2.correiobraziliense.com.br\/aricunha\/wp-json\/wp\/v2\/comments?post=16619"}],"version-history":[{"count":0,"href":"https:\/\/blogs2.correiobraziliense.com.br\/aricunha\/wp-json\/wp\/v2\/posts\/16619\/revisions"}],"wp:featuredmedia":[{"embeddable":true,"href":"https:\/\/blogs2.correiobraziliense.com.br\/aricunha\/wp-json\/wp\/v2\/media\/16616"}],"wp:attachment":[{"href":"https:\/\/blogs2.correiobraziliense.com.br\/aricunha\/wp-json\/wp\/v2\/media?parent=16619"}],"wp:term":[{"taxonomy":"category","embeddable":true,"href":"https:\/\/blogs2.correiobraziliense.com.br\/aricunha\/wp-json\/wp\/v2\/categories?post=16619"},{"taxonomy":"post_tag","embeddable":true,"href":"https:\/\/blogs2.correiobraziliense.com.br\/aricunha\/wp-json\/wp\/v2\/tags?post=16619"}],"curies":[{"name":"wp","href":"https:\/\/api.w.org\/{rel}","templated":true}]}}