{"id":16731,"date":"2020-06-04T01:00:57","date_gmt":"2020-06-04T04:00:57","guid":{"rendered":"http:\/\/blogs.correiobraziliense.com.br\/aricunha\/?p=16731"},"modified":"2020-06-04T01:00:57","modified_gmt":"2020-06-04T04:00:57","slug":"clique-aqui-desarmonia-entre-poderes","status":"publish","type":"post","link":"https:\/\/blogs2.correiobraziliense.com.br\/aricunha\/clique-aqui-desarmonia-entre-poderes\/","title":{"rendered":"Clique aqui &#8211; Desarmonia entre poderes"},"content":{"rendered":"<p>VISTO, LIDO E OUVIDO, criada por Ari Cunha (In memoriam)<\/p>\n<p>Desde 1960, com Circe Cunha e Mamfil<\/p>\n<p>jornalistacircecunha@gmail.com<\/p>\n<p>Facebook.com\/vistolidoeouvido<\/p>\n<p>Instagram.com\/vistolidoeouvido<\/p>\n<p>&nbsp;<\/p>\n<figure id=\"attachment_16739\" aria-describedby=\"caption-attachment-16739\" style=\"width: 645px\" class=\"wp-caption aligncenter\"><img loading=\"lazy\" decoding=\"async\" class=\" wp-image-16739\" src=\"http:\/\/blogs.correiobraziliense.com.br\/aricunha\/wp-content\/uploads\/sites\/13\/2020\/06\/eleicoes-urna-brasil.jpg\" alt=\"\" width=\"645\" height=\"430\" srcset=\"https:\/\/blogs2.correiobraziliense.com.br\/aricunha\/wp-content\/uploads\/sites\/13\/2020\/06\/eleicoes-urna-brasil.jpg 680w, https:\/\/blogs2.correiobraziliense.com.br\/aricunha\/wp-content\/uploads\/sites\/13\/2020\/06\/eleicoes-urna-brasil-300x200.jpg 300w, https:\/\/blogs2.correiobraziliense.com.br\/aricunha\/wp-content\/uploads\/sites\/13\/2020\/06\/eleicoes-urna-brasil-550x366.jpg 550w, https:\/\/blogs2.correiobraziliense.com.br\/aricunha\/wp-content\/uploads\/sites\/13\/2020\/06\/eleicoes-urna-brasil-230x153.jpg 230w\" sizes=\"auto, (max-width: 645px) 100vw, 645px\" \/><figcaption id=\"caption-attachment-16739\" class=\"wp-caption-text\">Imagem: veja.abril.com<\/figcaption><\/figure>\n<p>&nbsp;<\/p>\n<p>Das muitas reformas que o Pa\u00eds necessita para um progressivo aperfei\u00e7oamento e estabilidade de nossa democracia, uma em especial vai se mostrando a cada dia mais urgente e inadi\u00e1vel: o fim do instituto da reelei\u00e7\u00e3o para presidente da Rep\u00fablica. Trata-se de um debate que vem se arrastando por anos dentro do Congresso, por conta de resist\u00eancias m\u00faltiplas, todas elas embasadas em estrat\u00e9gias pol\u00edticas, mas que n\u00e3o encontram acolhida junto \u00e0 sociedade, que quer ver resolvida essa quest\u00e3o o mais rapidamente poss\u00edvel.<\/p>\n<p>\u00c9 fato que a sociedade brasileira j\u00e1 identificou, na reelei\u00e7\u00e3o do chefe do Executivo, o ponto de maior instabilidade desse e de qualquer outro governo, desde a posse de Fernando Henrique Cardoso, o primeiro beneficiado com essa possibilidade, depois da aprova\u00e7\u00e3o de uma Proposta de Emenda \u00e0 Constitui\u00e7\u00e3o (PEC) em maio de 1997. FHC tamb\u00e9m experimentaria com essa medida um conjunto de dissabores de tal ordem que, direta ou indiretamente, acabaram por afetar negativamente seu segundo mandato e, de certa forma, aceleraria a chegada de Lula ao poder.<\/p>\n<p>A PEC 376, que trata do assunto, vem se arrastando no parlamento desde 2009, quando tiveram in\u00edcio as discuss\u00f5es sobre a reforma pol\u00edtica. Acontece que todos os presidentes da Rep\u00fablica em primeiro mandato usam, invariavelmente, da for\u00e7a e da influ\u00eancia pol\u00edtica que possuem no Congresso para empurrar essa discuss\u00e3o para frente, para o pr\u00f3ximo candidato, e com isso o tema permanece sendo adiado sine die, prolongando tamb\u00e9m as agruras e as instabilidades pol\u00edticas. H\u00e1 exatamente um ano, o relat\u00f3rio dessa PEC era aprovado na Comiss\u00e3o de Constitui\u00e7\u00e3o e Justi\u00e7a da C\u00e2mara dos Deputados, mas por press\u00e3o dos l\u00edderes e do pr\u00f3prio governo.<\/p>\n<p>Antes da elei\u00e7\u00e3o, a exemplo de outros presidentes, o candidato Jair Bolsonaro defendia o fim da reelei\u00e7\u00e3o. Depois de empossado, contudo, passou a trabalhar, desde o primeiro dia de mandato, e com afinco, para reeleger-se e n\u00e3o esconde isso de ningu\u00e9m, E \u00e9 a\u00ed que mora o problema. A PEC em tramita\u00e7\u00e3o prop\u00f5e acabar com a reelei\u00e7\u00e3o para todos os cargos do Executivo \u2013 presidente, governadores e prefeitos \u2013, aumentando de quatro para cinco anos os respectivos mandatos. Com a pandemia e a quarentena, imposta a tudo e a todos, ficou mais f\u00e1cil, nesse momento, voltar a discuss\u00e3o tamb\u00e9m sobre a unifica\u00e7\u00e3o das elei\u00e7\u00f5es gerais e municipais, bastando apenas prolongar os mandatos dos prefeitos para que coincidam com as pr\u00f3ximas elei\u00e7\u00f5es.<\/p>\n<p>Mas, mesmo esse tema, que vem sendo discutido h\u00e1 mais de dez anos dentro Congresso, n\u00e3o encontra unanimidade. Ao limitar os mandatos do Poder Executivo em cinco anos sem reelei\u00e7\u00e3o, o presidente da Rep\u00fablica n\u00e3o mais dispenderia esfor\u00e7os, tempo e recursos em busca de um novo mandato, concentrando sua aten\u00e7\u00e3o e atua\u00e7\u00e3o no presente, deixando o futuro e as incertezas para os candidatos vindouros.<\/p>\n<p>Passadas mais de duas d\u00e9cadas da inclus\u00e3o do instituto da reelei\u00e7\u00e3o na Constitui\u00e7\u00e3o Federal brasileira, a percep\u00e7\u00e3o geral sobre essa mat\u00e9ria \u00e9 que ela, por suas caracter\u00edsticas e pelo modelo de presidencialismo do tipo coaliza\u00e7\u00e3o que possu\u00edmos, tem sido prejudicial \u00e0 pr\u00f3pria democracia, desvirtuando os mecanismos de elei\u00e7\u00f5es, favorecendo candidatos no poder, criando um clima de animosidade, cada vez maior, nas disputas entre outros malef\u00edcios para nossa democracia.<\/p>\n<p>O uso claro da m\u00e1quina p\u00fablica, apesar da legisla\u00e7\u00e3o, \u00e9 outro fator a desmerecer esse instituto que, para muitos, n\u00e3o apenas compromete a moralidade p\u00fablica, como tamb\u00e9m influi negativamente na probidade administrativa, na igualdade dos pleitos, contribuindo ainda para o abuso do poder econ\u00f4mico e de autoridade, al\u00e9m de obstruir a renova\u00e7\u00e3o necess\u00e1ria dos quadros pol\u00edticos.<\/p>\n<p>&nbsp;<\/p>\n<p><strong>\u00a0<\/strong><\/p>\n<p><strong>\u00a0<\/strong><\/p>\n<p><strong>\u00a0<\/strong><\/p>\n<p><strong>A frase que foi pronunciada:<\/strong><\/p>\n<p><em>\u201cTenho visto \u00f3peras na Inglaterra e na It\u00e1lia; s\u00e3o os mesmos enredos com os mesmos atores: mas a mesma m\u00fasica produz efeitos t\u00e3o d\u00edspares nos habitantes dessas duas na\u00e7\u00f5es que parece inconceb\u00edvel \u2013 uma delas t\u00e3o calma, a outra t\u00e3o entusi\u00e1stica(&#8230;) Um moscovita precisa ser chicoteado para que comece a sentir qualquer coisa.\u201d<\/em><\/p>\n<p>Montesquieu foi um pol\u00edtico, fil\u00f3sofo e escritor franc\u00eas.<\/p>\n<figure id=\"attachment_15629\" aria-describedby=\"caption-attachment-15629\" style=\"width: 441px\" class=\"wp-caption aligncenter\"><img loading=\"lazy\" decoding=\"async\" class=\" wp-image-15629\" src=\"http:\/\/blogs.correiobraziliense.com.br\/aricunha\/wp-content\/uploads\/sites\/13\/2019\/12\/Montesquieu_1.jpg\" alt=\"\" width=\"441\" height=\"529\" srcset=\"https:\/\/blogs2.correiobraziliense.com.br\/aricunha\/wp-content\/uploads\/sites\/13\/2019\/12\/Montesquieu_1.jpg 800w, https:\/\/blogs2.correiobraziliense.com.br\/aricunha\/wp-content\/uploads\/sites\/13\/2019\/12\/Montesquieu_1-250x300.jpg 250w, https:\/\/blogs2.correiobraziliense.com.br\/aricunha\/wp-content\/uploads\/sites\/13\/2019\/12\/Montesquieu_1-768x922.jpg 768w, https:\/\/blogs2.correiobraziliense.com.br\/aricunha\/wp-content\/uploads\/sites\/13\/2019\/12\/Montesquieu_1-292x350.jpg 292w, https:\/\/blogs2.correiobraziliense.com.br\/aricunha\/wp-content\/uploads\/sites\/13\/2019\/12\/Montesquieu_1-550x660.jpg 550w, https:\/\/blogs2.correiobraziliense.com.br\/aricunha\/wp-content\/uploads\/sites\/13\/2019\/12\/Montesquieu_1-230x276.jpg 230w\" sizes=\"auto, (max-width: 441px) 100vw, 441px\" \/><figcaption id=\"caption-attachment-15629\" class=\"wp-caption-text\">Reprodu\u00e7\u00e3o da Internet<\/figcaption><\/figure>\n<p>&nbsp;<\/p>\n<p><strong>Solidariedade<\/strong><\/p>\n<p>Dia 6, nesse s\u00e1bado, a Confraria Panelas da Casa, em parceria com a Cervejaria Colombina e a Pulso Distribuidora, far\u00e1 um evento beneficente em prol dos trabalhadores do setor de bares, lanchonetes e restaurantes do Distrito Federal. Ao todo, doze restaurantes da capital ser\u00e3o pontos de troca para arrecadar alimentos n\u00e3o perec\u00edveis que ser\u00e3o destinados para os funcion\u00e1rios mais necessitados das unidades fechadas devido \u00e0 pandemia causada pelo novo coronav\u00edrus. Veja a lista dos pontos de entrega a seguir.<\/p>\n<figure id=\"attachment_16733\" aria-describedby=\"caption-attachment-16733\" style=\"width: 545px\" class=\"wp-caption alignright\"><img loading=\"lazy\" decoding=\"async\" class=\" wp-image-16733\" src=\"http:\/\/blogs.correiobraziliense.com.br\/aricunha\/wp-content\/uploads\/sites\/13\/2020\/06\/panela.jpg\" alt=\"\" width=\"545\" height=\"544\" srcset=\"https:\/\/blogs2.correiobraziliense.com.br\/aricunha\/wp-content\/uploads\/sites\/13\/2020\/06\/panela.jpg 597w, https:\/\/blogs2.correiobraziliense.com.br\/aricunha\/wp-content\/uploads\/sites\/13\/2020\/06\/panela-150x150.jpg 150w, https:\/\/blogs2.correiobraziliense.com.br\/aricunha\/wp-content\/uploads\/sites\/13\/2020\/06\/panela-300x300.jpg 300w, https:\/\/blogs2.correiobraziliense.com.br\/aricunha\/wp-content\/uploads\/sites\/13\/2020\/06\/panela-550x549.jpg 550w, https:\/\/blogs2.correiobraziliense.com.br\/aricunha\/wp-content\/uploads\/sites\/13\/2020\/06\/panela-230x230.jpg 230w\" sizes=\"auto, (max-width: 545px) 100vw, 545px\" \/><figcaption id=\"caption-attachment-16733\" class=\"wp-caption-text\">Cartaz publicado no perfil oficial do Panelas da Casa no Instagram<\/figcaption><\/figure>\n<p><em>&#8211;&gt;\u00a0Aten\u00e7\u00e3o Bras\u00edlia, vai rolar Chopp Solid\u00e1rio Colombina em parceria com o Festival Panelas da Casa! A a\u00e7\u00e3o tem como objetivo arrecadar alimentos para os funcion\u00e1rios de Bares e Restaurantes, categoria que esta enfrentando grandes dificuldades no cen\u00e1rio atual de isolamento social. A cada 2kg de alimentos n\u00e3o perec\u00edveis (exceto sal) doados, o participante receber\u00e1 1 litro de chope Colombina, enquanto durar o estoque.<\/em><\/p>\n<p><em>Drive Thru<\/em><br \/>\n<em>Data: 06\/06<\/em><br \/>\n<em>Hor\u00e1rio: 10h \u00e0s 16h<\/em><br \/>\n<em>Pontos de Troca:<\/em><br \/>\n<em>1- El Paso &#8211; CLS 404<\/em><br \/>\n<em>2- Cantucci &#8211; CLN 403<\/em><br \/>\n<em>3- Carpe Diem &#8211; CLS 104<\/em><br \/>\n<em>4 &#8211; Sant\u00e9 &#8211; CLN 413<\/em><br \/>\n<em>5- Bem te vi &#8211; CLS 408<\/em><br \/>\n<em>6 &#8211; Marvin &#8211; CLN 110<\/em><br \/>\n<em>7 &#8211; Dona Lenha &#8211; CLS 202<\/em><br \/>\n<em>8- Nossa Cozinha Bistr\u00f4 &#8211; CLN 402<\/em><br \/>\n<em>9 &#8211; Grano &amp; Oliva &#8211; CLN 403<\/em><br \/>\n<em>10- Dom Francisco &#8211; CLS 402<\/em><br \/>\n<em>11 &#8211; Belini P\u00e3es e Gastronomia &#8211; CLS 113<\/em><br \/>\n<em>12- The Plant &#8211; CLS 103<\/em><\/p>\n<p><em>Apoio: Panelas da Casa e SESCHOC <\/em><\/p>\n<p><em>*Limite de 2 Litros por CPF<\/em><br \/>\n<em>* N\u00e3o aceitaremos sal<\/em><\/p>\n<p>&nbsp;<\/p>\n<p><strong>Demais<\/strong><\/p>\n<p>Sobra liberdade nos supermercados. Os pre\u00e7os alcan\u00e7am n\u00fameros invi\u00e1veis. No Extra, a marca mais conhecida do arroz alcan\u00e7a R$20. Seja crise econ\u00f4mica, crise el\u00e9trica, crise de caminhoneiros, pandemia, qualquer m\u00e1 not\u00edcia termina no bolso do cidad\u00e3o.<\/p>\n<p><iframe loading=\"lazy\" title=\"Supermercados aproveitam a pandemia para aumentar pre\u00e7os\" width=\"720\" height=\"405\" src=\"https:\/\/www.youtube.com\/embed\/g4iJ5QFTKK0?feature=oembed\" frameborder=\"0\" allow=\"accelerometer; autoplay; clipboard-write; encrypted-media; gyroscope; picture-in-picture; web-share\" referrerpolicy=\"strict-origin-when-cross-origin\" allowfullscreen><\/iframe><\/p>\n<p>&nbsp;<\/p>\n<p><strong>A migra\u00e7\u00e3o<\/strong><\/p>\n<p>Leia na \u00edntegra, a seguir, as pondera\u00e7\u00f5es do professor Ayl\u00ea-Salassi\u00e9 F. Quint\u00e3o sobre o tempo em que a Educa\u00e7\u00e3o \u00e0 dist\u00e2ncia engole a escola presencial. \u201cCinco anos depois de ser demitido do quadro docente de uma universidade, onde havia\u00a0sido professor por 15 anos, ao retornar ao campus, \u00e0 convite, para receber uma homenagem, algu\u00e9m me consultou se eu estaria disposto a voltar. Minha resposta foi r\u00e1pida e rasteira\u201d, diz o professor, instigando o leitor.<\/p>\n<figure id=\"attachment_16735\" aria-describedby=\"caption-attachment-16735\" style=\"width: 256px\" class=\"wp-caption alignleft\"><img loading=\"lazy\" decoding=\"async\" class=\"wp-image-16735 \" src=\"http:\/\/blogs.correiobraziliense.com.br\/aricunha\/wp-content\/uploads\/sites\/13\/2020\/06\/ayle.jpg\" alt=\"\" width=\"256\" height=\"386\" srcset=\"https:\/\/blogs2.correiobraziliense.com.br\/aricunha\/wp-content\/uploads\/sites\/13\/2020\/06\/ayle.jpg 230w, https:\/\/blogs2.correiobraziliense.com.br\/aricunha\/wp-content\/uploads\/sites\/13\/2020\/06\/ayle-199x300.jpg 199w\" sizes=\"auto, (max-width: 256px) 100vw, 256px\" \/><figcaption id=\"caption-attachment-16735\" class=\"wp-caption-text\">Ayl\u00ea-Salassi\u00e9 F. Quint\u00e3o. Foto: camara.leg<\/figcaption><\/figure>\n<p><em>&#8211;&gt;\u00a0<b>Educa\u00e7\u00e3o \u00e0 dist\u00e2ncia est\u00e1 engolindo a escola presencial<\/b><\/em><\/p>\n<div dir=\"ltr\">\n<div>\n<p><em><span style=\"font-size: small\">Ayl\u00ea-Salassi\u00e9 F. Quint\u00e3o*<\/span><\/em><\/p>\n<p><em>Cinco anos depois de ser demitido do quadro docente de uma universidade onde havia\u00a0\u00a0sido professor por 15 anos , ao retornar ao campus , \u00e0 convite, para receber uma homenagem,\u00a0\u00a0algu\u00e9m me consultou, se estaria disposto a voltar . Minha resposta foi r\u00e1pida e rasteira:<\/em><\/p>\n<p><em>&#8211; N\u00e3o.<\/em><\/p>\n<p><em>&#8211; Por qu\u00ea!<\/em><\/p>\n<p><em>&#8211; \u00c9 uma quest\u00e3o de \u201ctime\u201d (momento adequado)<\/em><\/p>\n<p><em>A sala de aula n\u00e3o era mais o meu lugar. N\u00e3o que\u00a0\u00a0estivesse zangado ou que me sentisse mais importante. Acabava de escrever o livro \u201cRupturas\u201d, mostrando mudan\u00e7as estruturais que estavam ocorrendo, na educa\u00e7\u00e3o inclusive.\u00a0\u00a0Conclu\u00edra que era ainda um anal\u00f3gico. Irritava-me ver os alunos\u00a0\u00a0manuseando telefones celulares em sala ou fotografando os conte\u00fados inscritos no quadro ou projetados em\u00a0power point.<\/em><\/p>\n<p><em>Descobri que gente de fora da classe presencial assistia minhas aulas, em tempo real, por meio\u00a0\u00a0da internet e, sem constrangimento, at\u00e9 davam palpites sobre o conte\u00fado. A demiss\u00e3o fora um pr\u00eamio. Desafogara a ansiedade \u2013 vinda dos \u201ctempos brabos\u201d da vigil\u00e2ncia policial &#8211;\u00a0\u00a0e, com a indeniza\u00e7\u00e3o trabalhista\u00a0\u00a0reforcei meu caixa, que estava baixo.<\/em><\/p>\n<p><em>Ora, essa pandemia e esses debates in\u00f3cuos promovidos, dentro do Aparelho de Estado, \u00e9 engana\u00e7\u00e3o. Tentativas de desviar a aten\u00e7\u00e3o de um cen\u00e1rio desafiador , que tende a afetar as estruturas de Poder, as rotinas sociais e as pol\u00edticas p\u00fablicas. A educa\u00e7\u00e3o n\u00e3o ser\u00e1 exce\u00e7\u00e3o. N\u00e3o se resumir\u00e1 \u00e0s tentativas de\u00a0\u00a0descobrir solu\u00e7\u00f5es para finalizar o calend\u00e1rio de 2020, mas para o que vir\u00e1 a partir de 2021. O convid 19 est\u00e1 ajudando a desmistificar alguns segredos protegidos no espa\u00e7o do Estado e, particularmente, na educa\u00e7\u00e3o brasileira<\/em><\/p>\n<p><em>Metade, pelo menos, do corpo docente das escolas de n\u00edvel superior n\u00e3o sabe manusear as ferramentas digitais que est\u00e3o desembarcando por aqui.\u00a0\u00a0Em raz\u00e3o das novas\u00a0\u00a0tecnologias, as demandas pedag\u00f3gicas passam a requerer\u00a0\u00a0outros conhecimentos , novas estrat\u00e9gias e habilidades compat\u00edveis com o desenvolvimento do sistema produtivo e das rela\u00e7\u00f5es na sociedade. Convive-se no meio acad\u00eamico brasileiro com um tipo de aristocracia aburguesada que\u00a0fetichiza\u00a0a ideia de\u00a0\u00a0que a universidade destina-se\u00a0\u00a0preparar massa cr\u00edtica de professores e pesquisadores , e n\u00e3o profissionais para o mercado de trabalho.<\/em><\/p>\n<p><em>\u00a0A partir de 2021, essa quest\u00e3o vai ter de ser repensada &#8211;\u00a0\u00a0e\u00a0\u00a0desde o ensino m\u00e9dio &#8211; a exemplo da velha reforma do ensino de 1\u00ba e 2\u00ba graus, feita sob encomenda para atender ao Programa Nuclear Brasileiro, que introduziu novas tecnologias e habilita\u00e7\u00f5es espec\u00edficas de alta qualifica\u00e7\u00e3o .<\/em><\/p>\n<p><em>Caiamos na real. O corona v\u00edrus tirou a economia da\u00a0\u00a0ilus\u00f3ria\u00a0\u00a0trajet\u00f3ria da recupera\u00e7\u00e3o. Os produtos agr\u00edcolas est\u00e3o voltando\u00a0\u00a0\u00e0 lideran\u00e7a, registrando-se, ao contr\u00e1rio, quedas significativas na produ\u00e7\u00e3o industrial e dos servi\u00e7os.\u00a0\u00a0Projeta-se , para 2020, uma redu\u00e7\u00e3o do Produto Interno Bruto do Brasil entre 6 \u00e0 7 % (Funda\u00e7\u00e3o Get\u00falio Vargas) e, para o 2\u00ba semestre, de 12 a 16 % (Bancos Goldman Sachs, UBS, XP Investimentos). At\u00e9 o Ita\u00fa est\u00e1 calculando menos 10,6%.\u00a0\u00a0Last but not least, a d\u00edvida bruta\u00a0\u00a0de governo\u00a0\u00a0( Uni\u00e3o , estados e munic\u00edpios) vai atingir este ano o patamar de 79,7 % do PIB, conforme previs\u00f5es do Banco Central\u00a0\u00a0. Por menos , muitos quebraram.<\/em><\/p>\n<p><em>Isso tudo vai refletir na educa\u00e7\u00e3o e revelar distor\u00e7\u00f5es hist\u00f3ricas ( injusti\u00e7as e privil\u00e9gios) que os discursos ideol\u00f3gicos escondem da sociedade. Em que pese o v\u00e9u das cotas\u00a0\u00a0para pessoas de cor, ind\u00edgenas e deficientes, as universidades p\u00fablicas continuam a abrigar\u00a0\u00a0uma maioria de estudantes origin\u00e1rios das categorias de renda mais alta &#8211; acessam \u00e0 internet, os\u00a0smartphones o Whats App\u00a0e outras tecnologias \u2013 e que, por isso, n\u00e3o tiveram o semestre interrompido, sen\u00e3o algumas disciplinas. As aulas s\u00e3o\u00a0on line.<\/em><\/p>\n<p><em>Os estudantes filhos de fam\u00edlias mais humildes\u00a0utilizam, no m\u00e1ximo, um telefone celular sem aplicativos adequados. O pre\u00e7o dos equipamentos os deixam de fora. De acordo com a Anatel, existem no Brasil ainda 70 milh\u00f5es de pessoas com acesso prec\u00e1rio ou sem acesso \u00e0 Internet. Cerca de 23 milh\u00f5es nunca chegaram l\u00e1. Nem sabem o que s\u00e3o redes de conex\u00e3o digital. Considerada a renda familiar, somam 59 milh\u00f5es. No meio rural s\u00e3o 56 milh\u00f5es. Trinta\u00a0\u00a0milh\u00f5es ainda usam tecnologias 2G. Observe-se que estamos entrando na 5G.\u00a0\u00a0\u00a0\u00a0<\/em><\/p>\n<p><em>As diferen\u00e7as v\u00e3o refletir cada vez mais no seletivo mercado de trabalho e nas rela\u00e7\u00f5es sociais, gerando instabilidades e conflitos inesperados. Esse caminho come\u00e7a a ser tra\u00e7ado no ensino m\u00e9dio, com a educa\u00e7\u00e3o primorosa nos onerosos col\u00e9gios particulares e cursinhos frequentados pelos ricos.\u00a0Apenas 8% dos\u00a0<b>alunos<\/b>\u00a0do ensino m\u00e9dio est\u00e3o matriculados em programas vocacionais.<\/em><\/p>\n<p><em>A universidade inverte essa equa\u00e7\u00e3o. S\u00e3o 8 milh\u00f5es de estudantes, mas a ociosidade est\u00e1 perto de 40 por cento. A evas\u00e3o tamb\u00e9m . Enquanto isso o ensino superior \u00e0 dist\u00e2ncia (EAD) cresceu, desde o seu aparecimento, h\u00e1 15 anos, em 2.000 por cento: pulou de 100 mil para dois milh\u00f5es de estudantes , e oferece mais vagas dos que as escolas presenciais.<\/em><\/p>\n<p><em>O que se pode esperar da volta \u00e0s aulas presenciais\u00a0? Um aumento da reprova\u00e7\u00e3o dos mais pobres e uma deser\u00e7\u00e3o em massa\u00a0\u00a0de quem paga para estudar.\u00a0\u00a0Quem for brasileiro siga o racioc\u00ednio &#8211; meio catastr\u00f3fico, sim \u2013 mas n\u00e3o se deixe ser surpreendido.<\/em><\/p>\n<\/div>\n<p><em><span style=\"font-size: small\">*Jornalista e professor<\/span><\/em><\/p>\n<\/div>\n<p>&nbsp;<\/p>\n<p><strong>HIST\u00d3RIA DE BRAS\u00cdLIA<\/strong><\/p>\n<p>J\u00e1 est\u00e1 na hora de a Novacap reaver as ch\u00e1caras distribu\u00eddas injustamente \u00e1 quem n\u00e3o quer nada com a terra. O que \u00e9 fato, enquanto muita gente mora no Rio possui ch\u00e1caras em Bras\u00edlia, sem produ\u00e7\u00e3o, candangos desesperados cometem excesso e invadem a \u00e1rea do cintur\u00e3o verde do Distrito Federa. <strong>(Publicado em 09\/01\/1962)<\/strong><\/p>\n","protected":false},"excerpt":{"rendered":"<p>VISTO, LIDO E OUVIDO, criada por Ari Cunha (In memoriam) Desde 1960, com Circe Cunha e Mamfil jornalistacircecunha@gmail.com Facebook.com\/vistolidoeouvido Instagram.com\/vistolidoeouvido &nbsp; &nbsp; Das muitas reformas que o Pa\u00eds necessita para um progressivo aperfei\u00e7oamento e estabilidade de nossa democracia, uma em especial vai se mostrando a cada dia mais urgente e inadi\u00e1vel: o fim do instituto [&hellip;]<\/p>\n","protected":false},"author":34,"featured_media":16739,"comment_status":"open","ping_status":"open","sticky":false,"template":"","format":"standard","meta":{"wpb_read_more":[],"footnotes":""},"categories":[23],"tags":[861,1561,1307,131,1235,114,1178,1187,2262,68,2,69,16],"class_list":["post-16731","post","type-post","status-publish","format-standard","has-post-thumbnail","hentry","category-integra","tag-camaradosdeputados","tag-centrao","tag-congressonacional","tag-eleicoesnobrasil","tag-governobolsonaro","tag-historiadebrasilia","tag-presidencialismonobrasil","tag-presidentebolsonaro","tag-reeleicaonobrasil","tag-aricunha","tag-brasilia","tag-circecunha","tag-mamfil"],"_links":{"self":[{"href":"https:\/\/blogs2.correiobraziliense.com.br\/aricunha\/wp-json\/wp\/v2\/posts\/16731","targetHints":{"allow":["GET"]}}],"collection":[{"href":"https:\/\/blogs2.correiobraziliense.com.br\/aricunha\/wp-json\/wp\/v2\/posts"}],"about":[{"href":"https:\/\/blogs2.correiobraziliense.com.br\/aricunha\/wp-json\/wp\/v2\/types\/post"}],"author":[{"embeddable":true,"href":"https:\/\/blogs2.correiobraziliense.com.br\/aricunha\/wp-json\/wp\/v2\/users\/34"}],"replies":[{"embeddable":true,"href":"https:\/\/blogs2.correiobraziliense.com.br\/aricunha\/wp-json\/wp\/v2\/comments?post=16731"}],"version-history":[{"count":0,"href":"https:\/\/blogs2.correiobraziliense.com.br\/aricunha\/wp-json\/wp\/v2\/posts\/16731\/revisions"}],"wp:featuredmedia":[{"embeddable":true,"href":"https:\/\/blogs2.correiobraziliense.com.br\/aricunha\/wp-json\/wp\/v2\/media\/16739"}],"wp:attachment":[{"href":"https:\/\/blogs2.correiobraziliense.com.br\/aricunha\/wp-json\/wp\/v2\/media?parent=16731"}],"wp:term":[{"taxonomy":"category","embeddable":true,"href":"https:\/\/blogs2.correiobraziliense.com.br\/aricunha\/wp-json\/wp\/v2\/categories?post=16731"},{"taxonomy":"post_tag","embeddable":true,"href":"https:\/\/blogs2.correiobraziliense.com.br\/aricunha\/wp-json\/wp\/v2\/tags?post=16731"}],"curies":[{"name":"wp","href":"https:\/\/api.w.org\/{rel}","templated":true}]}}