{"id":16848,"date":"2020-06-17T01:00:06","date_gmt":"2020-06-17T04:00:06","guid":{"rendered":"http:\/\/blogs.correiobraziliense.com.br\/aricunha\/?p=16848"},"modified":"2020-06-17T01:00:06","modified_gmt":"2020-06-17T04:00:06","slug":"a-quarentena-nos-mantem-afastados-do-que-acontece-sob-nossos-pes","status":"publish","type":"post","link":"https:\/\/blogs2.correiobraziliense.com.br\/aricunha\/a-quarentena-nos-mantem-afastados-do-que-acontece-sob-nossos-pes\/","title":{"rendered":"A quarentena nos mant\u00e9m afastados do que acontece sob nossos p\u00e9s"},"content":{"rendered":"<p>VISTO, LIDO E OUVIDO, criada por Ari Cunha (In memoriam)<\/p>\n<p>Desde 1960, com Circe Cunha e Mamfil<\/p>\n<p>jornalistacircecunha@gmail.com<\/p>\n<p>Facebook.com\/vistolidoeouvido<\/p>\n<p>Instagram.com\/vistolidoeouvido<\/p>\n<p>&nbsp;<\/p>\n<p><img loading=\"lazy\" decoding=\"async\" class=\"size-full wp-image-16852 aligncenter\" src=\"http:\/\/blogs.correiobraziliense.com.br\/aricunha\/wp-content\/uploads\/sites\/13\/2020\/06\/tvse.jpg\" alt=\"\" width=\"706\" height=\"389\" srcset=\"https:\/\/blogs2.correiobraziliense.com.br\/aricunha\/wp-content\/uploads\/sites\/13\/2020\/06\/tvse.jpg 706w, https:\/\/blogs2.correiobraziliense.com.br\/aricunha\/wp-content\/uploads\/sites\/13\/2020\/06\/tvse-300x165.jpg 300w, https:\/\/blogs2.correiobraziliense.com.br\/aricunha\/wp-content\/uploads\/sites\/13\/2020\/06\/tvse-550x303.jpg 550w, https:\/\/blogs2.correiobraziliense.com.br\/aricunha\/wp-content\/uploads\/sites\/13\/2020\/06\/tvse-230x127.jpg 230w\" sizes=\"auto, (max-width: 706px) 100vw, 706px\" \/><\/p>\n<p>&nbsp;<\/p>\n<p>Acreditar que o per\u00edodo de isolamento social, que tem levado mais da metade da popula\u00e7\u00e3o mundial a se fechar em casa, nos \u00faltimos tr\u00eas meses, for\u00e7aria parcela significativa da humanidade a rever uma s\u00e9rie de antigos conceitos e comportamentos, tanto nas intera\u00e7\u00f5es sociais quanto na rela\u00e7\u00e3o ao pr\u00f3prio planeta, vai se demonstrando uma expectativa frustrada.<\/p>\n<p>Um olhar nas manchetes di\u00e1rias, ao longo de toda essa crise de sa\u00fade, comprova que ainda n\u00e3o foi dessa vez que os seres humanos puderam aprender com a li\u00e7\u00e3o imposta pela doen\u00e7a mortal. As crises pol\u00edticas, econ\u00f4micas e sociais, tanto internamente quanto no resto do mundo, prosseguem no mesmo ritmo, ou at\u00e9 mesmo mais acirradas, sendo que, em alguns lugares, como em nosso pa\u00eds, elas se intensificam \u00a0ganhando uma dimens\u00e3o de tal monta que n\u00e3o ser\u00e1 surpresa se, mais adiante, venhamos, mais uma vez, a assistir a uma interrup\u00e7\u00e3o brusca em nossa din\u00e2mica democr\u00e1tica.<\/p>\n<p>Na verdade, em muitos lugares do mundo e aqui mesmo, o isolamento, ao ilhar as pessoas em suas casas, afastando-as do conv\u00edvio natural em sociedade, tem servido como um catalisador e um subterf\u00fagio para muitas lideran\u00e7as pol\u00edticas a, em todos os poderes da Rep\u00fablica, agirem com uma desenvoltura nunca vista antes, urdindo negocia\u00e7\u00f5es e entabulando medidas que, em situa\u00e7\u00f5es normais, seriam quase imposs\u00edveis de serem realizadas. Longe do olhar vivo e do bafo quente da sociedade, as engrenagens do Estado v\u00eam operando com for\u00e7a m\u00e1xima, enquanto a popula\u00e7\u00e3o parece entorpecida num sono profundo.<\/p>\n<p>Enquanto o Supremo \u00e9 atacado com fogos de artif\u00edcio, numa simula\u00e7\u00e3o do que seria um ataque de artilharia pesada contra a magistratura do pa\u00eds, tudo isso sob o benepl\u00e1cito do pr\u00f3prio Executivo, leis diversas que interferem diretamente na vida dos cidad\u00e3os est\u00e3o sendo discutidas e votadas de forma virtual e r\u00e1pida no Congresso. Aos poucos, tamb\u00e9m, uma s\u00e9rie cont\u00ednua de limita\u00e7\u00f5es v\u00e3o sendo impostas ao livre exerc\u00edcio da cidadania, impondo regras, limitando direitos e disciplinando a vida em sociedade, quando essa voltar \u00e0s ruas.<\/p>\n<p>Em nome do combate \u00e0 pandemia, restou \u00e0 sociedade, inerte e assustada, delegar, sem contesta\u00e7\u00f5es, \u00e0s autoridades constitu\u00eddas, a edi\u00e7\u00e3o de um rol imenso de medidas que ir\u00e1 regular, de forma mais restritiva, toda a vida social, impondo regras que, se fossem do conhecimento pr\u00e9vio das pessoas, n\u00e3o seriam aceitas de forma passiva. A vida real, como dizia um compositor, \u00e9 aquilo que acontece enquanto estamos, todos n\u00f3s, trancados em casa, sonhando e fazendo planos para um futuro incerto. \u00c9 exatamente isso que est\u00e1 acontecendo com esse isolamento social, que nos afasta das mudan\u00e7as que est\u00e3o ocorrendo sob nossos p\u00e9s.<\/p>\n<p>&nbsp;<\/p>\n<p><iframe loading=\"lazy\" title=\"Entenda o projeto de lei que muda regras de direito privado durante a pandemia de covid-19\" width=\"720\" height=\"405\" src=\"https:\/\/www.youtube.com\/embed\/MtFx94zH0YQ?start=47&amp;feature=oembed\" frameborder=\"0\" allow=\"accelerometer; autoplay; clipboard-write; encrypted-media; gyroscope; picture-in-picture; web-share\" referrerpolicy=\"strict-origin-when-cross-origin\" allowfullscreen><\/iframe><\/p>\n<p>&nbsp;<\/p>\n<p><iframe loading=\"lazy\" title=\"Adiada para ter\u00e7a vota\u00e7\u00e3o da MP que altera lei trabalhista e aumenta margem de empr\u00e9stimo consignado\" width=\"720\" height=\"405\" src=\"https:\/\/www.youtube.com\/embed\/STUjFuNRvvM?feature=oembed\" frameborder=\"0\" allow=\"accelerometer; autoplay; clipboard-write; encrypted-media; gyroscope; picture-in-picture; web-share\" referrerpolicy=\"strict-origin-when-cross-origin\" allowfullscreen><\/iframe><\/p>\n<p><strong>\u00a0<\/strong><\/p>\n<p><iframe loading=\"lazy\" title=\"MP 936: senadores derrubam artigo que permitia aumentar margem de empr\u00e9stimo consignado\" width=\"720\" height=\"405\" src=\"https:\/\/www.youtube.com\/embed\/ppemBI_bg0I?feature=oembed\" frameborder=\"0\" allow=\"accelerometer; autoplay; clipboard-write; encrypted-media; gyroscope; picture-in-picture; web-share\" referrerpolicy=\"strict-origin-when-cross-origin\" allowfullscreen><\/iframe><\/p>\n<p><strong>\u00a0<\/strong><\/p>\n<p><strong>\u00a0<\/strong><\/p>\n<p><strong>A frase que foi pronunciada:<\/strong><\/p>\n<p><em>\u201cO caminho da verdade \u00e9 \u00fanico e simples: o da falsidade, v\u00e1rio e infinito.\u201d<\/em><\/p>\n<p>Amador Arrais, religioso e escritor portugu\u00eas do s\u00e9culo XVI.<\/p>\n<figure id=\"attachment_16853\" aria-describedby=\"caption-attachment-16853\" style=\"width: 447px\" class=\"wp-caption aligncenter\"><img loading=\"lazy\" decoding=\"async\" class=\" wp-image-16853\" src=\"http:\/\/blogs.correiobraziliense.com.br\/aricunha\/wp-content\/uploads\/sites\/13\/2020\/06\/images.jpg\" alt=\"\" width=\"447\" height=\"445\" \/><figcaption id=\"caption-attachment-16853\" class=\"wp-caption-text\">Imagem: facebook.com\/carasdeportalegre<\/figcaption><\/figure>\n<p><strong>\u00a0<\/strong><\/p>\n<p><strong>Boa ideia<\/strong><\/p>\n<p>Havia, na W3, um placar onde os sem\u00e1foros eram sincronizados com os dados mostrados aos motoristas. Assim, se o equipamento mostrasse, por exemplo, 40km\/h,\u00a0e o motorista obedecesse essa velocidade, conseguia pegar todos os sinais verdes.<\/p>\n<p><strong>\u00a0<\/strong><\/p>\n<p><strong>Higiene<\/strong><\/p>\n<p>Andando na pra\u00e7a da alimenta\u00e7\u00e3o nos shoppings, \u00e9 poss\u00edvel ter uma amostra de como as cozinhas funcionam. S\u00e3o raros os estabelecimentos onde se usam luvas. Mesmo apenas para servir, daria mais seguran\u00e7a aos clientes. N\u00e3o \u00e9 poss\u00edvel que seja necess\u00e1ria uma lei para multar quem n\u00e3o cumpra o protocolo de higiene durante uma pandemia.<\/p>\n<figure id=\"attachment_16855\" aria-describedby=\"caption-attachment-16855\" style=\"width: 544px\" class=\"wp-caption aligncenter\"><img loading=\"lazy\" decoding=\"async\" class=\" wp-image-16855\" src=\"http:\/\/blogs.correiobraziliense.com.br\/aricunha\/wp-content\/uploads\/sites\/13\/2020\/06\/unnamed-1.jpg\" alt=\"\" width=\"544\" height=\"362\" srcset=\"https:\/\/blogs2.correiobraziliense.com.br\/aricunha\/wp-content\/uploads\/sites\/13\/2020\/06\/unnamed-1.jpg 512w, https:\/\/blogs2.correiobraziliense.com.br\/aricunha\/wp-content\/uploads\/sites\/13\/2020\/06\/unnamed-1-300x200.jpg 300w, https:\/\/blogs2.correiobraziliense.com.br\/aricunha\/wp-content\/uploads\/sites\/13\/2020\/06\/unnamed-1-230x153.jpg 230w\" sizes=\"auto, (max-width: 544px) 100vw, 544px\" \/><figcaption id=\"caption-attachment-16855\" class=\"wp-caption-text\">Foto: shoppingdella.com<\/figcaption><\/figure>\n<p><strong>\u00a0<\/strong><\/p>\n<p><strong>Insensatez<\/strong><\/p>\n<p>Nos \u00f4nibus, mercados e lojas em geral, o caixa que recebe em dinheiro tamb\u00e9m n\u00e3o usa luvas.<\/p>\n<p>&nbsp;<\/p>\n<p><strong>Proatividade<\/strong><\/p>\n<p>Veja, no v\u00eddeo a seguir, garotos tentando abrir portaria de pr\u00e9dio na Asa Norte. N\u00e3o conseguiram. Se o governo implementasse pol\u00edticas p\u00fablicas onde a juventude em situa\u00e7\u00e3o de vulnerabilidade pudesse se profissionalizar, dar\u00edamos exemplo para o pa\u00eds.<\/p>\n<p><iframe loading=\"lazy\" title=\"Proatividade\" width=\"720\" height=\"405\" src=\"https:\/\/www.youtube.com\/embed\/rcfxYn8xy2s?feature=oembed\" frameborder=\"0\" allow=\"accelerometer; autoplay; clipboard-write; encrypted-media; gyroscope; picture-in-picture; web-share\" referrerpolicy=\"strict-origin-when-cross-origin\" allowfullscreen><\/iframe><\/p>\n<p><strong>\u00a0<\/strong><\/p>\n<p><strong>Ser\u00e1?<\/strong><\/p>\n<p>Lojas do Conjunto Nacional permitem o uso do provador. \u00c9 o fim do coronav\u00edrus?<\/p>\n<figure id=\"attachment_16857\" aria-describedby=\"caption-attachment-16857\" style=\"width: 544px\" class=\"wp-caption aligncenter\"><img loading=\"lazy\" decoding=\"async\" class=\" wp-image-16857\" src=\"http:\/\/blogs.correiobraziliense.com.br\/aricunha\/wp-content\/uploads\/sites\/13\/2020\/06\/riachuelo1.jpg\" alt=\"\" width=\"544\" height=\"415\" srcset=\"https:\/\/blogs2.correiobraziliense.com.br\/aricunha\/wp-content\/uploads\/sites\/13\/2020\/06\/riachuelo1.jpg 1008w, https:\/\/blogs2.correiobraziliense.com.br\/aricunha\/wp-content\/uploads\/sites\/13\/2020\/06\/riachuelo1-300x229.jpg 300w, https:\/\/blogs2.correiobraziliense.com.br\/aricunha\/wp-content\/uploads\/sites\/13\/2020\/06\/riachuelo1-768x585.jpg 768w, https:\/\/blogs2.correiobraziliense.com.br\/aricunha\/wp-content\/uploads\/sites\/13\/2020\/06\/riachuelo1-550x419.jpg 550w, https:\/\/blogs2.correiobraziliense.com.br\/aricunha\/wp-content\/uploads\/sites\/13\/2020\/06\/riachuelo1-230x175.jpg 230w\" sizes=\"auto, (max-width: 544px) 100vw, 544px\" \/><figcaption id=\"caption-attachment-16857\" class=\"wp-caption-text\">Foto: Divulga\u00e7\u00e3o Lojas Riachuelo<\/figcaption><\/figure>\n<p>&nbsp;<\/p>\n<p><strong>Confira<\/strong><\/p>\n<p>Morador de um apartamento da Asa Sul levou um susto quando se debru\u00e7ou na janela para alcan\u00e7ar alguma coisa no ar. A tela de prote\u00e7\u00e3o, que d\u00e1 seguran\u00e7a para as crian\u00e7as da casa, estava totalmente ressecada e desgastada, soltando as amarras.<\/p>\n<p><strong>\u00a0<\/strong><\/p>\n<p><strong>HIST\u00d3RIA DE BRAS\u00cdLIA <\/strong><\/p>\n<p>Foram feitos os primeiros contratos de loca\u00e7\u00e3o entre o IAPC e os moradores da Asa Norte. O pre\u00e7o dos alugu\u00e9is \u00e9 de Cr$ 17.900,00, havendo, ainda, uma taxa de administra\u00e7\u00e3o\u00a0que ser\u00e1 aproximadamente de 3 mil cruzeiros. <strong>(Publicado em 10\/01\/1962)<\/strong><\/p>\n","protected":false},"excerpt":{"rendered":"<p>VISTO, LIDO E OUVIDO, criada por Ari Cunha (In memoriam) Desde 1960, com Circe Cunha e Mamfil jornalistacircecunha@gmail.com Facebook.com\/vistolidoeouvido Instagram.com\/vistolidoeouvido &nbsp; &nbsp; Acreditar que o per\u00edodo de isolamento social, que tem levado mais da metade da popula\u00e7\u00e3o mundial a se fechar em casa, nos \u00faltimos tr\u00eas meses, for\u00e7aria parcela significativa da humanidade a rever uma [&hellip;]<\/p>\n","protected":false},"author":34,"featured_media":16852,"comment_status":"open","ping_status":"open","sticky":false,"template":"","format":"standard","meta":{"wpb_read_more":[],"footnotes":""},"categories":[23],"tags":[1307,2175,2154,2280,494,114,2189,2244,806,2159,68,2,69,16],"class_list":["post-16848","post","type-post","status-publish","format-standard","has-post-thumbnail","hentry","category-integra","tag-congressonacional","tag-coronavirusnobrasil","tag-covid-19","tag-crisedesaude","tag-criseeconomica","tag-historiadebrasilia","tag-isolamentosocial","tag-pandemiadocoronavirus","tag-poderesnobrasil","tag-quarentena","tag-aricunha","tag-brasilia","tag-circecunha","tag-mamfil"],"_links":{"self":[{"href":"https:\/\/blogs2.correiobraziliense.com.br\/aricunha\/wp-json\/wp\/v2\/posts\/16848","targetHints":{"allow":["GET"]}}],"collection":[{"href":"https:\/\/blogs2.correiobraziliense.com.br\/aricunha\/wp-json\/wp\/v2\/posts"}],"about":[{"href":"https:\/\/blogs2.correiobraziliense.com.br\/aricunha\/wp-json\/wp\/v2\/types\/post"}],"author":[{"embeddable":true,"href":"https:\/\/blogs2.correiobraziliense.com.br\/aricunha\/wp-json\/wp\/v2\/users\/34"}],"replies":[{"embeddable":true,"href":"https:\/\/blogs2.correiobraziliense.com.br\/aricunha\/wp-json\/wp\/v2\/comments?post=16848"}],"version-history":[{"count":0,"href":"https:\/\/blogs2.correiobraziliense.com.br\/aricunha\/wp-json\/wp\/v2\/posts\/16848\/revisions"}],"wp:featuredmedia":[{"embeddable":true,"href":"https:\/\/blogs2.correiobraziliense.com.br\/aricunha\/wp-json\/wp\/v2\/media\/16852"}],"wp:attachment":[{"href":"https:\/\/blogs2.correiobraziliense.com.br\/aricunha\/wp-json\/wp\/v2\/media?parent=16848"}],"wp:term":[{"taxonomy":"category","embeddable":true,"href":"https:\/\/blogs2.correiobraziliense.com.br\/aricunha\/wp-json\/wp\/v2\/categories?post=16848"},{"taxonomy":"post_tag","embeddable":true,"href":"https:\/\/blogs2.correiobraziliense.com.br\/aricunha\/wp-json\/wp\/v2\/tags?post=16848"}],"curies":[{"name":"wp","href":"https:\/\/api.w.org\/{rel}","templated":true}]}}