{"id":17629,"date":"2020-09-25T01:00:42","date_gmt":"2020-09-25T04:00:42","guid":{"rendered":"https:\/\/blogs2.correiobraziliense.com.br\/aricunha\/?p=17629"},"modified":"2020-09-25T18:56:19","modified_gmt":"2020-09-25T21:56:19","slug":"concertacion-em-torno-do-fim-da-lava-jato-num-festim-diabolico","status":"publish","type":"post","link":"https:\/\/blogs2.correiobraziliense.com.br\/aricunha\/concertacion-em-torno-do-fim-da-lava-jato-num-festim-diabolico\/","title":{"rendered":"\u201cConcertaci\u00f3n\u201d em torno do fim da Lava Jato, num festim diab\u00f3lico"},"content":{"rendered":"<p>VISTO, LIDO E OUVIDO, criada por Ari Cunha (In memoriam)<\/p>\n<p>Desde 1960, com Circe Cunha e Mamfil \u2013 Manoel de Andrade<\/p>\n<p>jornalistacircecunha@gmail.com<\/p>\n<p>Facebook.com\/vistolidoeouvido<\/p>\n<p>Instagram.com\/vistolidoeouvido<\/p>\n<p>&nbsp;<\/p>\n<figure id=\"attachment_17634\" aria-describedby=\"caption-attachment-17634\" style=\"width: 681px\" class=\"wp-caption aligncenter\"><img loading=\"lazy\" decoding=\"async\" class=\"size-full wp-image-17634\" src=\"https:\/\/blogs2.correiobraziliense.com.br\/aricunha\/wp-content\/uploads\/sites\/13\/2020\/09\/lava.jpg\" alt=\"\" width=\"681\" height=\"384\" srcset=\"https:\/\/blogs2.correiobraziliense.com.br\/aricunha\/wp-content\/uploads\/sites\/13\/2020\/09\/lava.jpg 681w, https:\/\/blogs2.correiobraziliense.com.br\/aricunha\/wp-content\/uploads\/sites\/13\/2020\/09\/lava-300x169.jpg 300w, https:\/\/blogs2.correiobraziliense.com.br\/aricunha\/wp-content\/uploads\/sites\/13\/2020\/09\/lava-550x310.jpg 550w, https:\/\/blogs2.correiobraziliense.com.br\/aricunha\/wp-content\/uploads\/sites\/13\/2020\/09\/lava-230x130.jpg 230w\" sizes=\"auto, (max-width: 681px) 100vw, 681px\" \/><figcaption id=\"caption-attachment-17634\" class=\"wp-caption-text\">Foto: AFP\/Chiba<\/figcaption><\/figure>\n<p>&nbsp;<\/p>\n<p>Fosse uma esp\u00e9cie de \u201cconcertaci\u00f3n\u201d, para se chegar a um acordo suprapartid\u00e1rio e pol\u00edtico em benef\u00edcio do Brasil, tal qual havido em pa\u00edses distintos como Chile em 1988, em El Salvador em 1961 e em outros mundo afora, visando uma guinada de rumo, sem d\u00favida alguma, a Opera\u00e7\u00e3o Lava Jato mereceria, por seus efeitos revolucion\u00e1rios e pedag\u00f3gicos, servir como bandeira de uma causa que \u00e9 tamb\u00e9m defendida por grande parcela de nossa na\u00e7\u00e3o.<\/p>\n<p>O que parecia ser um vento fresco, em quinhentos anos de hist\u00f3ria brasileira, vai, aos poucos, sendo corro\u00eddo pelas beiradas, seguindo o mesmo destino de sua cong\u00eanere italiana, \u201cMani Pulite\u201d, que, entre 1992 a 1996, buscou sanear a vida pol\u00edtica naquele pa\u00eds, encontrando, como aqui, forte oposi\u00e7\u00e3o dos pol\u00edticos, principalmente daqueles implicados em rumorosos epis\u00f3dios de corrup\u00e7\u00e3o e outros crimes. Durante esses seis anos em que vem atuando, a Lava Jato tem levantado pilhas de dossi\u00eas que desnudam, de forma visceral, o modus operandi praticado, h\u00e1 d\u00e9cadas, por partidos pol\u00edticos, empres\u00e1rios, ju\u00edzes e outras lideran\u00e7as de destaque para, em s\u00edntese, conforme vem sendo continuamente demonstrado, saquear o er\u00e1rio p\u00fablico \u00e0 exaust\u00e3o.<\/p>\n<p>Assim como o movimento \u201cDiretas J\u00e1\u201d de 1983, a Lava Jato, iniciada em 2014, conseguiu a rara proeza de unir brasileiros de muitos credos pol\u00edticos em prol de um objetivo acalentado por s\u00e9culos, que era p\u00f4r um fim aos privil\u00e9gios e poderes que detinham a classe pol\u00edtica e que lhes franqueava o acesso escancarado aos cofres p\u00fablicos.<\/p>\n<p>Nesse sentido, a Lava Jato pode ser comparada a uma \u201cconcertaci\u00f3n\u201d \u00e0 moda brasileira. Mas, como tudo que \u00e9 bom e correto parece n\u00e3o ter vida longa nesse pa\u00eds, a Lava Jato, for\u00e7ada a se postar na al\u00e7a de mira daqueles que investiga, vai levando chumbo grosso por todos os lados, conseguindo um tipo de unanimidade c\u00famplice entre os poderosos de todos os partidos e posi\u00e7\u00f5es, que agem para p\u00f4r um ponto final nessas faxinas \u00e9ticas.<\/p>\n<p>Esse movimento un\u00e2nime do primeiro escal\u00e3o pol\u00edtico de nosso pa\u00eds, para assassinar a reputa\u00e7\u00e3o da Lava Jato e dos seus membros, \u00e9 refor\u00e7ado ainda pela atua\u00e7\u00e3o vergonhosa daqueles que mais se esperavam apoio irrestrito ao trabalho das for\u00e7as-tarefas. O Minist\u00e9rio P\u00fablico Federal, seguindo orienta\u00e7\u00f5es do tipo inconfess\u00e1veis, age tamb\u00e9m na linha de frente para debelar essa Opera\u00e7\u00e3o, a qual classifica como \u201clavajatismo\u201d ou o que quer que isso signifique no jarg\u00e3o dessa gente.<\/p>\n<p>Mas \u00e9 no Supremo, de onde a popula\u00e7\u00e3o j\u00e1 aprendeu nada esperar de positivo para o pa\u00eds, que est\u00e3o, incompreensivelmente, colocadas as baterias pesadas que agem para dizimar a Lava Jato. \u00c9 essa \u201cconcertaci\u00f3n\u201d de r\u00e9us, e de outros ao seu servi\u00e7o, que est\u00e1 unindo agora as for\u00e7as da contrarreforma para o restabelecimento do antigo status quo, numa unanimidade poucas vezes vistas entre esse pessoal.<\/p>\n<p>Os brasileiros de bem, a essa altura, j\u00e1 perceberam esse movimento oficial pela restaura\u00e7\u00e3o da impunidade geral e secular, mesmo daqueles que, em frente \u00e0s c\u00e2meras, ou sob o olhar afiado da opini\u00e3o p\u00fablica, juram defend\u00ea-la. Nesse movimento em prol da corrup\u00e7\u00e3o e a favor da volta ao passado, agrupam-se, ainda, os mais refinados e caros escrit\u00f3rios de advocacia do pa\u00eds, todos unidos e de olho nos honor\u00e1rios gordos, venham de onde vierem.<\/p>\n<p>As quase oitenta opera\u00e7\u00f5es j\u00e1 realizadas at\u00e9 agora pela Lava Jato e que preenchem centenas de milhares de p\u00e1ginas com relatos de crimes de todo o tipo, praticados pela elite pol\u00edtica de nosso pa\u00eds, formam apenas uma pequena parte de nossa hist\u00f3ria de perf\u00eddias e ainda h\u00e1 muito o que ser trazido \u00e0 luz. Talvez, mais do que j\u00e1 sabemos ou supomos saber.<\/p>\n<p>Segundo um desses personagens de ponta nessa hist\u00f3ria e que teve atua\u00e7\u00e3o exemplar nesses epis\u00f3dios, o desembargador Jo\u00e3o Pedro Gebran Neto, do TRF-4, \u201cse a esquerda e a direita est\u00e3o reclamando, significa que a opera\u00e7\u00e3o Lava-Jato est\u00e1 no caminho certo e n\u00e3o tem ideologia, \u00e9 isenta e imparcial e n\u00e3o cometeu excessos e sempre esteve dentro da legalidade.\u201d<\/p>\n<p>&nbsp;<\/p>\n<p>&nbsp;<\/p>\n<p>&nbsp;<\/p>\n<p><strong>A frase que foi pronunciada:<\/strong><\/p>\n<p><em>\u201cSem virtudes c\u00edvicas n\u00e3o pode haver governo democr\u00e1tico.\u201d<\/em><\/p>\n<p>Montesquieu, pol\u00edtico, fil\u00f3sofo e escritor franc\u00eas.<\/p>\n<figure id=\"attachment_15629\" aria-describedby=\"caption-attachment-15629\" style=\"width: 380px\" class=\"wp-caption aligncenter\"><img loading=\"lazy\" decoding=\"async\" class=\" wp-image-15629\" src=\"https:\/\/blogs2.correiobraziliense.com.br\/aricunha\/wp-content\/uploads\/sites\/13\/2019\/12\/Montesquieu_1.jpg\" alt=\"\" width=\"380\" height=\"456\" srcset=\"https:\/\/blogs2.correiobraziliense.com.br\/aricunha\/wp-content\/uploads\/sites\/13\/2019\/12\/Montesquieu_1.jpg 800w, https:\/\/blogs2.correiobraziliense.com.br\/aricunha\/wp-content\/uploads\/sites\/13\/2019\/12\/Montesquieu_1-250x300.jpg 250w, https:\/\/blogs2.correiobraziliense.com.br\/aricunha\/wp-content\/uploads\/sites\/13\/2019\/12\/Montesquieu_1-768x922.jpg 768w, https:\/\/blogs2.correiobraziliense.com.br\/aricunha\/wp-content\/uploads\/sites\/13\/2019\/12\/Montesquieu_1-292x350.jpg 292w, https:\/\/blogs2.correiobraziliense.com.br\/aricunha\/wp-content\/uploads\/sites\/13\/2019\/12\/Montesquieu_1-550x660.jpg 550w, https:\/\/blogs2.correiobraziliense.com.br\/aricunha\/wp-content\/uploads\/sites\/13\/2019\/12\/Montesquieu_1-230x276.jpg 230w\" sizes=\"auto, (max-width: 380px) 100vw, 380px\" \/><figcaption id=\"caption-attachment-15629\" class=\"wp-caption-text\">Reprodu\u00e7\u00e3o da Internet<\/figcaption><\/figure>\n<p><strong>\u00a0<\/strong><\/p>\n<p><strong>Feir\u00e3o<\/strong><\/p>\n<p>Liberado o feir\u00e3o de autom\u00f3veis em \u00e1reas p\u00fablicas do DF. De um lado, a C\u00e2mara Legislativa do DF aprova o decreto legislativo do deputado Daniel Donizet; de outro, o GDF proibia o evento. Segundo o deputado, sustar o efeito do decreto do governo basta para ter seguran\u00e7a jur\u00eddica.<\/p>\n<figure id=\"attachment_11863\" aria-describedby=\"caption-attachment-11863\" style=\"width: 546px\" class=\"wp-caption aligncenter\"><img loading=\"lazy\" decoding=\"async\" class=\" wp-image-11863\" src=\"https:\/\/blogs2.correiobraziliense.com.br\/aricunha\/wp-content\/uploads\/sites\/13\/2018\/08\/cldf-1.jpg\" alt=\"\" width=\"546\" height=\"363\" srcset=\"https:\/\/blogs2.correiobraziliense.com.br\/aricunha\/wp-content\/uploads\/sites\/13\/2018\/08\/cldf-1.jpg 770w, https:\/\/blogs2.correiobraziliense.com.br\/aricunha\/wp-content\/uploads\/sites\/13\/2018\/08\/cldf-1-300x199.jpg 300w, https:\/\/blogs2.correiobraziliense.com.br\/aricunha\/wp-content\/uploads\/sites\/13\/2018\/08\/cldf-1-768x511.jpg 768w, https:\/\/blogs2.correiobraziliense.com.br\/aricunha\/wp-content\/uploads\/sites\/13\/2018\/08\/cldf-1-350x233.jpg 350w, https:\/\/blogs2.correiobraziliense.com.br\/aricunha\/wp-content\/uploads\/sites\/13\/2018\/08\/cldf-1-550x366.jpg 550w, https:\/\/blogs2.correiobraziliense.com.br\/aricunha\/wp-content\/uploads\/sites\/13\/2018\/08\/cldf-1-230x153.jpg 230w\" sizes=\"auto, (max-width: 546px) 100vw, 546px\" \/><figcaption id=\"caption-attachment-11863\" class=\"wp-caption-text\">Foto: Carlos Gandra\/CLDF<\/figcaption><\/figure>\n<p><strong>\u00a0<\/strong><\/p>\n<p><strong>Suspeitas<\/strong><\/p>\n<p>Nada de \u201cchinefobia\u201d. Mas gente com sotaque est\u00e1 comprando bastante terras no DF. Diz sempre que dinheiro n\u00e3o \u00e9 problema.<\/p>\n<figure id=\"attachment_17632\" aria-describedby=\"caption-attachment-17632\" style=\"width: 550px\" class=\"wp-caption aligncenter\"><img loading=\"lazy\" decoding=\"async\" class=\" wp-image-17632\" src=\"https:\/\/blogs2.correiobraziliense.com.br\/aricunha\/wp-content\/uploads\/sites\/13\/2020\/09\/virus-chines-660x372.png\" alt=\"\" width=\"550\" height=\"310\" srcset=\"https:\/\/blogs2.correiobraziliense.com.br\/aricunha\/wp-content\/uploads\/sites\/13\/2020\/09\/virus-chines-660x372.png 660w, https:\/\/blogs2.correiobraziliense.com.br\/aricunha\/wp-content\/uploads\/sites\/13\/2020\/09\/virus-chines-660x372-300x169.png 300w, https:\/\/blogs2.correiobraziliense.com.br\/aricunha\/wp-content\/uploads\/sites\/13\/2020\/09\/virus-chines-660x372-550x310.png 550w, https:\/\/blogs2.correiobraziliense.com.br\/aricunha\/wp-content\/uploads\/sites\/13\/2020\/09\/virus-chines-660x372-230x130.png 230w\" sizes=\"auto, (max-width: 550px) 100vw, 550px\" \/><figcaption id=\"caption-attachment-17632\" class=\"wp-caption-text\">Ilustra\u00e7\u00e3o: F\u00e1bio Abreu (gazetadopovo.com)<\/figcaption><\/figure>\n<p><strong>\u00a0<\/strong><\/p>\n<p><strong>Micro: contribui\u00e7\u00f5es da antropologia<\/strong><\/p>\n<p>Obra organizada pela professora Soraya Fleischer, do Departamento de Antropologia da UnB, e pela jornalista da Empresa Brasil de Comunica\u00e7\u00e3o (EBC), Fl\u00e1via Lima, trata de uma pesquisa etnogr\u00e1fica sobre o impacto da epidemia do v\u00edrus zika no Brasil, entre 2016 e 2019. O dia a dia das m\u00e3es que foram afetadas com o estranho v\u00edrus encrustado, em grande parte, na pobreza.<\/p>\n<figure id=\"attachment_17631\" aria-describedby=\"caption-attachment-17631\" style=\"width: 549px\" class=\"wp-caption aligncenter\"><img loading=\"lazy\" decoding=\"async\" class=\" wp-image-17631\" src=\"https:\/\/blogs2.correiobraziliense.com.br\/aricunha\/wp-content\/uploads\/sites\/13\/2020\/09\/zika.jpg\" alt=\"\" width=\"549\" height=\"363\" srcset=\"https:\/\/blogs2.correiobraziliense.com.br\/aricunha\/wp-content\/uploads\/sites\/13\/2020\/09\/zika.jpg 616w, https:\/\/blogs2.correiobraziliense.com.br\/aricunha\/wp-content\/uploads\/sites\/13\/2020\/09\/zika-300x198.jpg 300w, https:\/\/blogs2.correiobraziliense.com.br\/aricunha\/wp-content\/uploads\/sites\/13\/2020\/09\/zika-550x363.jpg 550w, https:\/\/blogs2.correiobraziliense.com.br\/aricunha\/wp-content\/uploads\/sites\/13\/2020\/09\/zika-230x152.jpg 230w\" sizes=\"auto, (max-width: 549px) 100vw, 549px\" \/><figcaption id=\"caption-attachment-17631\" class=\"wp-caption-text\">Microcefalia \u00e9 um dos efeitos poss\u00edveis da s\u00edndrome cong\u00eanita do Zika v\u00edrus.\u00a0 \u00a0 \u00a0 \u00a0 \u00a0 \u00a0 \u00a0 Foto: Ag\u00eancia C\u00e2mara de Not\u00edcias<\/figcaption><\/figure>\n<p><strong>\u00a0<\/strong><\/p>\n<p><strong>HIST\u00d3RIA DE BRAS\u00cdLIA<\/strong><\/p>\n<p>A UPI distribuiu, ontem, um telegrama segundo o qual a Pan-American est\u00e1 seriamente incriminada num processo na Corte Americana por \u201cmonopolizar ilegalmente o tr\u00e1fego a\u00e9reo entre os Estado Unidos e a Am\u00e9rica do Sul\u201d. <strong>(Publicado em 17\/01\/1962)<\/strong><\/p>\n","protected":false},"excerpt":{"rendered":"<p>VISTO, LIDO E OUVIDO, criada por Ari Cunha (In memoriam) Desde 1960, com Circe Cunha e Mamfil \u2013 Manoel de Andrade jornalistacircecunha@gmail.com Facebook.com\/vistolidoeouvido Instagram.com\/vistolidoeouvido &nbsp; &nbsp; Fosse uma esp\u00e9cie de \u201cconcertaci\u00f3n\u201d, para se chegar a um acordo suprapartid\u00e1rio e pol\u00edtico em benef\u00edcio do Brasil, tal qual havido em pa\u00edses distintos como Chile em 1988, em [&hellip;]<\/p>\n","protected":false},"author":34,"featured_media":17634,"comment_status":"open","ping_status":"open","sticky":false,"template":"","format":"standard","meta":{"wpb_read_more":[],"footnotes":""},"categories":[23],"tags":[2337,2338,2339,1307,454,133,114,2340,1022,1094,946,166,807,65],"class_list":["post-17629","post","type-post","status-publish","format-standard","has-post-thumbnail","hentry","category-integra","tag-aricunha-2","tag-brasilia-2","tag-circecunha-2","tag-congressonacional","tag-corrupcaonobrasil","tag-direitaeesquerdanobrasil","tag-historiadebrasilia","tag-mamfil-2","tag-ministeriopublico","tag-mp","tag-operacaolavajato","tag-petrobras","tag-poderjudiciario","tag-stf"],"_links":{"self":[{"href":"https:\/\/blogs2.correiobraziliense.com.br\/aricunha\/wp-json\/wp\/v2\/posts\/17629","targetHints":{"allow":["GET"]}}],"collection":[{"href":"https:\/\/blogs2.correiobraziliense.com.br\/aricunha\/wp-json\/wp\/v2\/posts"}],"about":[{"href":"https:\/\/blogs2.correiobraziliense.com.br\/aricunha\/wp-json\/wp\/v2\/types\/post"}],"author":[{"embeddable":true,"href":"https:\/\/blogs2.correiobraziliense.com.br\/aricunha\/wp-json\/wp\/v2\/users\/34"}],"replies":[{"embeddable":true,"href":"https:\/\/blogs2.correiobraziliense.com.br\/aricunha\/wp-json\/wp\/v2\/comments?post=17629"}],"version-history":[{"count":5,"href":"https:\/\/blogs2.correiobraziliense.com.br\/aricunha\/wp-json\/wp\/v2\/posts\/17629\/revisions"}],"predecessor-version":[{"id":17637,"href":"https:\/\/blogs2.correiobraziliense.com.br\/aricunha\/wp-json\/wp\/v2\/posts\/17629\/revisions\/17637"}],"wp:featuredmedia":[{"embeddable":true,"href":"https:\/\/blogs2.correiobraziliense.com.br\/aricunha\/wp-json\/wp\/v2\/media\/17634"}],"wp:attachment":[{"href":"https:\/\/blogs2.correiobraziliense.com.br\/aricunha\/wp-json\/wp\/v2\/media?parent=17629"}],"wp:term":[{"taxonomy":"category","embeddable":true,"href":"https:\/\/blogs2.correiobraziliense.com.br\/aricunha\/wp-json\/wp\/v2\/categories?post=17629"},{"taxonomy":"post_tag","embeddable":true,"href":"https:\/\/blogs2.correiobraziliense.com.br\/aricunha\/wp-json\/wp\/v2\/tags?post=17629"}],"curies":[{"name":"wp","href":"https:\/\/api.w.org\/{rel}","templated":true}]}}