{"id":17694,"date":"2020-10-07T01:00:20","date_gmt":"2020-10-07T04:00:20","guid":{"rendered":"https:\/\/blogs2.correiobraziliense.com.br\/aricunha\/?p=17694"},"modified":"2020-10-07T10:19:50","modified_gmt":"2020-10-07T13:19:50","slug":"falha-humana-provoca-pane-na-maquina-do-estado","status":"publish","type":"post","link":"https:\/\/blogs2.correiobraziliense.com.br\/aricunha\/falha-humana-provoca-pane-na-maquina-do-estado\/","title":{"rendered":"Falha humana provoca pane na m\u00e1quina do Estado"},"content":{"rendered":"<p>VISTO, LIDO E OUVIDO, criada por Ari Cunha (In memoriam)<\/p>\n<p>Desde 1960, com Circe Cunha e Mamfil \u2013 Manoel de Andrade<\/p>\n<p>jornalistacircecunha@gmail.com<\/p>\n<p>Facebook.com\/vistolidoeouvido<\/p>\n<p>Instagram.com\/vistolidoeouvido<\/p>\n<p>&nbsp;<\/p>\n<figure id=\"attachment_12613\" aria-describedby=\"caption-attachment-12613\" style=\"width: 640px\" class=\"wp-caption aligncenter\"><img loading=\"lazy\" decoding=\"async\" class=\"size-full wp-image-12613\" src=\"https:\/\/blogs2.correiobraziliense.com.br\/aricunha\/wp-content\/uploads\/sites\/13\/2018\/11\/Congresso_Nacional_redz-1-1.jpg\" alt=\"\" width=\"640\" height=\"420\" srcset=\"https:\/\/blogs2.correiobraziliense.com.br\/aricunha\/wp-content\/uploads\/sites\/13\/2018\/11\/Congresso_Nacional_redz-1-1.jpg 640w, https:\/\/blogs2.correiobraziliense.com.br\/aricunha\/wp-content\/uploads\/sites\/13\/2018\/11\/Congresso_Nacional_redz-1-1-300x197.jpg 300w, https:\/\/blogs2.correiobraziliense.com.br\/aricunha\/wp-content\/uploads\/sites\/13\/2018\/11\/Congresso_Nacional_redz-1-1-350x230.jpg 350w, https:\/\/blogs2.correiobraziliense.com.br\/aricunha\/wp-content\/uploads\/sites\/13\/2018\/11\/Congresso_Nacional_redz-1-1-550x361.jpg 550w, https:\/\/blogs2.correiobraziliense.com.br\/aricunha\/wp-content\/uploads\/sites\/13\/2018\/11\/Congresso_Nacional_redz-1-1-230x151.jpg 230w\" sizes=\"auto, (max-width: 640px) 100vw, 640px\" \/><figcaption id=\"caption-attachment-12613\" class=\"wp-caption-text\">Foto: nossaciencia.com.br<\/figcaption><\/figure>\n<p>&nbsp;<\/p>\n<p>Passados mais de tr\u00eas d\u00e9cadas do retorno ao Estado Democr\u00e1tico de Direito, efem\u00e9ride que foi legalmente fixada com a promulga\u00e7\u00e3o da Constitui\u00e7\u00e3o de 1988, a mais cidad\u00e3 de todas as Cartas Magnas, e tamb\u00e9m a mais extensa, as reformas que seriam necess\u00e1rias para a regulamenta\u00e7\u00e3o de muitos dispositivos ainda aguardam uma defini\u00e7\u00e3o por parte dos atuais legisladores, para entrar em pleno vigor.<\/p>\n<p>No entanto, mais importante e urgente que essas medidas \u00e9 o reconhecimento precoce de que muitos dos dispositivos introduzidos em nossa Constitui\u00e7\u00e3o, e mesmo aqueles nascidos de modo consuetudin\u00e1rio, pelos v\u00edcios de nosso modelo de Rep\u00fablica, necessitam, por sua flagrante decrepitude, serem revistos o mais rapidamente poss\u00edvel. Algumas dessas mudan\u00e7as ou reformas, caso n\u00e3o aconte\u00e7am, colocar\u00e3o em risco nossa jovem democracia, mergulhando o pa\u00eds num caos institucional, no qual as sa\u00eddas poss\u00edveis para o impasse de governabilidade ser\u00e3o as mesmas que levaram o Brasil a adentrar o t\u00fanel sem luz, em mar\u00e7o de 1964.<\/p>\n<p>N\u00e3o se trata aqui de alarmismo, mas de pura concatena\u00e7\u00e3o de fatos que v\u00e3o nos conduzindo, par i passu, para o mesmo beco sem sa\u00edda do passado. Deixando de lado, por hora, os malef\u00edcios causados pelo modelo de presidencialismo de coaliz\u00e3o, que muitos reconhecem assertivamente como de coopta\u00e7\u00e3o pura e simples, como ficou sobejamente constatado nos epis\u00f3dios recentes do mensal\u00e3o, h\u00e1 ainda problemas mais s\u00e9rios a serem corrigidos.<\/p>\n<p>Na conturbada \u00e1rea das rela\u00e7\u00f5es entre os Tr\u00eas Poderes, o que a Na\u00e7\u00e3o tem assistido, nestes \u00faltimos tempos, n\u00e3o deixa margens para duvidar que mais importante do que as institui\u00e7\u00f5es em si, s\u00e3o os indiv\u00edduos que nela tomam assento, quer provisoriamente, como no caso do Legislativo e Executivo, quer de forma err\u00f4nea e vital\u00edcia no Judici\u00e1rio. Mais do que embate de egos inflados, o que se observa \u00e9 que a chamada harmonia entre os Poderes da Rep\u00fablica tem acontecido n\u00e3o pelo imperativo das leis, mas, t\u00e3o somente, como resultado dos conchavos de \u00faltima hora, na maioria das vezes impublic\u00e1veis, e que repetem a f\u00f3rmula desgastada e sem \u00e9tica do toma l\u00e1 d\u00e1 c\u00e1.<\/p>\n<p>Nesse sentido, salta aos olhos a f\u00f3rmula, para l\u00e1 de enviesada, como ainda \u00e9 feita a escolha para ministro da Suprema Corte. Ainda mais quando se verifica que muitos desses magistrados, deixando de lado os pr\u00e9-requisitos de reputa\u00e7\u00e3o ilibada e not\u00f3rio saber jur\u00eddico, que n\u00e3o s\u00e3o obedecidos, s\u00e3o lan\u00e7ados nessa alta corte, pelo menos, com a miss\u00e3o de servir como uma esp\u00e9cie de advogado de causas que interessam ou ao governo de seus padrinhos, ou diretamente \u00e0 pessoa que os indicou para esse verdadeiro Olimpo dos deuses.<\/p>\n<p>A problemas como esse, que induzem ao mau funcionamento da m\u00e1quina do Estado, somam-se outros gerados n\u00e3o pela Carta de 88, mas resultado dos v\u00edcios de relacionamento entre esses variados atores da cena pol\u00edtica e que acabam por esgar\u00e7ar a administra\u00e7\u00e3o do pa\u00eds, remetendo-nos, ciclicamente, aos rigores do subdesenvolvimento cr\u00f4nico.<\/p>\n<p>A forma\u00e7\u00e3o de bancadas, que agregam partidos de ideologias d\u00edspares para negociar com o Executivo, \u00e9 outro empecilho a nos retardar a marcha para a democracia plena, transformando as rela\u00e7\u00f5es institucionais, que poderiam ser realizadas em prol da na\u00e7\u00e3o, num grande balc\u00e3o de neg\u00f3cios, onde \u00e9 poss\u00edvel negociar todo o tipo de mercadoria. H\u00e1 uma pane geral em toda a m\u00e1quina do Estado, causada por falhas e v\u00edcios humanos e que seriam claramente evit\u00e1veis, fosse nossa elite pol\u00edtica exemplo a ser seguido, o que, absolutamente, n\u00e3o \u00e9 o caso.<\/p>\n<p>&nbsp;<\/p>\n<p>&nbsp;<\/p>\n<p>&nbsp;<\/p>\n<p><strong>A frase que foi pronunciada:<\/strong><\/p>\n<p><em>\u201cVoc\u00ea e eu viemos de estrada ou trem, mas os economistas viajam com infraestrutura\u201d.<\/em><\/p>\n<p>Margareth Thatcher, foi Primeira Ministra da Inglaterra<\/p>\n<figure id=\"attachment_16675\" aria-describedby=\"caption-attachment-16675\" style=\"width: 359px\" class=\"wp-caption aligncenter\"><img loading=\"lazy\" decoding=\"async\" class=\"size-full wp-image-16675\" src=\"https:\/\/blogs2.correiobraziliense.com.br\/aricunha\/wp-content\/uploads\/sites\/13\/2020\/05\/mag-1.jpg\" alt=\"\" width=\"359\" height=\"547\" srcset=\"https:\/\/blogs2.correiobraziliense.com.br\/aricunha\/wp-content\/uploads\/sites\/13\/2020\/05\/mag-1.jpg 359w, https:\/\/blogs2.correiobraziliense.com.br\/aricunha\/wp-content\/uploads\/sites\/13\/2020\/05\/mag-1-197x300.jpg 197w, https:\/\/blogs2.correiobraziliense.com.br\/aricunha\/wp-content\/uploads\/sites\/13\/2020\/05\/mag-1-230x350.jpg 230w\" sizes=\"auto, (max-width: 359px) 100vw, 359px\" \/><figcaption id=\"caption-attachment-16675\" class=\"wp-caption-text\">Margaret Thatcher. Foto: britannica.com<\/figcaption><\/figure>\n<p><strong>\u00a0<\/strong><\/p>\n<p><strong>Cruz<\/strong><\/p>\n<p>Qualquer conta do Governo Federal ou Distrital deveria rejeitar, automaticamente, o pagamento em duplicidade. Reaver esse dinheiro depois do erro \u00e9 uma Via Crucis.<\/p>\n<figure id=\"attachment_17699\" aria-describedby=\"caption-attachment-17699\" style=\"width: 546px\" class=\"wp-caption aligncenter\"><img loading=\"lazy\" decoding=\"async\" class=\" wp-image-17699\" src=\"https:\/\/blogs2.correiobraziliense.com.br\/aricunha\/wp-content\/uploads\/sites\/13\/2020\/10\/charge.jpg\" alt=\"\" width=\"546\" height=\"366\" srcset=\"https:\/\/blogs2.correiobraziliense.com.br\/aricunha\/wp-content\/uploads\/sites\/13\/2020\/10\/charge.jpg 618w, https:\/\/blogs2.correiobraziliense.com.br\/aricunha\/wp-content\/uploads\/sites\/13\/2020\/10\/charge-300x201.jpg 300w, https:\/\/blogs2.correiobraziliense.com.br\/aricunha\/wp-content\/uploads\/sites\/13\/2020\/10\/charge-550x368.jpg 550w, https:\/\/blogs2.correiobraziliense.com.br\/aricunha\/wp-content\/uploads\/sites\/13\/2020\/10\/charge-230x154.jpg 230w\" sizes=\"auto, (max-width: 546px) 100vw, 546px\" \/><figcaption id=\"caption-attachment-17699\" class=\"wp-caption-text\">Charge: acaopopular.net<\/figcaption><\/figure>\n<p>&nbsp;<\/p>\n<p><strong>Resili\u00eancia<\/strong><\/p>\n<p>Depois de ter sido acusado de lavagem de dinheiro, o padre Robson foi inocentado. Diz o advogado dele que todos esperam que a biografia do religioso seja restaurada. Eduardo Jorge Caldas resolveu o problema com resili\u00eancia quando passou por esse tipo de problema. Colecionou as not\u00edcias falsas e processou um por um.<\/p>\n<figure id=\"attachment_17697\" aria-describedby=\"caption-attachment-17697\" style=\"width: 549px\" class=\"wp-caption aligncenter\"><img loading=\"lazy\" decoding=\"async\" class=\" wp-image-17697\" src=\"https:\/\/blogs2.correiobraziliense.com.br\/aricunha\/wp-content\/uploads\/sites\/13\/2020\/10\/padre.jpg\" alt=\"\" width=\"549\" height=\"364\" srcset=\"https:\/\/blogs2.correiobraziliense.com.br\/aricunha\/wp-content\/uploads\/sites\/13\/2020\/10\/padre.jpg 628w, https:\/\/blogs2.correiobraziliense.com.br\/aricunha\/wp-content\/uploads\/sites\/13\/2020\/10\/padre-300x199.jpg 300w, https:\/\/blogs2.correiobraziliense.com.br\/aricunha\/wp-content\/uploads\/sites\/13\/2020\/10\/padre-550x364.jpg 550w, https:\/\/blogs2.correiobraziliense.com.br\/aricunha\/wp-content\/uploads\/sites\/13\/2020\/10\/padre-230x152.jpg 230w\" sizes=\"auto, (max-width: 549px) 100vw, 549px\" \/><figcaption id=\"caption-attachment-17697\" class=\"wp-caption-text\">Foto: reprodu\u00e7\u00e3o<\/figcaption><\/figure>\n<p><em>&#8211;&gt;\u00a0Assessoria de Comunica\u00e7\u00e3o da Associa\u00e7\u00e3o Filhos do Pai Eterno<\/em><\/p>\n<p><em>Sobre a decis\u00e3o do juiz Ricardo Prata, da 8\u00aa Vara Criminal de Goi\u00e2nia, que condenou criminosos que tentaram extorquir o mission\u00e1rio Pe. Robson de Oliveira, a Assessoria de Comunica\u00e7\u00e3o da Associa\u00e7\u00e3o Filhos do Pai Eterno informa:<\/em><\/p>\n<p><em>1\u00ba) Quando o padre foi v\u00edtima de extors\u00e3o de mensagens falsas criadas contra ele, imediatamente acionou a Pol\u00edcia Civil de Goi\u00e1s, que entrou no caso para prender os bandidos;<\/em><\/p>\n<p><em>2\u00ba) A entrega de dinheiro no epis\u00f3dio foi orientada e supervisionada pela Pol\u00edcia Civil a fim de identificar e localizar todos os criminosos. A Associa\u00e7\u00e3o n\u00e3o teve nenhum preju\u00edzo financeiro e todo o valor j\u00e1 voltou para a institui\u00e7\u00e3o;<\/em><\/p>\n<p><em>3\u00ba) A Pol\u00edcia Civil fez per\u00edcia sobre todo o material usado para extorquir o padre e concluiu que todas as mensagens foram criadas, por aplicativos e sites pr\u00f3prios para simular conversas e criar Fakenews, como, por exemplo, o WhatsFake.<\/em><\/p>\n<p><em>4\u00ba) Os criminosos fazem parte de uma quadrilha profissional e a condena\u00e7\u00e3o ocorreu tamb\u00e9m pela pr\u00e1tica de crimes contra outras pessoas e entidades.<\/em><\/p>\n<p><em>5\u00ba) A Associa\u00e7\u00e3o Filhos do Pai Eterno esclarece que, at\u00e9 o momento, n\u00e3o havia se manifestado, pois estava atendendo a uma determina\u00e7\u00e3o judicial, a qual decretou o sigilo absoluto do processo. Somente na data de hoje vem a p\u00fablico para prestar estas informa\u00e7\u00f5es, porque, juntamente com a condena\u00e7\u00e3o, o juiz levantou o sigilo da a\u00e7\u00e3o penal.<\/em><\/p>\n<p><em>6\u00ba) A Associa\u00e7\u00e3o agradece o trabalho da Pol\u00edcia Civil do Estado de Goi\u00e1s, do Minist\u00e9rio P\u00fablico de Goi\u00e1s, e elogia a decis\u00e3o da Justi\u00e7a, que restabeleceu a ordem, mostrou a verdade e fez a verdadeira justi\u00e7a.<\/em><\/p>\n<p><em>7\u00ba) Mesmo com a condena\u00e7\u00e3o e pris\u00e3o, que s\u00e3o corretas e devem ser cumpridas, Padre Robson reza pela convers\u00e3o e salva\u00e7\u00e3o destas pessoas que escolheram o mundo do crime para viver. Este epis\u00f3dio s\u00f3 prova que o mundo precisa cada vez mais de ora\u00e7\u00e3o e atitudes de amor e paz.<\/em><\/p>\n<p>&nbsp;<\/p>\n<p><strong>Mem\u00f3ria<\/strong><\/p>\n<p>Com as cigarras de volta, as chuvas est\u00e3o pr\u00f3ximas. Dica do fil\u00f3sofo de Mondubim.<\/p>\n<figure id=\"attachment_17698\" aria-describedby=\"caption-attachment-17698\" style=\"width: 551px\" class=\"wp-caption aligncenter\"><img loading=\"lazy\" decoding=\"async\" class=\" wp-image-17698\" src=\"https:\/\/blogs2.correiobraziliense.com.br\/aricunha\/wp-content\/uploads\/sites\/13\/2020\/10\/cigarra.jpg\" alt=\"\" width=\"551\" height=\"364\" srcset=\"https:\/\/blogs2.correiobraziliense.com.br\/aricunha\/wp-content\/uploads\/sites\/13\/2020\/10\/cigarra.jpg 629w, https:\/\/blogs2.correiobraziliense.com.br\/aricunha\/wp-content\/uploads\/sites\/13\/2020\/10\/cigarra-300x198.jpg 300w, https:\/\/blogs2.correiobraziliense.com.br\/aricunha\/wp-content\/uploads\/sites\/13\/2020\/10\/cigarra-550x364.jpg 550w, https:\/\/blogs2.correiobraziliense.com.br\/aricunha\/wp-content\/uploads\/sites\/13\/2020\/10\/cigarra-230x152.jpg 230w\" sizes=\"auto, (max-width: 551px) 100vw, 551px\" \/><figcaption id=\"caption-attachment-17698\" class=\"wp-caption-text\">Foto: correiobraziliense.com<\/figcaption><\/figure>\n<p>&nbsp;<\/p>\n<p><strong>HIST\u00d3RIA DE BRAS\u00cdLIA<\/strong><\/p>\n<p>Recebemos uma carta de um leitor contando que foi procurado por tr\u00eas desses falsos mendigos, com receitas do Hospital Distrital, pedindo dinheiro para avi\u00e1-las. <strong>(Publicado em 18\/01\/1962)<\/strong><\/p>\n","protected":false},"excerpt":{"rendered":"<p>VISTO, LIDO E OUVIDO, criada por Ari Cunha (In memoriam) Desde 1960, com Circe Cunha e Mamfil \u2013 Manoel de Andrade jornalistacircecunha@gmail.com Facebook.com\/vistolidoeouvido Instagram.com\/vistolidoeouvido &nbsp; &nbsp; Passados mais de tr\u00eas d\u00e9cadas do retorno ao Estado Democr\u00e1tico de Direito, efem\u00e9ride que foi legalmente fixada com a promulga\u00e7\u00e3o da Constitui\u00e7\u00e3o de 1988, a mais cidad\u00e3 de todas [&hellip;]<\/p>\n","protected":false},"author":34,"featured_media":12613,"comment_status":"open","ping_status":"open","sticky":false,"template":"","format":"standard","meta":{"wpb_read_more":[],"footnotes":""},"categories":[23],"tags":[2337,2338,2223,2339,1307,1071,2464,2153,2364,114,2340,261],"class_list":["post-17694","post","type-post","status-publish","format-standard","has-post-thumbnail","hentry","category-integra","tag-aricunha-2","tag-brasilia-2","tag-cartamagna","tag-circecunha-2","tag-congressonacional","tag-constituicaocidada","tag-constituicaofederaldarepublicade1988","tag-estado","tag-estadodemocraticodedireito","tag-historiadebrasilia","tag-mamfil-2","tag-politicanobrasil"],"_links":{"self":[{"href":"https:\/\/blogs2.correiobraziliense.com.br\/aricunha\/wp-json\/wp\/v2\/posts\/17694","targetHints":{"allow":["GET"]}}],"collection":[{"href":"https:\/\/blogs2.correiobraziliense.com.br\/aricunha\/wp-json\/wp\/v2\/posts"}],"about":[{"href":"https:\/\/blogs2.correiobraziliense.com.br\/aricunha\/wp-json\/wp\/v2\/types\/post"}],"author":[{"embeddable":true,"href":"https:\/\/blogs2.correiobraziliense.com.br\/aricunha\/wp-json\/wp\/v2\/users\/34"}],"replies":[{"embeddable":true,"href":"https:\/\/blogs2.correiobraziliense.com.br\/aricunha\/wp-json\/wp\/v2\/comments?post=17694"}],"version-history":[{"count":7,"href":"https:\/\/blogs2.correiobraziliense.com.br\/aricunha\/wp-json\/wp\/v2\/posts\/17694\/revisions"}],"predecessor-version":[{"id":17705,"href":"https:\/\/blogs2.correiobraziliense.com.br\/aricunha\/wp-json\/wp\/v2\/posts\/17694\/revisions\/17705"}],"wp:featuredmedia":[{"embeddable":true,"href":"https:\/\/blogs2.correiobraziliense.com.br\/aricunha\/wp-json\/wp\/v2\/media\/12613"}],"wp:attachment":[{"href":"https:\/\/blogs2.correiobraziliense.com.br\/aricunha\/wp-json\/wp\/v2\/media?parent=17694"}],"wp:term":[{"taxonomy":"category","embeddable":true,"href":"https:\/\/blogs2.correiobraziliense.com.br\/aricunha\/wp-json\/wp\/v2\/categories?post=17694"},{"taxonomy":"post_tag","embeddable":true,"href":"https:\/\/blogs2.correiobraziliense.com.br\/aricunha\/wp-json\/wp\/v2\/tags?post=17694"}],"curies":[{"name":"wp","href":"https:\/\/api.w.org\/{rel}","templated":true}]}}