{"id":18964,"date":"2021-04-08T01:00:40","date_gmt":"2021-04-08T04:00:40","guid":{"rendered":"https:\/\/blogs2.correiobraziliense.com.br\/aricunha\/?p=18964"},"modified":"2021-04-07T19:55:07","modified_gmt":"2021-04-07T22:55:07","slug":"tenham-momentos-felizes-todos-os-dias","status":"publish","type":"post","link":"https:\/\/blogs2.correiobraziliense.com.br\/aricunha\/tenham-momentos-felizes-todos-os-dias\/","title":{"rendered":"Tenham momentos felizes todos os dias"},"content":{"rendered":"<p>VISTO, LIDO E OUVIDO, criada por Ari Cunha (In memoriam)<\/p>\n<p>Desde 1960, com Circe Cunha e Mamfil \u2013 Manoel de Andrade<\/p>\n<p>jornalistacircecunha@gmail.com<\/p>\n<p>Facebook.com\/vistolidoeouvido<\/p>\n<p>Instagram.com\/vistolidoeouvido<\/p>\n<p>&nbsp;<\/p>\n<figure id=\"attachment_18974\" aria-describedby=\"caption-attachment-18974\" style=\"width: 563px\" class=\"wp-caption aligncenter\"><img loading=\"lazy\" decoding=\"async\" class=\" wp-image-18974\" src=\"https:\/\/blogs2.correiobraziliense.com.br\/aricunha\/wp-content\/uploads\/sites\/13\/2021\/04\/ilu.jpg\" alt=\"\" width=\"563\" height=\"367\" srcset=\"https:\/\/blogs2.correiobraziliense.com.br\/aricunha\/wp-content\/uploads\/sites\/13\/2021\/04\/ilu.jpg 677w, https:\/\/blogs2.correiobraziliense.com.br\/aricunha\/wp-content\/uploads\/sites\/13\/2021\/04\/ilu-300x195.jpg 300w, https:\/\/blogs2.correiobraziliense.com.br\/aricunha\/wp-content\/uploads\/sites\/13\/2021\/04\/ilu-550x358.jpg 550w, https:\/\/blogs2.correiobraziliense.com.br\/aricunha\/wp-content\/uploads\/sites\/13\/2021\/04\/ilu-230x150.jpg 230w\" sizes=\"auto, (max-width: 563px) 100vw, 563px\" \/><figcaption id=\"caption-attachment-18974\" class=\"wp-caption-text\">Ilustra\u00e7\u00e3o: medicinasa.com<\/figcaption><\/figure>\n<p>&nbsp;<\/p>\n<p align=\"justify\"><span style=\"color: #000000\"><span style=\"font-family: Times New Roman, serif\"><span style=\"font-size: medium\">Infelizmente, essa \u00e9 a recomenda\u00e7\u00e3o dada por nove em cada dez psiquiatras, psic\u00f3logos e outros profissionais que cuidam da sa\u00fade mental. N\u00e3o apenas no Brasil, mas no resto do mundo. A receita inusitada vem a prop\u00f3sito do aumento exponencial nos casos de depress\u00e3o, dem\u00eancia, psicose e outros problemas de ordem mental e que, segundo creem os m\u00e9dicos, adv\u00eam do enorme stress a que est\u00e3o submetidas popula\u00e7\u00f5es inteiras por conta da pandemia e dos efeitos que essa doen\u00e7a pode gerar no sistema nervoso central dos indiv\u00edduos.<\/span><\/span><\/span><\/p>\n<p align=\"justify\"><span style=\"color: #000000\"><span style=\"font-family: Times New Roman, serif\"><span style=\"font-size: medium\">Para muitos profissionais de sa\u00fade, a massiva quantidade de not\u00edcias, quase todas elas, carregadas de informa\u00e7\u00f5es negativas sobre o desenrolar da doen\u00e7a e das consequ\u00eancias futuras que as sociedades ter\u00e3o que enfrentar, tanto nas \u00e1rea de sa\u00fade p\u00fablica quanto na economia e em diversos outros aspectos da vida cotidiana, v\u00eam provocando um aumento consider\u00e1vel do stress, semelhante ao que vivenciam os indiv\u00edduos numa guerra.<\/span><\/span><\/span><\/p>\n<p align=\"justify\"><span style=\"color: #000000\"><span style=\"font-family: Times New Roman, serif\"><span style=\"font-size: medium\">Ocorre que, em momentos de grandes cat\u00e1strofes, as pessoas naturalmente buscam se informar o m\u00e1ximo poss\u00edvel sobre os \u00faltimos acontecimentos, at\u00e9 como meio de encontrar alguma resposta ou solu\u00e7\u00e3o para tudo que est\u00e1 acontecendo. Essa parece ser uma atitude natural para a maioria dos seres humanos, principalmente para aqueles que moram em cidades grandes e onde a vida interativa \u00e9 mais desenvolvida.<\/span><\/span><\/span><\/p>\n<p align=\"justify\"><span style=\"color: #000000\"><span style=\"font-family: Times New Roman, serif\"><span style=\"font-size: medium\">No Brasil, onde a situa\u00e7\u00e3o da pandemia parece ter sa\u00eddo do controle, essa recomenda\u00e7\u00e3o m\u00e9dica pode ser vista sob \u00e2ngulos diferentes. Se, por um lado, a quest\u00e3o da pandemia parece ter se tornado a pauta \u00fanica de boa parte da imprensa, que explora nossas precariedades e o pouco empenho de nossas autoridades frente a um problema de urg\u00eancia de vida e de morte, algumas outras m\u00eddias usam da doen\u00e7a, unicamente, como subterf\u00fagio para fins pol\u00edticos, explorando o tema com vi\u00e9s partid\u00e1rios.<\/span><\/span><\/span><\/p>\n<p align=\"justify\"><span style=\"color: #000000\"><span style=\"font-family: Times New Roman, serif\"><span style=\"font-size: medium\">Alguns outros meios de comunica\u00e7\u00e3o, mais alinhados com o governo, apresentam o problema recheado de estat\u00edsticas num\u00e9ricas positivas, indicando que a pandemia est\u00e1 com os dias contados para acabar. A m\u00eddia internacional, por sua vez, n\u00e3o poupa o Brasil de cr\u00edticas de toda a ordem, mostrando uma realidade cruenta que poucos brasileiros conhecem de perto, nem ao menos as autoridades. <\/span><\/span><\/span><\/p>\n<p align=\"justify\"><span style=\"color: #000000\"><span style=\"font-family: Times New Roman, serif\"><span style=\"font-size: medium\">O fato \u00e9 que, ao manter uma aten\u00e7\u00e3o at\u00e9 exagerada no que dizem os informes di\u00e1rios, muitos cidad\u00e3os, mesmo ao fazerem um balan\u00e7o ponderado entre o que \u00e9 fake e o que fato, ficam com a impress\u00e3o de que vivemos os \u00faltimos dias sobre a Terra. Tamb\u00e9m \u00e9 verdade que o distanciamento das not\u00edcias, pode, a curto prazo, servir para uma esp\u00e9cie de alheamento ilus\u00f3rio, onde a realidade deixa de estar presente e cede lugar a um devaneio artificial.<\/span><\/span><\/span><\/p>\n<p align=\"justify\"><span style=\"color: #000000\"><span style=\"font-family: Times New Roman, serif\"><span style=\"font-size: medium\">De toda a forma, cabe \u00e0 imprensa s\u00e9ria, e acredite, ela ainda existe no Brasil, informar o desenrolar de toda a pandemia como ela realmente est\u00e1 se processando nesse pa\u00eds de desigualdades continentais. Obviamente que, nesse espa\u00e7o, cabe tamb\u00e9m um lugar de destaque \u00e0s iniciativas e o \u00e1rduo trabalho que v\u00eam empreendendo cientistas brasileiros, tanto do Butant\u00e3 quanto da Fiocruz, na pesquisa e produ\u00e7\u00e3o de nossas vacinas, bem como o trabalho diuturno das equipes m\u00e9dicas e de todo o pessoal da sa\u00fade, principalmente daqueles que lidam com o problema l\u00e1 na ponta, onde tudo acontece, ou deixa de acontecer.<\/span><\/span><\/span><\/p>\n<p align=\"justify\">\n<p align=\"justify\"><span style=\"color: #000000\"><span style=\"font-family: Times New Roman, serif\"><span style=\"font-size: medium\"><b>A frase que foi pronunciada:<\/b><\/span><\/span><\/span><\/p>\n<p align=\"justify\"><span style=\"color: #000000\">\u201c<span style=\"font-family: Times New Roman, serif\"><span style=\"font-size: medium\"><i>Trope\u00e7amos nas pedras pequenas, porque as grandes n\u00f3s vemos sem dificuldades.\u201d<\/i><\/span><\/span><\/span><\/p>\n<p align=\"justify\"><span style=\"color: #000000\"><span style=\"font-family: Times New Roman, serif\"><span style=\"font-size: medium\">Prov\u00e9rbio chin\u00eas<\/span><\/span><\/span><\/p>\n<p align=\"justify\">\n<p align=\"justify\"><span style=\"color: #000000\"><span style=\"font-family: Times New Roman, serif\"><span style=\"font-size: medium\"><b>Cabelos<\/b><\/span><\/span><\/span><\/p>\n<p align=\"justify\"><span style=\"color: #000000\"><span style=\"font-family: Times New Roman, serif\"><span style=\"font-size: medium\">Problema que a popula\u00e7\u00e3o de Bras\u00edlia n\u00e3o imagina que aconte\u00e7a nessa cidade trata do descarte de produtos qu\u00edmicos para cabelo. Com a quantidade de sal\u00f5es, se n\u00e3o houver consci\u00eancia no momento do descarte, o perigo \u00e9 grande. Faltam esclarecimentos e solu\u00e7\u00f5es para os profissionais que querem fazer a coisa certa.<\/span><\/span><\/span><\/p>\n<figure id=\"attachment_18967\" aria-describedby=\"caption-attachment-18967\" style=\"width: 543px\" class=\"wp-caption aligncenter\"><img loading=\"lazy\" decoding=\"async\" class=\" wp-image-18967\" src=\"https:\/\/blogs2.correiobraziliense.com.br\/aricunha\/wp-content\/uploads\/sites\/13\/2021\/04\/sal\u00e3o.jpg\" alt=\"\" width=\"543\" height=\"260\" srcset=\"https:\/\/blogs2.correiobraziliense.com.br\/aricunha\/wp-content\/uploads\/sites\/13\/2021\/04\/sal\u00e3o.jpg 857w, https:\/\/blogs2.correiobraziliense.com.br\/aricunha\/wp-content\/uploads\/sites\/13\/2021\/04\/sal\u00e3o-300x144.jpg 300w, https:\/\/blogs2.correiobraziliense.com.br\/aricunha\/wp-content\/uploads\/sites\/13\/2021\/04\/sal\u00e3o-768x368.jpg 768w, https:\/\/blogs2.correiobraziliense.com.br\/aricunha\/wp-content\/uploads\/sites\/13\/2021\/04\/sal\u00e3o-800x384.jpg 800w, https:\/\/blogs2.correiobraziliense.com.br\/aricunha\/wp-content\/uploads\/sites\/13\/2021\/04\/sal\u00e3o-550x264.jpg 550w, https:\/\/blogs2.correiobraziliense.com.br\/aricunha\/wp-content\/uploads\/sites\/13\/2021\/04\/sal\u00e3o-230x110.jpg 230w\" sizes=\"auto, (max-width: 543px) 100vw, 543px\" \/><figcaption id=\"caption-attachment-18967\" class=\"wp-caption-text\">Foto: belezaverde.com<\/figcaption><\/figure>\n<p align=\"justify\"><span style=\"color: #000000\"><span style=\"font-family: Times New Roman, serif\"><span style=\"font-size: medium\"><b>Unidos pelo mal<\/b><\/span><\/span><\/span><\/p>\n<p align=\"justify\"><span style=\"color: #000000\"><span style=\"font-family: Times New Roman, serif\"><span style=\"font-size: medium\">Como um rolo compressor, os partidos de esquerda pelo mundo trocam informa\u00e7\u00f5es e espalham not\u00edcias falsas sobre o Brasil, plantando, na mente dos espectadores, uma imagem grotesca e carregada de ideologia. Um exemplo \u00e9 a mat\u00e9ria publicada no jornal alem\u00e3o, com sede em Bonn, General &#8211; Anzeiger. Veja a foto a seguir.<\/span><\/span><\/span><\/p>\n<p align=\"justify\"><a href=\"https:\/\/blogs2.correiobraziliense.com.br\/aricunha\/wp-content\/uploads\/sites\/13\/2021\/04\/Scan_20210406-4.pdf\">Not\u00edcia do Brasil na Alemanha em 06\/04\/2021<\/a><\/p>\n<p align=\"justify\"><img loading=\"lazy\" decoding=\"async\" class=\"size-full wp-image-18972 aligncenter\" src=\"https:\/\/blogs2.correiobraziliense.com.br\/aricunha\/wp-content\/uploads\/sites\/13\/2021\/04\/jor.jpg\" alt=\"\" width=\"818\" height=\"656\" srcset=\"https:\/\/blogs2.correiobraziliense.com.br\/aricunha\/wp-content\/uploads\/sites\/13\/2021\/04\/jor.jpg 818w, https:\/\/blogs2.correiobraziliense.com.br\/aricunha\/wp-content\/uploads\/sites\/13\/2021\/04\/jor-300x241.jpg 300w, https:\/\/blogs2.correiobraziliense.com.br\/aricunha\/wp-content\/uploads\/sites\/13\/2021\/04\/jor-768x616.jpg 768w, https:\/\/blogs2.correiobraziliense.com.br\/aricunha\/wp-content\/uploads\/sites\/13\/2021\/04\/jor-800x642.jpg 800w, https:\/\/blogs2.correiobraziliense.com.br\/aricunha\/wp-content\/uploads\/sites\/13\/2021\/04\/jor-550x441.jpg 550w, https:\/\/blogs2.correiobraziliense.com.br\/aricunha\/wp-content\/uploads\/sites\/13\/2021\/04\/jor-230x184.jpg 230w\" sizes=\"auto, (max-width: 818px) 100vw, 818px\" \/><\/p>\n<p align=\"justify\"><span style=\"color: #000000\"><span style=\"font-family: Times New Roman, serif\"><span style=\"font-size: medium\"><b>Transmiss\u00e3o<\/b><\/span><\/span><\/span><\/p>\n<p align=\"justify\"><span style=\"color: #000000\"><span style=\"font-family: Times New Roman, serif\"><span style=\"font-size: medium\">No dia 9 deste m\u00eas, o comandante do Ex\u00e9rcito, General Edson Leal Pujol, passar\u00e1 o cargo de Chefe do Departamento de Ci\u00eancia para o General Guido Amin Naves. Deixa o cargo o General D\u00e9cio Lu\u00eds Shons. A transmiss\u00e3o n\u00e3o ter\u00e1 convidados.<\/span><\/span><\/span><\/p>\n<p><iframe loading=\"lazy\" title=\"Defesa Cibern\u00e9tica: 5G do Brasil deve resistir a riscos de qualquer empresa ou na\u00e7\u00e3o\" width=\"720\" height=\"405\" src=\"https:\/\/www.youtube.com\/embed\/Jgn5YEqT4po?feature=oembed\" frameborder=\"0\" allow=\"accelerometer; autoplay; clipboard-write; encrypted-media; gyroscope; picture-in-picture; web-share\" referrerpolicy=\"strict-origin-when-cross-origin\" allowfullscreen><\/iframe><\/p>\n<p>&nbsp;<\/p>\n<p align=\"justify\"><span style=\"color: #000000\"><span style=\"font-family: Times New Roman, serif\"><span style=\"font-size: medium\"><b>Sem sensacionalismo<\/b><\/span><\/span><\/span><\/p>\n<p align=\"justify\"><span style=\"color: #000000\"><span style=\"font-family: Times New Roman, serif\"><span style=\"font-size: medium\">Recebemos uma liga\u00e7\u00e3o de Buritirama, na Bahia, contando que n\u00e3o h\u00e1 pavor na cidade, nem cemit\u00e9rios cheios de covas preparadas para os novos falecidos. O an\u00fancio \u00e9 de 603 casos confirmados, e 556 curados. Vejam as estat\u00edsticas no link <a href=\"http:\/\/www.buritirama.ba.gov.br\/coronavirus\">BOLETIM DO COVID &#8211; Prefeitura de Buritirama<\/a>. As cadeiras continuam nas cal\u00e7adas no frescor do fim de tarde, crian\u00e7as alegres brincando e os jogos de domin\u00f3 na pra\u00e7a.<\/span><\/span><\/span><\/p>\n<figure id=\"attachment_18966\" aria-describedby=\"caption-attachment-18966\" style=\"width: 540px\" class=\"wp-caption aligncenter\"><img loading=\"lazy\" decoding=\"async\" class=\" wp-image-18966\" src=\"https:\/\/blogs2.correiobraziliense.com.br\/aricunha\/wp-content\/uploads\/sites\/13\/2021\/04\/buritirama.jpg\" alt=\"\" width=\"540\" height=\"267\" srcset=\"https:\/\/blogs2.correiobraziliense.com.br\/aricunha\/wp-content\/uploads\/sites\/13\/2021\/04\/buritirama.jpg 994w, https:\/\/blogs2.correiobraziliense.com.br\/aricunha\/wp-content\/uploads\/sites\/13\/2021\/04\/buritirama-300x148.jpg 300w, https:\/\/blogs2.correiobraziliense.com.br\/aricunha\/wp-content\/uploads\/sites\/13\/2021\/04\/buritirama-768x379.jpg 768w, https:\/\/blogs2.correiobraziliense.com.br\/aricunha\/wp-content\/uploads\/sites\/13\/2021\/04\/buritirama-800x395.jpg 800w, https:\/\/blogs2.correiobraziliense.com.br\/aricunha\/wp-content\/uploads\/sites\/13\/2021\/04\/buritirama-550x272.jpg 550w, https:\/\/blogs2.correiobraziliense.com.br\/aricunha\/wp-content\/uploads\/sites\/13\/2021\/04\/buritirama-230x114.jpg 230w\" sizes=\"auto, (max-width: 540px) 100vw, 540px\" \/><figcaption id=\"caption-attachment-18966\" class=\"wp-caption-text\">Foto: buritirama.ba.gov<\/figcaption><\/figure>\n<p align=\"justify\"><span style=\"color: #000000\"><span style=\"font-family: Times New Roman, serif\"><span style=\"font-size: medium\"><b>Hist\u00f3ria de Bras\u00edlia<\/b><\/span><\/span><\/span><\/p>\n<p align=\"justify\"><span style=\"color: #000000\"><span style=\"font-family: Times New Roman, serif\"><span style=\"font-size: medium\">Os t\u00earmos da nota s\u00e3o mantidos em t\u00f4da a sua extens\u00e3o. E continuamos a lamentar que procurem criar dificuldades para a transfer\u00eancia da Capital. <b>(Publicado em 30.01.1962)<\/b><\/span><\/span><\/span><\/p>\n","protected":false},"excerpt":{"rendered":"<p>VISTO, LIDO E OUVIDO, criada por Ari Cunha (In memoriam) Desde 1960, com Circe Cunha e Mamfil \u2013 Manoel de Andrade jornalistacircecunha@gmail.com Facebook.com\/vistolidoeouvido Instagram.com\/vistolidoeouvido &nbsp; &nbsp; Infelizmente, essa \u00e9 a recomenda\u00e7\u00e3o dada por nove em cada dez psiquiatras, psic\u00f3logos e outros profissionais que cuidam da sa\u00fade mental. N\u00e3o apenas no Brasil, mas no resto do [&hellip;]<\/p>\n","protected":false},"author":34,"featured_media":18974,"comment_status":"open","ping_status":"open","sticky":false,"template":"","format":"standard","meta":{"wpb_read_more":[],"footnotes":""},"categories":[23],"tags":[2738,2337,2338,2339,2395,2148,2154,2737,114,2340,2731,2732,2736,188],"class_list":["post-18964","post","type-post","status-publish","format-standard","has-post-thumbnail","hentry","category-integra","tag-ansiedade","tag-aricunha-2","tag-brasilia-2","tag-circecunha-2","tag-consequenciasdapandemia","tag-coronavirus","tag-covid-19","tag-depressao","tag-historiadebrasilia","tag-mamfil-2","tag-psicologia","tag-psiquiatria","tag-saudementalnapandemia","tag-saudenobrasil"],"_links":{"self":[{"href":"https:\/\/blogs2.correiobraziliense.com.br\/aricunha\/wp-json\/wp\/v2\/posts\/18964","targetHints":{"allow":["GET"]}}],"collection":[{"href":"https:\/\/blogs2.correiobraziliense.com.br\/aricunha\/wp-json\/wp\/v2\/posts"}],"about":[{"href":"https:\/\/blogs2.correiobraziliense.com.br\/aricunha\/wp-json\/wp\/v2\/types\/post"}],"author":[{"embeddable":true,"href":"https:\/\/blogs2.correiobraziliense.com.br\/aricunha\/wp-json\/wp\/v2\/users\/34"}],"replies":[{"embeddable":true,"href":"https:\/\/blogs2.correiobraziliense.com.br\/aricunha\/wp-json\/wp\/v2\/comments?post=18964"}],"version-history":[{"count":4,"href":"https:\/\/blogs2.correiobraziliense.com.br\/aricunha\/wp-json\/wp\/v2\/posts\/18964\/revisions"}],"predecessor-version":[{"id":18975,"href":"https:\/\/blogs2.correiobraziliense.com.br\/aricunha\/wp-json\/wp\/v2\/posts\/18964\/revisions\/18975"}],"wp:featuredmedia":[{"embeddable":true,"href":"https:\/\/blogs2.correiobraziliense.com.br\/aricunha\/wp-json\/wp\/v2\/media\/18974"}],"wp:attachment":[{"href":"https:\/\/blogs2.correiobraziliense.com.br\/aricunha\/wp-json\/wp\/v2\/media?parent=18964"}],"wp:term":[{"taxonomy":"category","embeddable":true,"href":"https:\/\/blogs2.correiobraziliense.com.br\/aricunha\/wp-json\/wp\/v2\/categories?post=18964"},{"taxonomy":"post_tag","embeddable":true,"href":"https:\/\/blogs2.correiobraziliense.com.br\/aricunha\/wp-json\/wp\/v2\/tags?post=18964"}],"curies":[{"name":"wp","href":"https:\/\/api.w.org\/{rel}","templated":true}]}}