{"id":7705,"date":"2016-04-22T02:12:15","date_gmt":"2016-04-22T05:12:15","guid":{"rendered":"https:\/\/blogs2.correiobraziliense.com.br\/aricunha\/?p=7705"},"modified":"2016-04-26T07:38:45","modified_gmt":"2016-04-26T10:38:45","slug":"o-fausto-de-dilma","status":"publish","type":"post","link":"https:\/\/blogs2.correiobraziliense.com.br\/aricunha\/o-fausto-de-dilma\/","title":{"rendered":"O Fausto de Dilma"},"content":{"rendered":"<p>&nbsp;<\/p>\n<p><em>Desde 1960<\/em><\/p>\n<p>aricunha@dabr.com.br<\/p>\n<p>com Circe Cunha \/\/ circecunha.df@dabr.com.br<\/p>\n<p>Ah! se entre o c\u00e9u e a terra existem entes dotados de poder, eia! aos meus rogos, do doirado nevoeiro onde se ocultam descendam presto!\u201d<\/p>\n<p>Fausto, de Goethe<\/p>\n<p>Em viagem a Jo\u00e3o Pessoa, na Para\u00edba, em 2013, a poucos meses da elei\u00e7\u00e3o, a presidente Dilma declarou, alto e bom som, para uma plateia atenta de 22 prefeitos da regi\u00e3o: \u201cPodemos fazer o diabo quando \u00e9 hora de elei\u00e7\u00e3o, mas, quando se est\u00e1 no exerc\u00edcio do mandato, temos de nos respeitar, pois fomos eleitos pelo voto direto\u201d. A frase suscitou apreens\u00e3o entre os presentes. Alguns ficaram de orelha em p\u00e9. Que sinais essas palavras escondiam ou buscavam transmitir? A fala, feita ainda quando a presidente detinha algum prest\u00edgio e credibilidade, deu a senha para o que viria a seguir.<\/p>\n<p>Nos bastidores, corriam soltos acordos e estrat\u00e9gias tanto para carrear para os cofres do Partido dos Trabalhadores 1% ou mais de todas as grandes obras do governo, quanto para travestir as contas p\u00fablicas com a roupagem falsa da probidade financeira. O correr dos acontecimentos, pouco mais de dois anos depois, levantou a cortina espessa, mostrando o que se passava longe dos olhos curiosos da imprensa e da opini\u00e3o p\u00fablica. Nesse enredo, o que se sabe, hoje, \u00e9 que \u2014 al\u00e9m da presidente, de seu c\u00edrculo \u00edntimo e da figura mefistof\u00e9lica invocada por ela na Para\u00edba \u2014 ningu\u00e9m mais tinha a m\u00ednima no\u00e7\u00e3o da real situa\u00e7\u00e3o das finan\u00e7as p\u00fablicas.<\/p>\n<p>Amparada na sua ast\u00facia pelo marqueteiro Jo\u00e3o Santana, conhecido no meio como o bruxo das artes ocultas da propaganda, Dilma espalhou aos quatro ventos que uma poss\u00edvel vit\u00f3ria da oposi\u00e7\u00e3o levaria n\u00e3o s\u00f3 ao fim o imenso mar de bolsas sociais generosamente concedidos pelo governo, como marcaria tamb\u00e9m, de forma sinistra, a entrega das riquezas do pa\u00eds \u00e0 sanha imperialista dos capitalistas do Norte, j\u00e1 de olho no potencial do pr\u00e9-sal. A propaganda petista parece ter deflagrado para a popula\u00e7\u00e3o brasileira os mesmos efeitos das falsas simula\u00e7\u00f5es de invas\u00e3o da Terra pelos extraterrestres, feitas por Orson Welles em seu programa de r\u00e1dio em 1938. O p\u00e2nico geral inflou sua candidatura de forma irrevers\u00edvel e selou sua vit\u00f3ria.<\/p>\n<p>Ajudada pelos entes dotados de poder, a mentira garantiu, ao governo, apenas alguns meses de gl\u00f3ria. Passado o poder encantat\u00f3rio, veio o resgate da d\u00edvida. Depois de ferir de morte a Lei de Responsabilidade Fiscal, nos artigos 4,5,9, 36 e 38; a Lei Or\u00e7ament\u00e1ria, nos artigos de 9 a 11; e a Constitui\u00e7\u00e3o, nos artigos 85 e 167, chegou a hora de a presidente cumprir o pacto oculto e entregar a alma. Parte dela j\u00e1 foi levada pela C\u00e2mara. A outra seguir\u00e1 com o Senado. Por longos seis meses, uma Dilma desalmada ainda vagar\u00e1 pelos jardins do Pal\u00e1cio da Alvorada.<\/p>\n<p>&nbsp;<\/p>\n<p><strong>A frase que n\u00e3o foi pronunciada<\/strong><\/p>\n<p><em>\u201cEstamos no fim de uma era, prontos para a chegada do ser\u00e1.\u201d<\/em><\/p>\n<p>Algu\u00e9m pensou<\/p>\n<p>&nbsp;<\/p>\n<p><strong>Tremedeira<\/strong><\/p>\n<p>Lentes da Pol\u00edcia Federal voltadas para o Eletrol\u00e3o. O acerto \u00e9 para desmembrar o inqu\u00e9rito que apura desvios e irregularidades na licita\u00e7\u00e3o da usina nuclear de Angra 3.<\/p>\n<p>&nbsp;<\/p>\n<p><strong>Golpe ou evolu\u00e7\u00e3o?<\/strong><\/p>\n<p>Amigos que viajam pela Europa ficaram impressionados com as publica\u00e7\u00f5es em peri\u00f3dicos em Londres e Paris.\u00a0 At\u00e9 os taxistas t\u00eam a opini\u00e3o formada.<\/p>\n<p>&nbsp;<\/p>\n<p><strong>Parlamento digital<\/strong><\/p>\n<p>Parte da brilhante missiva do amigo Ayl\u00ea-Salassi\u00e9 F. Quint\u00e3o diz que \u201co Brasil vive um bom momento para desvendar os sentidos ocultos, desambiguar lugares, discursos e pretens\u00f5es imagin\u00e1rias do reino das trevas que permeia o Estado. \u00c9 a oportunidade de buscar novos formatos, novas configura\u00e7\u00f5es e desalojar os que se escondem em Valhalla.\u00a0 O pa\u00eds vai precisar de alguns psicanalistas e linguistas, e n\u00e3o apenas de economistas e pol\u00edticos.\u00a0 Esses est\u00e3o se suicidando aos poucos\u201d.<\/p>\n<p>&nbsp;<\/p>\n<p><strong>Release<\/strong><\/p>\n<p>Os jovens f\u00e3s de videogame podem curtir Video Game Show, no Taguatinga Shopping, at\u00e9 domingo. A meia-entrada custa R$ 35.\u00a0 Museu com mais de 150 consoles, fliperamas com 200 jogos da primeira gera\u00e7\u00e3o, freeplays e outros itens do mundo geek. Leve seu neto.<\/p>\n<p>&nbsp;<\/p>\n<p><strong>Hist\u00f3ria de Bras\u00edlia<\/strong><\/p>\n<p>No mesmo dia, o ministro se declara contra a vinda do sr. Jo\u00e3o Goulart para o Brasil. Agora, o sr. Jo\u00e3o Goulart vai assumir mesmo o governo, e o sr. Parsifal Barroso n\u00e3o est\u00e1 nas melhores das situa\u00e7\u00f5es.(Publicado em 5\/9\/1961)<\/p>\n<p>&nbsp;<\/p>\n","protected":false},"excerpt":{"rendered":"<p>&nbsp; Desde 1960 aricunha@dabr.com.br com Circe Cunha \/\/ circecunha.df@dabr.com.br Ah! se entre o c\u00e9u e a terra existem entes dotados de poder, eia! aos meus rogos, do doirado nevoeiro onde se ocultam descendam presto!\u201d Fausto, de Goethe Em viagem a Jo\u00e3o Pessoa, na Para\u00edba, em 2013, a poucos meses da elei\u00e7\u00e3o, a presidente Dilma declarou, [&hellip;]<\/p>\n","protected":false},"author":34,"featured_media":0,"comment_status":"closed","ping_status":"closed","sticky":false,"template":"","format":"standard","meta":{"wpb_read_more":[],"footnotes":""},"categories":[23],"tags":[],"class_list":["post-7705","post","type-post","status-publish","format-standard","hentry","category-integra"],"_links":{"self":[{"href":"https:\/\/blogs2.correiobraziliense.com.br\/aricunha\/wp-json\/wp\/v2\/posts\/7705","targetHints":{"allow":["GET"]}}],"collection":[{"href":"https:\/\/blogs2.correiobraziliense.com.br\/aricunha\/wp-json\/wp\/v2\/posts"}],"about":[{"href":"https:\/\/blogs2.correiobraziliense.com.br\/aricunha\/wp-json\/wp\/v2\/types\/post"}],"author":[{"embeddable":true,"href":"https:\/\/blogs2.correiobraziliense.com.br\/aricunha\/wp-json\/wp\/v2\/users\/34"}],"replies":[{"embeddable":true,"href":"https:\/\/blogs2.correiobraziliense.com.br\/aricunha\/wp-json\/wp\/v2\/comments?post=7705"}],"version-history":[{"count":1,"href":"https:\/\/blogs2.correiobraziliense.com.br\/aricunha\/wp-json\/wp\/v2\/posts\/7705\/revisions"}],"predecessor-version":[{"id":7706,"href":"https:\/\/blogs2.correiobraziliense.com.br\/aricunha\/wp-json\/wp\/v2\/posts\/7705\/revisions\/7706"}],"wp:attachment":[{"href":"https:\/\/blogs2.correiobraziliense.com.br\/aricunha\/wp-json\/wp\/v2\/media?parent=7705"}],"wp:term":[{"taxonomy":"category","embeddable":true,"href":"https:\/\/blogs2.correiobraziliense.com.br\/aricunha\/wp-json\/wp\/v2\/categories?post=7705"},{"taxonomy":"post_tag","embeddable":true,"href":"https:\/\/blogs2.correiobraziliense.com.br\/aricunha\/wp-json\/wp\/v2\/tags?post=7705"}],"curies":[{"name":"wp","href":"https:\/\/api.w.org\/{rel}","templated":true}]}}