{"id":7707,"date":"2016-04-23T02:27:12","date_gmt":"2016-04-23T05:27:12","guid":{"rendered":"https:\/\/blogs2.correiobraziliense.com.br\/aricunha\/?p=7707"},"modified":"2016-04-26T07:40:36","modified_gmt":"2016-04-26T10:40:36","slug":"efeito-estufa","status":"publish","type":"post","link":"https:\/\/blogs2.correiobraziliense.com.br\/aricunha\/efeito-estufa\/","title":{"rendered":"Efeito estufa"},"content":{"rendered":"<h3><\/h3>\n<p>aricunha@dabr.com.br<\/p>\n<p>com circecunha@gmail.com<\/p>\n<p>Enquanto o planeta parece entrar em ciclo perigoso de eleva\u00e7\u00e3o progressiva das temperaturas m\u00e9dias, dentro do que os cientistas denominam de aquecimento global, no Brasil a temperatura da crise pol\u00edtica, gestada \u00fanica e exclusivamente pela inc\u00faria da atual chefe do Poder Executivo, parece ter atingido o ponto m\u00e1ximo de ebuli\u00e7\u00e3o, provocando a passagem antecipada do comando do pa\u00eds.<\/p>\n<p>Para um governo que, na pr\u00e1tica, ainda n\u00e3o deu in\u00edcio efetivo ao segundo mandato, chega a ser surpreendente o esfor\u00e7o que vem sendo feito pela presidente para desvirtuar em p\u00fablico o processo de impeachment que os poderes da Rep\u00fablica legitimamente movem contra ela.<\/p>\n<p>No discurso a ser proferido na ONU, em que 162 pa\u00edses ratificaram o Acordo de Paris de 2015, relativos \u00e0s mudan\u00e7as clim\u00e1ticas, o que muitos temiam \u00e9 que a presidente usasse a tribuna das Na\u00e7\u00f5es Unidas para contar a sua vers\u00e3o pessoal sobre os fatos que vem ocorrendo no seu governo.<\/p>\n<p>Alertada para a inconveni\u00eancia dessa fala num ambiente onde o assunto era totalmente outro, o discurso da presidente se ateve \u00e0s medidas e aos compromissos assumidos pelo governo brasileiro para mitigar os efeitos do aquecimento do planeta. Contudo, no finalzinho da fala, a presidente alertou: \u201cA despeito disso, quero dizer que o Brasil \u00e9 um grande pa\u00eds, com uma sociedade que soube vencer o autoritarismo e construir uma pujante democracia. Nosso povo \u00e9 um povo trabalhador, e com grande apre\u00e7o pela liberdade. Saber\u00e1, n\u00e3o tenho d\u00favidas, impedir quaisquer retrocessos\u201d.<\/p>\n<p>Tal afirma\u00e7\u00e3o deve ter dado um n\u00f3 na cabe\u00e7a dos tradutores e principalmente de quem ouviu e ficou sem entender onde esse trecho final se encaixava no assunto clima. O que todos j\u00e1 anteviam \u00e9 que a presidente Dilma n\u00e3o abriria m\u00e3o de pelo menos citar os acontecimentos internos, numa tribuna mundial, observada ao vivo por centenas de milh\u00f5es de pessoas em todo o planeta.<\/p>\n<p>Em linguagem jornal\u00edstica, o que a presidente Dilma estrategicamente fez foi lan\u00e7ar um lead, ou uma primeira parte de um assunto que pretende comentar mais longamente com os \u00f3rg\u00e3os de imprensa internacionais. Dessa forma, a viagem para Nova York, com uma comitiva gigante de 52 pessoas, segue o roteiro antecipadamente tra\u00e7ado pela emin\u00eancia parda para assuntos externos, Marco Aur\u00e9lio Garcia.<\/p>\n<p>O que parece estranho \u00e9 que a presidente prefira ainda denegrir para o mundo as institui\u00e7\u00f5es e os poderes da Rep\u00fablica de seu pa\u00eds, insistindo numa vers\u00e3o que sabe ser falsa e sem base nos fatos. Impressiona tamb\u00e9m a alargada capacidade que o Itamaraty tem de se submeter a humilha\u00e7\u00f5es dessa natureza.<\/p>\n<p><strong>A frase que n\u00e3o foi pronunciada<\/strong><\/p>\n<p><em>\u201cBras\u00edlia, fosforescente\u00a0 cristalina.\u201d<\/em><\/p>\n<p>Juscelino Kubitschek<\/p>\n<p>&nbsp;<\/p>\n<p><strong>Volta, alegria<\/strong><\/p>\n<p>Aquela alegria de Rodrigo Rollemberg foi radicalmente transformada em semblante cansado. Os problemas que o governador vem enfrentando s\u00e3o preocupantes. A foto que tirou com a meninada de escolas p\u00fablicas mostra a seriedade do governador. Se fosse ainda senador, talvez estivesse com o sorriso mais aberto ou recitado poesias, fazendo largos gestos.<\/p>\n<p><strong>Absurdo<\/strong><\/p>\n<p>\u00c9 de dar inveja para a Coreia do Norte. A miss\u00e3o da Anatel foi totalmente deturpada. Uma ag\u00eancia reguladora que deveria frear a gana das empresas tem feito exatamente o contr\u00e1rio. Prejudica o consumidor que paga a internet mais cara do mundo e protege as empresas que n\u00e3o d\u00e3o tr\u00e9gua. Privatizar assim d\u00e1 lucro.<\/p>\n<p><strong>Fatalidade<\/strong><\/p>\n<p>Ao atravessar a rua distra\u00edda com o celular, uma senhora foi atropelada e morreu no Iate Clube de Bras\u00edlia. Ela estava a caminho da academia.<\/p>\n<p><strong>Apare\u00e7am<\/strong><\/p>\n<p>No dia 27, na sala de reuni\u00e3o das comiss\u00f5es, \u00e0s 10h, ser\u00e1 apresentado o Projeto do Museu da Educa\u00e7\u00e3o do Distrito Federal (Mude) na C\u00e2mara Legislativa.<\/p>\n<p><strong>Hist\u00f3ria de Bras\u00edlia<\/strong><\/p>\n<p>Um deputado explica o parlamentarismo: \u201cO presidente tem quase os mesmos poderes, e na hora da pancada tira o corpo e joga em cima do Parlamento\u201d. Foi com essa disposi\u00e7\u00e3o de esp\u00edrito que foi votada a emenda. (Publicado em 5\/9\/1961)<\/p>\n<p>&nbsp;<\/p>\n","protected":false},"excerpt":{"rendered":"<p>aricunha@dabr.com.br com circecunha@gmail.com Enquanto o planeta parece entrar em ciclo perigoso de eleva\u00e7\u00e3o progressiva das temperaturas m\u00e9dias, dentro do que os cientistas denominam de aquecimento global, no Brasil a temperatura da crise pol\u00edtica, gestada \u00fanica e exclusivamente pela inc\u00faria da atual chefe do Poder Executivo, parece ter atingido o ponto m\u00e1ximo de ebuli\u00e7\u00e3o, provocando a [&hellip;]<\/p>\n","protected":false},"author":34,"featured_media":0,"comment_status":"closed","ping_status":"closed","sticky":false,"template":"","format":"standard","meta":{"wpb_read_more":[],"footnotes":""},"categories":[23],"tags":[],"class_list":["post-7707","post","type-post","status-publish","format-standard","hentry","category-integra"],"_links":{"self":[{"href":"https:\/\/blogs2.correiobraziliense.com.br\/aricunha\/wp-json\/wp\/v2\/posts\/7707","targetHints":{"allow":["GET"]}}],"collection":[{"href":"https:\/\/blogs2.correiobraziliense.com.br\/aricunha\/wp-json\/wp\/v2\/posts"}],"about":[{"href":"https:\/\/blogs2.correiobraziliense.com.br\/aricunha\/wp-json\/wp\/v2\/types\/post"}],"author":[{"embeddable":true,"href":"https:\/\/blogs2.correiobraziliense.com.br\/aricunha\/wp-json\/wp\/v2\/users\/34"}],"replies":[{"embeddable":true,"href":"https:\/\/blogs2.correiobraziliense.com.br\/aricunha\/wp-json\/wp\/v2\/comments?post=7707"}],"version-history":[{"count":1,"href":"https:\/\/blogs2.correiobraziliense.com.br\/aricunha\/wp-json\/wp\/v2\/posts\/7707\/revisions"}],"predecessor-version":[{"id":7708,"href":"https:\/\/blogs2.correiobraziliense.com.br\/aricunha\/wp-json\/wp\/v2\/posts\/7707\/revisions\/7708"}],"wp:attachment":[{"href":"https:\/\/blogs2.correiobraziliense.com.br\/aricunha\/wp-json\/wp\/v2\/media?parent=7707"}],"wp:term":[{"taxonomy":"category","embeddable":true,"href":"https:\/\/blogs2.correiobraziliense.com.br\/aricunha\/wp-json\/wp\/v2\/categories?post=7707"},{"taxonomy":"post_tag","embeddable":true,"href":"https:\/\/blogs2.correiobraziliense.com.br\/aricunha\/wp-json\/wp\/v2\/tags?post=7707"}],"curies":[{"name":"wp","href":"https:\/\/api.w.org\/{rel}","templated":true}]}}