{"id":7713,"date":"2016-04-26T04:14:33","date_gmt":"2016-04-26T07:14:33","guid":{"rendered":"https:\/\/blogs2.correiobraziliense.com.br\/aricunha\/?p=7713"},"modified":"2016-05-06T08:41:33","modified_gmt":"2016-05-06T11:41:33","slug":"7713-2","status":"publish","type":"post","link":"https:\/\/blogs2.correiobraziliense.com.br\/aricunha\/7713-2\/","title":{"rendered":"Servi\u00e7os p\u00fablicos devem explica\u00e7\u00e3o ao p\u00fablico"},"content":{"rendered":"<p>Desde 1960<\/p>\n<p>aricunha@dabr.com.br<\/p>\n<p>com Circe Cunha \/\/ circecunha@gmail.com<\/p>\n<p>J\u00e1 n\u00e3o \u00e9 segredo para ningu\u00e9m que a qualidade dos servi\u00e7os p\u00fablicos oferecidos \u00e0 popula\u00e7\u00e3o oscila, h\u00e1 anos, entre o insuficiente e o ca\u00f3tico. As ra\u00edzes desse desajuste, entre o que \u00e9 arrecadado em forma de altos impostos e o retorno em presta\u00e7\u00e3o de servi\u00e7os adequados, tamb\u00e9m s\u00e3o do conhecimento das autoridades e da sociedade. Parte significativa dos recursos tomados dos brasileiros se dilui tanto na malversa\u00e7\u00e3o de aplica\u00e7\u00e3o das verbas recebidas, quanto nos descaminhos, perdidos nos meandros da corrup\u00e7\u00e3o generalizada.<\/p>\n<p>Uma visita aos hospitais, \u00e0s cadeias e \u00e0s escolas p\u00fablicas, em qualquer lugar do pa\u00eds, revela claramente que nossa indig\u00eancia administrativa \u00e9 de \u00e2mbito nacional. Enquanto o enquadramento saneador das autoridades respons\u00e1veis por esse descalabro n\u00e3o acontece, especialistas recomendam que os governos atuem fortemente na ponta desses servi\u00e7os, atrav\u00e9s de um incisivo trabalho de fiscaliza\u00e7\u00e3o.<\/p>\n<p>Mesmo com os parcos recursos que chegam efetivamente a escolas e hospitais, \u00e9 poss\u00edvel elevar o n\u00edvel na qualidade de atendimento. Mas, para que esse n\u00edvel seja melhorado, \u00e9 preciso que sejam aperfei\u00e7oados tamb\u00e9m os n\u00edveis de fiscaliza\u00e7\u00e3o. T\u00e3o importante quanto as leis para coibir desvios s\u00e3o os mecanismos de controle da real aplica\u00e7\u00e3o dos recursos. Portanto, os \u00f3rg\u00e3os de fiscaliza\u00e7\u00e3o devem ser ativados diuturnamente.<\/p>\n<p>T\u00e3o importante quanto professores, m\u00e9dicos e enfermeiros \u00e9 a onipresen\u00e7a constante de fiscais em escolas e hospitais, relatando, a tempo, absolutamente tudo o que acontece nesses locais. Essa \u00e9 a melhor contrapartida ao contribuinte pelo dinheiro suado e levado pelo Fisco.<\/p>\n<p>A falta de m\u00e9dico, enfermeiro, professor, material hospitalar, rem\u00e9dios, material escolar, limpeza, tudo deve ser comunicado a tempo e a hora com transpar\u00eancia. Servi\u00e7os p\u00fablicos devem explica\u00e7\u00e3o ao p\u00fablico. A maneira mais racional de fazer com que escolas e hospitais funcionem minimamente dentro do que espera a sociedade \u00e9 colocar uma lupa sobre eles.<\/p>\n<p>A pris\u00e3o de administrador ou pol\u00edtico flagrado em caso de corrup\u00e7\u00e3o passiva resolve um caso espec\u00edfico de crime e tira um criminoso do caminho. A fiscaliza\u00e7\u00e3o dos servi\u00e7os p\u00fablicos resolve v\u00e1rias ilegalidades por antecipa\u00e7\u00e3o e de uma vez s\u00f3.<\/p>\n<p>&nbsp;<\/p>\n<p>&nbsp;<\/p>\n<p>A frase que n\u00e3o foi pronunciada<\/p>\n<p>\u201cEu criei o Fome Zero, eu melhorei a vida dos brasileiros, eu fiz toda essa moradia para o povo.\u201d<\/p>\n<p>Autoridade que n\u00e3o pratica a impessoalidade como objetiva\u00e7\u00e3o da imputa\u00e7\u00e3o<\/p>\n<p>&nbsp;<\/p>\n<p>&nbsp;<\/p>\n<p>Galeria<\/p>\n<p>Enquanto a C\u00e2mara Legislativa vota o relat\u00f3rio da CPI dos Transportes, as vans continuam tomando o espa\u00e7o deixado pela insufici\u00eancia dos \u00f4nibus. A precariedade de hor\u00e1rios e percursos continua.<\/p>\n<p>&nbsp;<\/p>\n<p>Le\u00e3o corrupto<\/p>\n<p>Por falar em CPI, \u00e9 bastante prov\u00e1vel que empresas devedoras da Receita Federal tenham sido vergonhosamente favorecidas. A CPI do Conselho Administrativo de Recursos Fiscais (Carf), \u00f3rg\u00e3o do Minist\u00e9rio da Fazenda, vai destrinchar as ilegalidades apontadas pela Opera\u00e7\u00e3o Zelotes, da Pol\u00edcia Federal. Esse esquema teria dado um preju\u00edzo de quase R$ 20 bilh\u00f5es aos cofres p\u00fablicos.<\/p>\n<p>&nbsp;<\/p>\n<p>Tampa<\/p>\n<p>Volta a novela da paralisia do parlamento. Na C\u00e2mara, medidas provis\u00f3rias empacam a atividade legislativa. Seguro, exporta\u00e7\u00e3o, despesas da Uni\u00e3o, benef\u00edcio garantia-safra. Os projetos sobre precat\u00f3rios e agentes auxiliares do com\u00e9rcio tamb\u00e9m s\u00e3o entraves.<\/p>\n<p>&nbsp;<\/p>\n<p>Sobre o PSDB<\/p>\n<p>Sem lavar as m\u00e3os, o senador Aloysio Nunes Ferreira deixa transparecer que com Michel Temer aceitando os programas sugeridos pelo partido, n\u00e3o haveria raz\u00e3o para fugir das responsabilidades com o pa\u00eds.<\/p>\n<p>&nbsp;<\/p>\n<p>Hist\u00f3ria de Bras\u00edlia<\/p>\n<p>Esta crise deixou em evid\u00eancia uma express\u00e3o que vem se juntar \u00e0s demais que formam o cord\u00e3o da antipatia: \u201cDispositivo de Seguran\u00e7a\u201d. Em nome dessa express\u00e3o, muita coisa foi feita, est\u00e1 sendo feita, e Deus queira que n\u00e3o seja feita mais. (Publicado em 5\/9\/1961)<\/p>\n","protected":false},"excerpt":{"rendered":"<p>Desde 1960 aricunha@dabr.com.br com Circe Cunha \/\/ circecunha@gmail.com J\u00e1 n\u00e3o \u00e9 segredo para ningu\u00e9m que a qualidade dos servi\u00e7os p\u00fablicos oferecidos \u00e0 popula\u00e7\u00e3o oscila, h\u00e1 anos, entre o insuficiente e o ca\u00f3tico. As ra\u00edzes desse desajuste, entre o que \u00e9 arrecadado em forma de altos impostos e o retorno em presta\u00e7\u00e3o de servi\u00e7os adequados, tamb\u00e9m [&hellip;]<\/p>\n","protected":false},"author":34,"featured_media":0,"comment_status":"closed","ping_status":"closed","sticky":false,"template":"","format":"standard","meta":{"wpb_read_more":[],"footnotes":""},"categories":[23],"tags":[],"class_list":["post-7713","post","type-post","status-publish","format-standard","hentry","category-integra"],"_links":{"self":[{"href":"https:\/\/blogs2.correiobraziliense.com.br\/aricunha\/wp-json\/wp\/v2\/posts\/7713","targetHints":{"allow":["GET"]}}],"collection":[{"href":"https:\/\/blogs2.correiobraziliense.com.br\/aricunha\/wp-json\/wp\/v2\/posts"}],"about":[{"href":"https:\/\/blogs2.correiobraziliense.com.br\/aricunha\/wp-json\/wp\/v2\/types\/post"}],"author":[{"embeddable":true,"href":"https:\/\/blogs2.correiobraziliense.com.br\/aricunha\/wp-json\/wp\/v2\/users\/34"}],"replies":[{"embeddable":true,"href":"https:\/\/blogs2.correiobraziliense.com.br\/aricunha\/wp-json\/wp\/v2\/comments?post=7713"}],"version-history":[{"count":2,"href":"https:\/\/blogs2.correiobraziliense.com.br\/aricunha\/wp-json\/wp\/v2\/posts\/7713\/revisions"}],"predecessor-version":[{"id":7715,"href":"https:\/\/blogs2.correiobraziliense.com.br\/aricunha\/wp-json\/wp\/v2\/posts\/7713\/revisions\/7715"}],"wp:attachment":[{"href":"https:\/\/blogs2.correiobraziliense.com.br\/aricunha\/wp-json\/wp\/v2\/media?parent=7713"}],"wp:term":[{"taxonomy":"category","embeddable":true,"href":"https:\/\/blogs2.correiobraziliense.com.br\/aricunha\/wp-json\/wp\/v2\/categories?post=7713"},{"taxonomy":"post_tag","embeddable":true,"href":"https:\/\/blogs2.correiobraziliense.com.br\/aricunha\/wp-json\/wp\/v2\/tags?post=7713"}],"curies":[{"name":"wp","href":"https:\/\/api.w.org\/{rel}","templated":true}]}}