{"id":7718,"date":"2016-04-28T03:43:30","date_gmt":"2016-04-28T06:43:30","guid":{"rendered":"https:\/\/blogs2.correiobraziliense.com.br\/aricunha\/?p=7718"},"modified":"2016-05-06T08:45:35","modified_gmt":"2016-05-06T11:45:35","slug":"poder-pelos-ares","status":"publish","type":"post","link":"https:\/\/blogs2.correiobraziliense.com.br\/aricunha\/poder-pelos-ares\/","title":{"rendered":"Poder pelos ares"},"content":{"rendered":"<p>aricunha@dabr.com.br<\/p>\n<p>com Circe Cunha \/\/ circecunha@gmail.com<\/p>\n<p>&nbsp;<\/p>\n<p>A esta altura dos acontecimentos, a resid\u00eancia do vice-presidente Michel Temer virou lugar de peregrina\u00e7\u00e3o de pol\u00edticos e empres\u00e1rios, desde que passaram a enxergar ali a tal luz no fim do t\u00fanel irradiando seu brilho encantador. O ass\u00e9dio mudou de endere\u00e7o.<\/p>\n<p>Hoje, mesmo ainda no cargo, a presidente Dilma experimenta a temida solid\u00e3o do poder. Tornou-se pata manca ainda na metade do seu segundo mandato. O que restou a presidente e ao seu cada vez menor n\u00facleo de aliados, foi o marasmo de longos e tediosos dias pela frente. Com o vagar das horas modorrentas, sobra tempo para, ao menos, conspirar.<\/p>\n<p>Reunida, na segunda-feira, no Pal\u00e1cio do Planalto com Lula, St\u00e9dile (MST), Boulos (MTST) e Vagner Freitas (CUT), seus amigos de ocasi\u00e3o e de presum\u00edveis infort\u00fanios no futuro, o quarteto fant\u00e1stico arquiteta meios de precipitar o dil\u00favio sobre a cabe\u00e7a dos infi\u00e9is, minando o terreno por onde passar\u00e1 a caravana do governo Temer.<\/p>\n<p>Reconhecida a derrota iminente no Senado, resta a t\u00e1tica da sabotagem, tramada dentro do edif\u00edcio oficial. O que difere reais combatentes de simples arrivistas \u00e9 o fato que, diante da morte inevit\u00e1vel, caem de p\u00e9. Os antigos costumavam dizer que n\u00e3o basta viver com dignidade, \u00e9 preciso tamb\u00e9m saber morrer com dignidade.<\/p>\n<p>Enquanto a senhora Rousseff vaga pelo pal\u00e1cio fantasma, seu vice se prepara para o que deve ser o maior desafio de toda a sua vida. Qualquer um que vier a herdar a administra\u00e7\u00e3o do pa\u00eds p\u00f3s-Dilma ter\u00e1 pela frente desafio maior do que os doze trabalhos de H\u00e9rcules.<\/p>\n<p>Pelo pr\u00f3logo anunciado, Temer come\u00e7ou bem ao prometer auditoria profunda nas contas dos bancos p\u00fablicos. Essa auditoria, tipo pente-fino, dever\u00e1 se estender aos demais \u00f3rg\u00e3os do governo, principalmente nas estatais e nas grandes obras p\u00fablicas, tocadas por empreiteiras enroladas com a Justi\u00e7a.<\/p>\n<p>Fazer auditoria significa desarmar bombas de efeito retardado, deixadas para tr\u00e1s. Ou Temer cuida de desarmar essas minas terrestres, ou seu governo vai pelos ares tamb\u00e9m.<\/p>\n<p>&nbsp;<\/p>\n<p>A frase que foi pronunciada:<\/p>\n<p>\u201cSabe o que eu quero de verdade? Jamais perder a sensibilidade, mesmo que \u00e0s vezes ela arranhe um pouco a alma. Porque sem ela n\u00e3o poderia sentir a mim mesma&#8230;\u201d<\/p>\n<p>Clarice Lispector<\/p>\n<p>&nbsp;<\/p>\n<p>Marlem Haddad<\/p>\n<p>Emocionante a Missa de S\u00e9timo Dia de dona Marlem Haddad Rocha. Denise, a filha, recebeu todo o apoio das amigas de inf\u00e2ncia que estudaram juntas no Sacre Coeur, nos primeiros anos de Bras\u00edlia. Dona Marlem faleceu ao ser atropelada no Iate.<\/p>\n<p>&nbsp;<\/p>\n<p>Calliandra<\/p>\n<p>At\u00e9 14 de maio, a exposi\u00e7\u00e3o de T\u00e3o Casc\u00e3o estar\u00e1 aberta ao p\u00fablico na casa Thomas Jefferson. A mostra \u00e9 uma homenagem a Bras\u00edlia e traz o nome da flor de fios de p\u00e9talas vermelhas porque, segundo o artista, \u201cessa \u00e9 uma flor t\u00edpica do cerrado e representa as pessoas rom\u00e2nticas, afetuosas, idealistas, justas, honestas e verdadeiras e que t\u00eam fortes princ\u00edpios com os compromissos de servir, e possuem grande senso art\u00edstico.\u201d<\/p>\n<p>&nbsp;<\/p>\n<p>Jogo contra viol\u00eancia<\/p>\n<p>As regi\u00f5es t\u00eam nome de mulheres. A meta do jogo \u00e9 que todos participem em uma a\u00e7\u00e3o integrada para conter a viol\u00eancia contra a mulher. Perguntas e respostas s\u00e3o as armas. Maria Raquel da Faculdade de Sa\u00fade da UnB \u00e9 a coordenadora do Recriar-se e do N\u00facleo de Estados da Educa\u00e7\u00e3o e Promo\u00e7\u00e3o de Sa\u00fade e Projetos Inclusivos.<\/p>\n<p>&nbsp;<\/p>\n<p>Tocha em Bras\u00edlia<\/p>\n<p>No pr\u00f3ximo dia 3, a Tocha Ol\u00edmpica passar\u00e1 pelo DF. A interrup\u00e7\u00e3o do tr\u00e2nsito ser\u00e1 por poucos minutos. Eixo Monumental, Taguatinga, SAI, Riacho Fundo, Setor Comercial Sul e Asa Sul. N\u00e3o h\u00e1 raz\u00e3o para ser ponto facultativo al\u00e9m disso, o governador Rollemberg espera que o megaevento sirva como supera\u00e7\u00e3o das diverg\u00eancias causadas pela crise pol\u00edtica.<\/p>\n<p>&nbsp;<\/p>\n<p>Efetivados na Defensoria<\/p>\n<p>Quem tinha a atribui\u00e7\u00e3o de nomear, criar ou manter cargos na Defensoria P\u00fablica era o Governo do Distrito Federal, e n\u00e3o a C\u00e2mara Legislativa. Agora, com a derrubada do veto do governador ao Projeto de Lei n\u00ba 765, as coisas mudaram. As galerias com dezenas de funcion\u00e1rios da Defensoria gritando palavras de ordem pressionaram na decis\u00e3o. Mais de 600 funcion\u00e1rios de outros \u00f3rg\u00e3os que estavam cedidos \u00e0 Defensoria, ser\u00e3o efetivados.<\/p>\n<p>&nbsp;<\/p>\n<p>Hist\u00f3ria de Bras\u00edlia<\/p>\n<p>O pessoal dessa equipe, nos dias de folga, estava sempre em comunica\u00e7\u00e3o com o Hospital, aguardando, em casa, o chamado, se necess\u00e1rio. (Publicado em 5\/9\/1961)<\/p>\n","protected":false},"excerpt":{"rendered":"<p>aricunha@dabr.com.br com Circe Cunha \/\/ circecunha@gmail.com &nbsp; A esta altura dos acontecimentos, a resid\u00eancia do vice-presidente Michel Temer virou lugar de peregrina\u00e7\u00e3o de pol\u00edticos e empres\u00e1rios, desde que passaram a enxergar ali a tal luz no fim do t\u00fanel irradiando seu brilho encantador. O ass\u00e9dio mudou de endere\u00e7o. Hoje, mesmo ainda no cargo, a presidente [&hellip;]<\/p>\n","protected":false},"author":34,"featured_media":0,"comment_status":"closed","ping_status":"closed","sticky":false,"template":"","format":"standard","meta":{"wpb_read_more":[],"footnotes":""},"categories":[23],"tags":[],"class_list":["post-7718","post","type-post","status-publish","format-standard","hentry","category-integra"],"_links":{"self":[{"href":"https:\/\/blogs2.correiobraziliense.com.br\/aricunha\/wp-json\/wp\/v2\/posts\/7718","targetHints":{"allow":["GET"]}}],"collection":[{"href":"https:\/\/blogs2.correiobraziliense.com.br\/aricunha\/wp-json\/wp\/v2\/posts"}],"about":[{"href":"https:\/\/blogs2.correiobraziliense.com.br\/aricunha\/wp-json\/wp\/v2\/types\/post"}],"author":[{"embeddable":true,"href":"https:\/\/blogs2.correiobraziliense.com.br\/aricunha\/wp-json\/wp\/v2\/users\/34"}],"replies":[{"embeddable":true,"href":"https:\/\/blogs2.correiobraziliense.com.br\/aricunha\/wp-json\/wp\/v2\/comments?post=7718"}],"version-history":[{"count":1,"href":"https:\/\/blogs2.correiobraziliense.com.br\/aricunha\/wp-json\/wp\/v2\/posts\/7718\/revisions"}],"predecessor-version":[{"id":7719,"href":"https:\/\/blogs2.correiobraziliense.com.br\/aricunha\/wp-json\/wp\/v2\/posts\/7718\/revisions\/7719"}],"wp:attachment":[{"href":"https:\/\/blogs2.correiobraziliense.com.br\/aricunha\/wp-json\/wp\/v2\/media?parent=7718"}],"wp:term":[{"taxonomy":"category","embeddable":true,"href":"https:\/\/blogs2.correiobraziliense.com.br\/aricunha\/wp-json\/wp\/v2\/categories?post=7718"},{"taxonomy":"post_tag","embeddable":true,"href":"https:\/\/blogs2.correiobraziliense.com.br\/aricunha\/wp-json\/wp\/v2\/tags?post=7718"}],"curies":[{"name":"wp","href":"https:\/\/api.w.org\/{rel}","templated":true}]}}