{"id":7722,"date":"2016-04-30T08:47:16","date_gmt":"2016-04-30T11:47:16","guid":{"rendered":"https:\/\/blogs2.correiobraziliense.com.br\/aricunha\/?p=7722"},"modified":"2016-05-06T08:48:38","modified_gmt":"2016-05-06T11:48:38","slug":"foco-na-educacao","status":"publish","type":"post","link":"https:\/\/blogs2.correiobraziliense.com.br\/aricunha\/foco-na-educacao\/","title":{"rendered":"Foco na Educa\u00e7\u00e3o"},"content":{"rendered":"<p><strong><\/strong>DESDE 1960<\/p>\n<p>aricunha@dabr.com.br \u00a0Circe Cunha \/\/ circecunha.df@dabr.com.br<\/p>\n<p>com Mamfil<\/p>\n<p>&nbsp;<\/p>\n<p>Com a sa\u00edda de cena da \u201cP\u00e1tria Educadora\u201d do PT, entra a \u201cTravessia Social\u201d de Michel Temer e do PMDB. Na pr\u00e1tica, a diferen\u00e7a de qualidade entre as duas propostas ainda \u00e9 incerta. Primeiro, o programa da presidente Dilma, lan\u00e7ado com pompa e circunst\u00e2ncia logo a seguir as elei\u00e7\u00f5es de 2014, n\u00e3o foi al\u00e9m da marquetagem do d\u00edstico, sendo abandonada t\u00e3o logo os cortes nos gastos p\u00fablicos se impuseram por for\u00e7a da realidade avassaladora.<\/p>\n<p>Do vazio da \u201cP\u00e1tria Educadora\u201d, tomando o atalho constitucional do impeachment pela \u201cPonte para o futuro\u201d do PMDB, chega-se ao vale da \u201cTravessia Social\u201d, documento que condensa as propostas de um prov\u00e1vel governo Temer para a \u00e1rea social, com destaque para o setor da educa\u00e7\u00e3o.<\/p>\n<p>O projeto, composto por seis cap\u00edtulos, confeccionado pela Funda\u00e7\u00e3o Ulysses Guimar\u00e3es, acena n\u00e3o s\u00f3 para a manuten\u00e7\u00e3o e aperfei\u00e7oamento de programas sociais, como d\u00e1 destaque tamb\u00e9m \u00e0 completa reforma no sistema educacional brasileiro. Chama a aten\u00e7\u00e3o nessa proposta a possibilidade de pagamento de b\u00f4nus a professores que buscarem meios de qualificar t\u00e9cnica e profissionalmente seus curr\u00edculos. Esse tipo de pr\u00eamio est\u00e1 previsto ainda para os educadores que obtiverem melhoria no desempenho de seus alunos.<\/p>\n<p>Trata-se de medida que j\u00e1 foi testada, com sucesso, nos governos tucanos em Minas Gerais e, hoje, \u00e9 feito tanto em S\u00e3o Paulo quanto no Piau\u00ed. Dar mais a quem mais se empenha, dentro do conceito moderno da meritocracia na gest\u00e3o p\u00fablica, tem funcionado em algumas \u00e1reas do governo. A quest\u00e3o \u00e9 saber se o sistema ter\u00e1 efic\u00e1cia no setor educacional.<\/p>\n<p>Para os sindicatos, ainda conectados ao aparato petista, a proposta trar\u00e1 apenas adicional extra e eventual aos sal\u00e1rios dos professores e n\u00e3o resolver\u00e1 o problema central de melhoria permanente nos rendimentos da categoria. Al\u00e9m do b\u00f4nus, a proposta de Temer prev\u00ea a completa reforma nos ensinos m\u00e9dios e b\u00e1sico, com profunda reformula\u00e7\u00e3o curricular dessas fases. A ideia \u00e9 permitir que os alunos, no caso do ensino m\u00e9dio, possam optar pelo ensino profissionalizante.<\/p>\n<p>Importante na \u201cTravessia Social\u201d de Temer \u00e9 que esse conjunto de inten\u00e7\u00f5es aponta para a necessidade de o governo federal marcar maior presen\u00e7a no ensino b\u00e1sico, hoje entregue \u00e0 gest\u00e3o dos munic\u00edpios. Melhorar a qualidade do ensino nas s\u00e9ries iniciais, possibilitando maior protagonismo do estado propiciar\u00e1, segundo a proposta, dentro da enorme diversidade do pa\u00eds, que os pequenos brasileiros tenham exatamente as mesmas oportunidades de educa\u00e7\u00e3o e conhecimento.<\/p>\n<p>Em documento escrito ainda em 2011 pelo ent\u00e3o presidente da Funda\u00e7\u00e3o Ulysses Guimar\u00e3es, Eliseu Padilha, hoje um dos fortes aliados do Michel Temer, j\u00e1 considerava a import\u00e2ncia da educa\u00e7\u00e3o no desenvolvimento do pa\u00eds: \u201cAnalisando nossas exporta\u00e7\u00f5es, constatamos que estamos celeremente reduzindo a participa\u00e7\u00e3o dos produtos industrializados na economia e aumentando a das chamadas commodities \u2014 min\u00e9rios, produtos agr\u00edcolas, carne e outros. Apesar de estarmos intensificando a explora\u00e7\u00e3o de nossas riquezas naturais, falta-nos qualifica\u00e7\u00e3o profissional para produzir riquezas em diferentes \u00e1reas. Se a tend\u00eancia atual se mantiver, logo teremos de, por exemplo, exportar v\u00e1rios bois para importar um telefone celular\u201d.<\/p>\n<p>A frase que foi pronunciada<\/p>\n<p>\u201cNo Brasil de hoje, os cidad\u00e3os t\u00eam medo do futuro. Os pol\u00edticos t\u00eam medo do passado.\u201d<\/p>\n<p>Chico Anysio, sempre atual<\/p>\n<p>Sem urbanidade<\/p>\n<p>Do faroeste para o Setor Noroeste em Bras\u00edlia. \u00c9 uma terra de ningu\u00e9m. Com dezenas de obras no local, uma delas dispara uma sirene em tom ensurdecedor por v\u00e1rios minutos fazendo com que crian\u00e7as, idosos e trabalhadores cansados suportem o inc\u00f4modo por n\u00e3o terem o que fazer.<\/p>\n<p>Enfim<\/p>\n<p>Recebemos a miss\u00e3o de transmitir uma men\u00e7\u00e3o elogiosa pela ostensiva seguran\u00e7a que se vem fazendo aos alunos e visitantes da Biblioteca Central de Brasilia na UnB.<\/p>\n<p>Luz<\/p>\n<p>Entre as quadras 700 e 900 Norte, em Bras\u00edlia, a ciclovia do local est\u00e1 quase impec\u00e1vel. Benfeita, com o circuito bem sinalizado, faltou apenas ilumina\u00e7\u00e3o para os atletas not\u00edvagos.<\/p>\n<p>Curiosidade<\/p>\n<p>Os c\u00e3es que trabalham com policiais federais custam pouco menos de R$ 800 por m\u00eas. Do pastor alem\u00e3o a prefer\u00eancia dos profissionais passou para os labradores. Com poucos meses de vida \u00e9 o c\u00e3o que escolhe o policial. Depois de 7 anos de servi\u00e7os prestados, se o policial n\u00e3o o adotar, o animal pode ser sacrificado.<\/p>\n<p>Hist\u00f3ria de Bras\u00edlia<\/p>\n<p>A Hora do Brasil de anteontem foi um boletim revolucion\u00e1rio. Saiu por completo de sua orienta\u00e7\u00e3o normal de informativo. Foi quase toda opinativa. (Publicado em 5\/9\/1961)<\/p>\n","protected":false},"excerpt":{"rendered":"<p>DESDE 1960 aricunha@dabr.com.br \u00a0Circe Cunha \/\/ circecunha.df@dabr.com.br com Mamfil &nbsp; Com a sa\u00edda de cena da \u201cP\u00e1tria Educadora\u201d do PT, entra a \u201cTravessia Social\u201d de Michel Temer e do PMDB. Na pr\u00e1tica, a diferen\u00e7a de qualidade entre as duas propostas ainda \u00e9 incerta. Primeiro, o programa da presidente Dilma, lan\u00e7ado com pompa e circunst\u00e2ncia logo [&hellip;]<\/p>\n","protected":false},"author":34,"featured_media":0,"comment_status":"closed","ping_status":"closed","sticky":false,"template":"","format":"standard","meta":{"wpb_read_more":[],"footnotes":""},"categories":[23],"tags":[],"class_list":["post-7722","post","type-post","status-publish","format-standard","hentry","category-integra"],"_links":{"self":[{"href":"https:\/\/blogs2.correiobraziliense.com.br\/aricunha\/wp-json\/wp\/v2\/posts\/7722","targetHints":{"allow":["GET"]}}],"collection":[{"href":"https:\/\/blogs2.correiobraziliense.com.br\/aricunha\/wp-json\/wp\/v2\/posts"}],"about":[{"href":"https:\/\/blogs2.correiobraziliense.com.br\/aricunha\/wp-json\/wp\/v2\/types\/post"}],"author":[{"embeddable":true,"href":"https:\/\/blogs2.correiobraziliense.com.br\/aricunha\/wp-json\/wp\/v2\/users\/34"}],"replies":[{"embeddable":true,"href":"https:\/\/blogs2.correiobraziliense.com.br\/aricunha\/wp-json\/wp\/v2\/comments?post=7722"}],"version-history":[{"count":1,"href":"https:\/\/blogs2.correiobraziliense.com.br\/aricunha\/wp-json\/wp\/v2\/posts\/7722\/revisions"}],"predecessor-version":[{"id":7723,"href":"https:\/\/blogs2.correiobraziliense.com.br\/aricunha\/wp-json\/wp\/v2\/posts\/7722\/revisions\/7723"}],"wp:attachment":[{"href":"https:\/\/blogs2.correiobraziliense.com.br\/aricunha\/wp-json\/wp\/v2\/media?parent=7722"}],"wp:term":[{"taxonomy":"category","embeddable":true,"href":"https:\/\/blogs2.correiobraziliense.com.br\/aricunha\/wp-json\/wp\/v2\/categories?post=7722"},{"taxonomy":"post_tag","embeddable":true,"href":"https:\/\/blogs2.correiobraziliense.com.br\/aricunha\/wp-json\/wp\/v2\/tags?post=7722"}],"curies":[{"name":"wp","href":"https:\/\/api.w.org\/{rel}","templated":true}]}}