{"id":8000,"date":"2016-07-10T06:34:28","date_gmt":"2016-07-10T09:34:28","guid":{"rendered":"https:\/\/blogs2.correiobraziliense.com.br\/aricunha\/?p=8000"},"modified":"2016-07-11T06:36:05","modified_gmt":"2016-07-11T09:36:05","slug":"quem-pariu-crise-que-embale","status":"publish","type":"post","link":"https:\/\/blogs2.correiobraziliense.com.br\/aricunha\/quem-pariu-crise-que-embale\/","title":{"rendered":"Quem pariu a crise que a embale"},"content":{"rendered":"<h3>\u00a0<em>DESDE 1960<\/em><\/h3>\n<p>aricunha@dabr.com.br<\/p>\n<p>com Circe Cunha \/\/ circecunha.df@dabr.com.br e MAMFIL<\/p>\n<p><em>\u201cAuriverde pend\u00e3o de minha terra, Que a brisa do Brasil beija e balan\u00e7a, Estandarte que a luz do sol encerra E as promessas divinas da esperan\u00e7a&#8230; Tu que, da liberdade ap\u00f3s a guerra, Foste hasteado dos her\u00f3is na lan\u00e7a Antes te houvessem roto na batalha, Que servires a um povo de mortalha&#8230;!\u201d<\/em><br \/>\n<strong>Castro Alves, Navio negreiro<\/strong><\/p>\n<p>Fossem apartados em cantos distintos, sociedade e governo, e entendendo governo como o conjunto formado pelos Poderes Legislativo, Executivo e Judici\u00e1rio, restaria que as agruras experimentadas atualmente pela popula\u00e7\u00e3o, na forma de infla\u00e7\u00e3o, desemprego e sensa\u00e7\u00e3o de desamparo, adv\u00eam unicamente da sofrida qualidade daqueles que comp\u00f5em o governo e comandam a m\u00e1quina p\u00fablica.<\/p>\n<p>Em outras palavras, pode-se afirmar, sem margem de erro, que a crise atual sem precedentes que assola os brasileiros tem sua origem e seu catalisador justamente no governo. Tendo em vista que, por suas caracter\u00edsticas e raz\u00e3o de sua pr\u00f3pria exist\u00eancia, cabe aos governos cuidar para que a sociedade desfrute de plenas condi\u00e7\u00f5es de bem-estar e seguran\u00e7a, fica posta a contradi\u00e7\u00e3o.<\/p>\n<p>Para um observador atento, fica patente que o governo, que deveria zelar pela popula\u00e7\u00e3o, \u00e9 fonte prim\u00e1ria de todos os problemas que se abatem sobre os cidad\u00e3os. N\u00e3o fossem as consequ\u00eancias da m\u00e1 gest\u00e3o do Estado sobre o grosso da sociedade, poder\u00edamos afirmar taxativamente que o povo vai bem, quem est\u00e1 mal e em crise \u00e9 o governo. A crise \u00e9 deles. Aos brasileiros resta o sacrif\u00edcio de arcar, com elevad\u00edssimos impostos, uma m\u00e1quina de Estado convertida em moedor de carne humana.<\/p>\n<p>Sinais, nem t\u00e3o sutis assim, podem ser observados por toda a cidade, estampados em n\u00fameros garrafais nos chamados impost\u00f4metros. Quem passa pela manh\u00e3 e v\u00ea um valor, ao meio-dia j\u00e1 nota que esse n\u00famero variou muito para cima.<\/p>\n<p>Dos contribuintes s\u00e3o sorvidos por minutos quantias fabulosas, fazendo da carga tribut\u00e1ria brasileira um monumento mundial, equivalente ao colosso de Rodes. Certamente, podemos inferir que pagamos muito, para termos em troca n\u00e3o s\u00f3 os p\u00e9ssimos servi\u00e7os de sempre, mas, sobretudo, para sentirmos na pele os efeitos de uma crise poderosa, que absolutamente n\u00e3o nos pertence. Temos assim o mesmo destino l\u00fagubre dos escravos de outrora que pagavam pelo chicote que os a\u00e7oitava. N\u00e3o bastasse bancar a m\u00e1quina paquid\u00e9rmica que o esmaga, resta aos cidad\u00e3os acreditar que mudan\u00e7as vir\u00e3o ali adiante e seguir em prociss\u00e3o carregando no andor o Leviat\u00e3 moderno.<\/p>\n<p>Triste sina essa de um povo que, ao longo dos s\u00e9culos, segue pagando o pre\u00e7o de sua agonia sem se rebelar, sem nada dizer.<\/p>\n<p><strong>A frase que foi pronunciada<\/strong><\/p>\n<p>\u201cN\u00e3o deves aceitar suborno, pois o suborno cega os perspicazes e pode deturpar as palavras dos justos.\u201d<strong><br \/>\n\u00caxodo 23:8.<\/strong><\/p>\n<p>&nbsp;<\/p>\n<p>&nbsp;<\/p>\n<ul>\n<li><strong>Vida longa<br \/>\n<\/strong><br \/>\n\u00bb Haja cora\u00e7\u00e3o com a pol\u00edtica brasileira! Os m\u00e9dicos de Fernando Henrique Cardoso deram uma solu\u00e7\u00e3o para acertar o descompasso do batimento no peito do ex-presidente. Um marca-passo.<\/li>\n<li><strong>Moro num pa\u00eds tropical<br \/>\n<\/strong><br \/>\n\u00bb Soltos pelo juiz Moro: o diretor comercial da Consturbase, Genesio Schiavinato Juni, o presidente Construcap, Roberto Ribeiro Capobianco, o ex-executivo da Schahin Engenharia Edison Freire Coutinho, e Erasto Messias da Silva Jr., da construtora Ferreira Guedes.<\/li>\n<li><strong>Pr\u00f3ximo passo<br \/>\n<\/strong><br \/>\n\u00bb Parece um bom servi\u00e7o avisar as v\u00edtimas de viol\u00eancia dom\u00e9stica, por uma notifica\u00e7\u00e3o da Justi\u00e7a, quando o agressor sair da cadeia. Mas e a\u00ed?<\/li>\n<li><strong>De jeito nenhum<br \/>\n<\/strong><br \/>\n\u00bb Consolida\u00e7\u00e3o das Leis de Trabalho no foco de discuss\u00f5es na C\u00e2mara dos Deputados. H\u00e1 controv\u00e9rsias quando o assunto \u00e9 a mudan\u00e7a da CLT baseada em acordos extrajudiciais.<\/li>\n<li><strong>Irritante<br \/>\n<\/strong><br \/>\n\u00bb Atender telefonema em que por uma grava\u00e7\u00e3o a Claro vende servi\u00e7os \u00e9 simplesmente aviltante.<br \/>\nSe o telemarketing incomodava com atendentes insistentes, mas que tinham direitos trabalhistas, agora a voz eletr\u00f4nica faz o servi\u00e7o. Sem custos para a operadora. O desabafo<br \/>\n\u00e9 da leitora Gra\u00e7a<br \/>\nMaria de Franco.<\/li>\n<li><strong>Esc\u00e2ndalo<br \/>\n<\/strong><br \/>\n\u00bb Volta \u00e0 tona o Seguro DPVAT. A Seguradora L\u00edder, representada por Ricardo Xavier, respondeu ponto a ponto as suspeitas do deputado cearense Cabo Sabino. Agora \u00e9 aguardar se os deputados da CPI do DPVAT ficar\u00e3o satisfeitos com as explica\u00e7\u00f5es sobre os pagamentos a segurados<br \/>\ne com a presta\u00e7\u00e3o de contas da L\u00edder.<\/li>\n<\/ul>\n<p>&nbsp;<\/p>\n<p><strong>Hist\u00f3ria de Bras\u00edlia<br \/>\n<\/strong><br \/>\nN\u00e3o sugerimos nomes. Bras\u00edlia \u00e9 uma cidade nascida \u00e0 beira de um rio, com uma esta\u00e7\u00e3o de estrada de ferro, uma pra\u00e7a e uma igreja. Para ter \u00e1gua, foi preciso fazer um Lago, para ter uma pra\u00e7a, foi preciso fazer terraplanagem, e a nossa Igreja ainda n\u00e3o est\u00e1 pronta. (Publicado em 10\/09\/1961)<\/p>\n","protected":false},"excerpt":{"rendered":"<p>\u00a0DESDE 1960 aricunha@dabr.com.br com Circe Cunha \/\/ circecunha.df@dabr.com.br e MAMFIL \u201cAuriverde pend\u00e3o de minha terra, Que a brisa do Brasil beija e balan\u00e7a, Estandarte que a luz do sol encerra E as promessas divinas da esperan\u00e7a&#8230; Tu que, da liberdade ap\u00f3s a guerra, Foste hasteado dos her\u00f3is na lan\u00e7a Antes te houvessem roto na batalha, [&hellip;]<\/p>\n","protected":false},"author":34,"featured_media":0,"comment_status":"closed","ping_status":"closed","sticky":false,"template":"","format":"standard","meta":{"wpb_read_more":[],"footnotes":""},"categories":[23],"tags":[],"class_list":["post-8000","post","type-post","status-publish","format-standard","hentry","category-integra"],"_links":{"self":[{"href":"https:\/\/blogs2.correiobraziliense.com.br\/aricunha\/wp-json\/wp\/v2\/posts\/8000","targetHints":{"allow":["GET"]}}],"collection":[{"href":"https:\/\/blogs2.correiobraziliense.com.br\/aricunha\/wp-json\/wp\/v2\/posts"}],"about":[{"href":"https:\/\/blogs2.correiobraziliense.com.br\/aricunha\/wp-json\/wp\/v2\/types\/post"}],"author":[{"embeddable":true,"href":"https:\/\/blogs2.correiobraziliense.com.br\/aricunha\/wp-json\/wp\/v2\/users\/34"}],"replies":[{"embeddable":true,"href":"https:\/\/blogs2.correiobraziliense.com.br\/aricunha\/wp-json\/wp\/v2\/comments?post=8000"}],"version-history":[{"count":2,"href":"https:\/\/blogs2.correiobraziliense.com.br\/aricunha\/wp-json\/wp\/v2\/posts\/8000\/revisions"}],"predecessor-version":[{"id":8002,"href":"https:\/\/blogs2.correiobraziliense.com.br\/aricunha\/wp-json\/wp\/v2\/posts\/8000\/revisions\/8002"}],"wp:attachment":[{"href":"https:\/\/blogs2.correiobraziliense.com.br\/aricunha\/wp-json\/wp\/v2\/media?parent=8000"}],"wp:term":[{"taxonomy":"category","embeddable":true,"href":"https:\/\/blogs2.correiobraziliense.com.br\/aricunha\/wp-json\/wp\/v2\/categories?post=8000"},{"taxonomy":"post_tag","embeddable":true,"href":"https:\/\/blogs2.correiobraziliense.com.br\/aricunha\/wp-json\/wp\/v2\/tags?post=8000"}],"curies":[{"name":"wp","href":"https:\/\/api.w.org\/{rel}","templated":true}]}}