{"id":8010,"date":"2016-07-14T01:21:36","date_gmt":"2016-07-14T04:21:36","guid":{"rendered":"https:\/\/blogs2.correiobraziliense.com.br\/aricunha\/?p=8010"},"modified":"2016-07-14T10:22:41","modified_gmt":"2016-07-14T13:22:41","slug":"herdeiros-da-pilula-do-tempo","status":"publish","type":"post","link":"https:\/\/blogs2.correiobraziliense.com.br\/aricunha\/herdeiros-da-pilula-do-tempo\/","title":{"rendered":"Herdeiros da\u00a0P\u00edlula do Tempo"},"content":{"rendered":"<p><i>Desde 1960<\/i><\/p>\n<p>aricunha@dabr.com.br<\/p>\n<p>com Circe Cunha \/\/ circecunha.df@dabr.com.br e MAMFIL<\/p>\n<p>&nbsp;<\/p>\n<p>&nbsp;<\/p>\n<p>Que planeta herdar\u00e3o os jovens nascidos neste in\u00edcio do s\u00e9culo 21? Certamente, n\u00e3o ser\u00e1 ainda um mundo pacificado, onde as pessoas se sintam plenamente seguras quanto ao futuro.<\/p>\n<p>Com uma popula\u00e7\u00e3o superior a 7 bilh\u00f5es de pessoas, o planeta Terra e seus habitantes experimentam o que os cientistas acreditam ser seu maior desafio. Superpopula\u00e7\u00e3o, devasta\u00e7\u00e3o de grandes \u00e1reas agricult\u00e1veis, escassez de alimentos, de \u00e1gua, polui\u00e7\u00e3o em seu n\u00edvel mais cr\u00edtico e, consequentemente, instabilidade pol\u00edtica e social pela incontrol\u00e1vel busca do poder, s\u00e3o alguns dos ingredientes que tornam nosso s\u00e9culo o mais perigoso e imprevis\u00edvel desde o surgimento das primeiras civiliza\u00e7\u00f5es.<\/p>\n<p>As imensas levas de refugiados que v\u00eam buscando abrigo e comida no continente europeu d\u00e3o mostras de que estes ser\u00e3o tempos de dificuldades sem precedentes. Das seguidas confer\u00eancias internacionais sobre mudan\u00e7as clim\u00e1ticas, que est\u00e3o ocorrendo, v\u00eam, talvez, os alarmes mais preocupantes. O que a maioria dos pesquisadores concordam \u00e9 que a enorme interfer\u00eancia do homem sobre o meio ambiente gerou hoje o que se pode denominar como Era Antropoc\u00eanica.<\/p>\n<p>Experimentamos agora um per\u00edodo de extin\u00e7\u00e3o em massa de grande n\u00famero de esp\u00e9cies da flora e da fauna. Para os mais alarmistas, o homem moderno j\u00e1 acionou o bot\u00e3o de destrui\u00e7\u00e3o de seu pr\u00f3prio planeta de maneira irrevers\u00edvel e nada mais pode ser feito para deter um processo global em cadeia.<\/p>\n<p>A express\u00e3o do momento \u00e9 mitigar ou buscar meios de tornar menos doloroso o que vem pela frente. Mais do que qualquer outra gera\u00e7\u00e3o do passado, \u00e0 atual \u00e9 reservada uma luta sem igual. Pela paz e pela sobreviv\u00eancia.<\/p>\n<p>\u00c9 preciso preparar o quanto antes os novos habitantes do planeta para os desafios que est\u00e3o vindo. Neste particular, a Global Youth Speak, maior organiza\u00e7\u00e3o sem fins lucrativos comandada por jovens no mundo, segundo a Unesco, vem fazendo um trabalho de formiga, tentando desvendar como os mais novos lidam com o desafio de retirar o planeta e seus habitantes desse labirinto sinistro que as gera\u00e7\u00f5es passadas os colocaram.<\/p>\n<p>Pesquisa feita por essa organiza\u00e7\u00e3o com 42 mil jovens, em 125 pa\u00edses, ser\u00e1 apresentada num f\u00f3rum em S\u00e3o Paulo. Ainda n\u00e3o foi totalmente sistematizada, mas basicamente quer entender como os jovens esperam que esteja o mundo em 2030, quais as principais preocupa\u00e7\u00f5es e o que eles acham que deveria ser feito. No Brasil, 15 mil jovens foram ouvidos sobre quest\u00f5es envolvendo governo, neg\u00f3cios, terceiro setor e educa\u00e7\u00e3o.<\/p>\n<p>&nbsp;<\/p>\n<p><b>A frase que n\u00e3o foi pronunciada<\/b><\/p>\n<p><i>\u201cGalinha que anda com morcego dorme de cabe\u00e7a para baixo.\u201d<\/i><\/p>\n<p>Pensamento de policial federal fazendo conex\u00f5es entre pessoas<\/p>\n<p>&nbsp;<\/p>\n<p><b>Sa\u00fade<\/b><\/p>\n<p>\u00bb O Conselho de Desenvolvimento Econ\u00f4mico e Social do DF abriu mais espa\u00e7o para a sa\u00fade local. Foi empossado no dia 13 como conselheiro\u00a0 o atual presidente da Associa\u00e7\u00e3o M\u00e9dica de Bras\u00edlia, Luciano Carvalho. \u00c9 a primeira vez que uma entidade m\u00e9dica faz parte do CDES, formado por integrantes da sociedade civil e do governo. O objetivo do novo conselheiro \u00e9 contribuir para a gest\u00e3o da sa\u00fade do DF.<\/p>\n<p>&nbsp;<\/p>\n<p><b>In\u00edcio de Bras\u00edlia<\/b><\/p>\n<p>\u00bb T\u00e2nia Fontenele convida a comunidade candanga para participar da abertura da exposi\u00e7\u00e3o Mem\u00f3rias femininas da constru\u00e7\u00e3o de Bras\u00edlia dentro do programa Resid\u00eancia Oficial \u00c1guas Claras de Portas Abertas, proposto pelo governador Rodrigo Rollemberg e pela primeira-dama e colaboradora de Bras\u00edlia, M\u00e1rcia Rollemberg. Hoje, \u00e0s 16h.<\/p>\n<p>&nbsp;<\/p>\n<p><b>Resposta Ipea<\/b><\/p>\n<p>\u00bb \u201cSe projetados os melhores desempenhos brasileiros alcan\u00e7ados recentemente em termos de diminui\u00e7\u00e3o da pobreza e da desigualdade (per\u00edodo 2003-2008) para o ano de 2016, o resultado seria um quadro social muito positivo. O Brasil pode praticamente superar o problema de pobreza extrema, assim como alcan\u00e7ar uma taxa nacional de pobreza absoluta de apenas 4%, o que significa quase sua erradica\u00e7\u00e3o. J\u00e1 o \u00cdndice de Gini poder\u00e1 ser de 0,488, um pouco abaixo do verificado em 1960 (0,499), ano da primeira pesquisa sobre desigualdade de renda no Brasil pelo IBGE.<\/p>\n<p>&nbsp;<\/p>\n<p><b>E mais&#8230;<\/b><\/p>\n<p>Ou seja, mantendo o mesmo ritmo de diminui\u00e7\u00e3o da pobreza e da desigualdade de renda observado nos \u00faltimos cinco anos, o Brasil poderia alcan\u00e7ar o ano de 2016 com indicadores sociais pr\u00f3ximos aos dos pa\u00edses desenvolvidos. Enquanto a pobreza extrema poderia ser praticamente superada, a desigualdade da renda do trabalho tenderia a estar abaixo de 0,5 do \u00cdndice de Gini.\u201d<\/p>\n<p>&nbsp;<\/p>\n<p><b>Hist\u00f3ria de Bras\u00edlia<\/b><\/p>\n<p>Todo o mundo sabe que a Novacap deve cinco bilh\u00f5es de cruzeiros, e tem apenas nove para receber, e continuar as obras. \u00c9 preciso de um \u201cbra\u00e7o\u201d que compreenda os seus problemas, que viva as suas dificuldades, e procure resolv\u00ea-las longe dos esquemas pol\u00edticos. <b>(Publicado em 10\/09\/1961)<\/b><\/p>\n","protected":false},"excerpt":{"rendered":"<p>Desde 1960 aricunha@dabr.com.br com Circe Cunha \/\/ circecunha.df@dabr.com.br e MAMFIL &nbsp; &nbsp; Que planeta herdar\u00e3o os jovens nascidos neste in\u00edcio do s\u00e9culo 21? Certamente, n\u00e3o ser\u00e1 ainda um mundo pacificado, onde as pessoas se sintam plenamente seguras quanto ao futuro. Com uma popula\u00e7\u00e3o superior a 7 bilh\u00f5es de pessoas, o planeta Terra e seus habitantes [&hellip;]<\/p>\n","protected":false},"author":34,"featured_media":0,"comment_status":"closed","ping_status":"closed","sticky":false,"template":"","format":"standard","meta":{"wpb_read_more":[],"footnotes":""},"categories":[23],"tags":[],"class_list":["post-8010","post","type-post","status-publish","format-standard","hentry","category-integra"],"_links":{"self":[{"href":"https:\/\/blogs2.correiobraziliense.com.br\/aricunha\/wp-json\/wp\/v2\/posts\/8010","targetHints":{"allow":["GET"]}}],"collection":[{"href":"https:\/\/blogs2.correiobraziliense.com.br\/aricunha\/wp-json\/wp\/v2\/posts"}],"about":[{"href":"https:\/\/blogs2.correiobraziliense.com.br\/aricunha\/wp-json\/wp\/v2\/types\/post"}],"author":[{"embeddable":true,"href":"https:\/\/blogs2.correiobraziliense.com.br\/aricunha\/wp-json\/wp\/v2\/users\/34"}],"replies":[{"embeddable":true,"href":"https:\/\/blogs2.correiobraziliense.com.br\/aricunha\/wp-json\/wp\/v2\/comments?post=8010"}],"version-history":[{"count":2,"href":"https:\/\/blogs2.correiobraziliense.com.br\/aricunha\/wp-json\/wp\/v2\/posts\/8010\/revisions"}],"predecessor-version":[{"id":8012,"href":"https:\/\/blogs2.correiobraziliense.com.br\/aricunha\/wp-json\/wp\/v2\/posts\/8010\/revisions\/8012"}],"wp:attachment":[{"href":"https:\/\/blogs2.correiobraziliense.com.br\/aricunha\/wp-json\/wp\/v2\/media?parent=8010"}],"wp:term":[{"taxonomy":"category","embeddable":true,"href":"https:\/\/blogs2.correiobraziliense.com.br\/aricunha\/wp-json\/wp\/v2\/categories?post=8010"},{"taxonomy":"post_tag","embeddable":true,"href":"https:\/\/blogs2.correiobraziliense.com.br\/aricunha\/wp-json\/wp\/v2\/tags?post=8010"}],"curies":[{"name":"wp","href":"https:\/\/api.w.org\/{rel}","templated":true}]}}