{"id":8013,"date":"2016-07-15T03:05:22","date_gmt":"2016-07-15T06:05:22","guid":{"rendered":"https:\/\/blogs2.correiobraziliense.com.br\/aricunha\/?p=8013"},"modified":"2016-07-15T09:07:18","modified_gmt":"2016-07-15T12:07:18","slug":"hora-de-arrumar-casa","status":"publish","type":"post","link":"https:\/\/blogs2.correiobraziliense.com.br\/aricunha\/hora-de-arrumar-casa\/","title":{"rendered":"Hora de\u00a0arrumar a Casa"},"content":{"rendered":"<p><i>Desde 1960<\/i><\/p>\n<p>aricunha@dabr.com.br<\/p>\n<p>com Circe Cunha \/\/ circecunha.df@dabr.com.br e MAMFIL<\/p>\n<p>&nbsp;<\/p>\n<p>&nbsp;<\/p>\n<p>Com a elei\u00e7\u00e3o do novo presidente da C\u00e2mara dos Deputados, feita a toque de caixa, um aspecto chama a aten\u00e7\u00e3o nesta rearruma\u00e7\u00e3o das cadeiras da Casa e pode servir como uma luva dentro da nova expectativa que aguarda o pa\u00eds. Trata-se da facilidade como se formaram os dois blocos que buscavam a presid\u00eancia.<\/p>\n<p>Ficou claro que, quando o assunto diz respeito direto a quest\u00f5es intra corporis, h\u00e1 sempre um caminho r\u00e1pido e reto para se resolver o problema. Considerando que a pesada crise econ\u00f4mica que se abate sobre os brasileiros tem sua origem, meio e fim nas quest\u00f5es pol\u00edticas, mais precisamente no Legislativo e no Executivo, n\u00e3o deixa de ser razo\u00e1vel pensar que, dado a conjuntura atual, o momento para se empreender uma ampla e profunda reforma pol\u00edtica \u00e9 agora.<\/p>\n<p>A come\u00e7ar pela reforma partid\u00e1ria, eliminando a pl\u00eaiade de legendas pela cl\u00e1usula de barreiras, adotado o voto distrital, j\u00e1 nas pr\u00f3ximas elei\u00e7\u00f5es, acabando ainda com a famigerada prerrogativa de foro. \u00c9 preciso que o Congresso d\u00ea continuidade \u00e0s mudan\u00e7as que come\u00e7aram com o afastamento da presidente Dilma, aprovando o quanto antes as 10 medidas recomendadas pelo Minist\u00e9rio P\u00fablico contra a corrup\u00e7\u00e3o e a impunidade.<\/p>\n<p>Para um governo que herdou um pa\u00eds de cabe\u00e7a para baixo e que corre contra o rel\u00f3gio, ficaria de bom tamanho entregar ao sucessor um Estado enxuto, sem aparelhamento e outros encostos na administra\u00e7\u00e3o p\u00fablica, com a reforma da previd\u00eancia aprovada, e as reformas fiscais e tribut\u00e1rias bem encaminhadas.<\/p>\n<p>Um turista que v\u00ea o fausto dos pal\u00e1cios onde nossas autoridades dos Tr\u00eas Poderes e seus longos s\u00e9quitos deslizam suavemente, nem de longe pode imaginar a realidade, por exemplo, do Hospital Regional do Parano\u00e1, distante menos de 5 quil\u00f4metros em linha reta da Esplanada. Uma pessoa doente, que aguarda um \u00f4nibus na parada por mais de 40 minutos, com a sa\u00fade debilitada, entra no \u00f4nibus e quando chega ao hospital \u00e9 despachada por falta de profissionais para o atendimento. Hospitais por aqui s\u00f3 t\u00eam pacientes. Essa \u00e9 a realidade.<\/p>\n<p>Os brasileiros do s\u00e9culo 21 j\u00e1 n\u00e3o aceitam mais bancar uma m\u00e1quina de Estado car\u00edssima enquanto s\u00e3o obrigados a viver numa esp\u00e9cie de outro Brasil, sem assist\u00eancia m\u00e9dica, sem escolas de qualidade e outros servi\u00e7os m\u00ednimos e necess\u00e1rios ao bem-estar social, conforme manda a Constitui\u00e7\u00e3o.<\/p>\n<p>Quem v\u00ea tanto luxo e gastan\u00e7a para manter os altos escal\u00f5es da Rep\u00fablica come\u00e7a a suspeitar que o Estado democr\u00e1tico que temos n\u00e3o passa de uma fic\u00e7\u00e3o, elaborada por uma minoria de privilegiados e uma maioria inconformada, mas sem atitude. \u00c9 assim que se mant\u00e9m o status quo eternamente.<\/p>\n<p>&nbsp;<\/p>\n<p><b>Sem paz<\/b><\/p>\n<p>\u00bb Hoje em dia, o telefone fixo serve apenas para as empresas de telemarketing. Os bancos e outras institui\u00e7\u00f5es monitoram eletronicamente os hor\u00e1rios em que h\u00e1 pessoas em casa. Disparam a liga\u00e7\u00e3o sem o interm\u00e9dio de funcion\u00e1rios ou de vozes rob\u00f3ticas. Quando o telefone \u00e9 atendido, a m\u00e1quina desliga imediatamente. Assim, \u00e9 feita uma estimativa para encontrar o consumidor ou cliente em casa. A partir da\u00ed, \u00e9 s\u00f3 aguardar o boa-noite! Do outro lado da linha, come\u00e7a o lero-lero de promo\u00e7\u00f5es imperd\u00edveis.<\/p>\n<p>&nbsp;<\/p>\n<p><b>Convite<\/b><\/p>\n<p>\u00bb Recebemos o convite dos Correios para participar da 114\u00aa Reuni\u00e3o da Comiss\u00e3o Filat\u00e9lica Nacional, para a defini\u00e7\u00e3o do Programa Anual de Selos Postais de 2017. Em conversa r\u00e1pida com a Sra. Eliane E. Sivinski Petry, gerente corporativo de Filatelia, foi poss\u00edvel atestar a capacidade dos Correios em tornar a tecnologia de concorrente em aliada. Selos com diferentes perfumes, em alto-relevo, em braille e hologr\u00e1ficos s\u00e3o apenas algumas inova\u00e7\u00f5es. Cada vez mais perto da sociedade, os Correios entram nas escolas para compartilhar com as crian\u00e7as como os selos podem se transformar em aula de hist\u00f3ria, geografia, portugu\u00eas de forma divertida.<\/p>\n<p>&nbsp;<\/p>\n<p><b>Patroc\u00ednio<\/b><\/p>\n<p>\u00bb Jovens empres\u00e1rios, estudantes da UnB procuram patroc\u00ednio para viabilizar a comercializa\u00e7\u00e3o de um produto bem curioso. A utilidade vai desde o celular at\u00e9 a sa\u00fade. Trata-se de uma bicicleta que transforma a pedalada em energia que carrega o celular. Lucas Kalejaiye, Bruno Freitas e Caio Martins entram na expectativa de milhares de brasileiros criativos. Ver a inven\u00e7\u00e3o no mercado.<\/p>\n<p>&nbsp;<\/p>\n<p><b>Honra ao m\u00e9rito<\/b><\/p>\n<p>\u00bb Por falar em UnB, quem envia a informa\u00e7\u00e3o \u00e9 Maria do Socorro Ferreira Silva. Ela conta a hist\u00f3ria de tr\u00eas estudantes de fam\u00edlias humildes que conseguiram passar no vestibular. Ludson Vin\u00edcius Euz\u00e9bio Pereira da Silva, 18 anos, do Recanto das Emas, filho de Maria Aparecida Pereira Fonseca, passou para o curso de farm\u00e1cia. Daniel Lucas Silva Santiago foi aprovado em 2\u00ba lugar no curso de economia e Willian Elias Alves, tamb\u00e9m de 18 anos, escolheu engenharia de software. Guardem esses nomes!<\/p>\n<p>&nbsp;<\/p>\n<p><b>Hist\u00f3ria de Bras\u00edlia<\/b><\/p>\n<p>N\u00f3s temos t\u00e9cnicos presidente e qualquer homem\u00a0desses ter\u00e1, com facilidade, o apoio de toda a cidade, que vale muito para o administrador. (<b>Publicado em 10\/09\/1961)<\/b><\/p>\n","protected":false},"excerpt":{"rendered":"<p>Desde 1960 aricunha@dabr.com.br com Circe Cunha \/\/ circecunha.df@dabr.com.br e MAMFIL &nbsp; &nbsp; Com a elei\u00e7\u00e3o do novo presidente da C\u00e2mara dos Deputados, feita a toque de caixa, um aspecto chama a aten\u00e7\u00e3o nesta rearruma\u00e7\u00e3o das cadeiras da Casa e pode servir como uma luva dentro da nova expectativa que aguarda o pa\u00eds. Trata-se da facilidade [&hellip;]<\/p>\n","protected":false},"author":34,"featured_media":0,"comment_status":"closed","ping_status":"closed","sticky":false,"template":"","format":"standard","meta":{"wpb_read_more":[],"footnotes":""},"categories":[23],"tags":[],"class_list":["post-8013","post","type-post","status-publish","format-standard","hentry","category-integra"],"_links":{"self":[{"href":"https:\/\/blogs2.correiobraziliense.com.br\/aricunha\/wp-json\/wp\/v2\/posts\/8013","targetHints":{"allow":["GET"]}}],"collection":[{"href":"https:\/\/blogs2.correiobraziliense.com.br\/aricunha\/wp-json\/wp\/v2\/posts"}],"about":[{"href":"https:\/\/blogs2.correiobraziliense.com.br\/aricunha\/wp-json\/wp\/v2\/types\/post"}],"author":[{"embeddable":true,"href":"https:\/\/blogs2.correiobraziliense.com.br\/aricunha\/wp-json\/wp\/v2\/users\/34"}],"replies":[{"embeddable":true,"href":"https:\/\/blogs2.correiobraziliense.com.br\/aricunha\/wp-json\/wp\/v2\/comments?post=8013"}],"version-history":[{"count":2,"href":"https:\/\/blogs2.correiobraziliense.com.br\/aricunha\/wp-json\/wp\/v2\/posts\/8013\/revisions"}],"predecessor-version":[{"id":8015,"href":"https:\/\/blogs2.correiobraziliense.com.br\/aricunha\/wp-json\/wp\/v2\/posts\/8013\/revisions\/8015"}],"wp:attachment":[{"href":"https:\/\/blogs2.correiobraziliense.com.br\/aricunha\/wp-json\/wp\/v2\/media?parent=8013"}],"wp:term":[{"taxonomy":"category","embeddable":true,"href":"https:\/\/blogs2.correiobraziliense.com.br\/aricunha\/wp-json\/wp\/v2\/categories?post=8013"},{"taxonomy":"post_tag","embeddable":true,"href":"https:\/\/blogs2.correiobraziliense.com.br\/aricunha\/wp-json\/wp\/v2\/tags?post=8013"}],"curies":[{"name":"wp","href":"https:\/\/api.w.org\/{rel}","templated":true}]}}