{"id":8020,"date":"2016-07-17T06:53:45","date_gmt":"2016-07-17T09:53:45","guid":{"rendered":"https:\/\/blogs2.correiobraziliense.com.br\/aricunha\/?p=8020"},"modified":"2016-07-20T06:56:06","modified_gmt":"2016-07-20T09:56:06","slug":"machismo-e-violencia","status":"publish","type":"post","link":"https:\/\/blogs2.correiobraziliense.com.br\/aricunha\/machismo-e-violencia\/","title":{"rendered":"Machismo e viol\u00eancia"},"content":{"rendered":"<p>Desde 1960 aricunha@dabr.com.br com Circe Cunha \/\/ circecunha.df@dabr.com.br e MAMFIL<\/p>\n<p>&nbsp;<\/p>\n<p>&nbsp;<\/p>\n<p>&nbsp;<\/p>\n<p>Dentro do que o psicanalista Gustav Jung denominou de Inconsciente Coletivo, podem ser encontradas muitas das caracter\u00edsticas psicol\u00f3gicas que moldaram a mente da esp\u00e9cie humana e que, de certa forma, explicam nosso comportamento, mesmo aqueles mais desprez\u00edveis.<\/p>\n<p>Por raz\u00f5es que remontam \u00e0 pr\u00e9-hist\u00f3ria e aos primeiros homin\u00eddeos, alguns comportamentos do tipo oculto e inato foram sendo transmitidos \u00e0s gera\u00e7\u00f5es futuras, por necessidade de sobreviv\u00eancia, frente a um mundo hostil e in\u00f3spito. O machismo \u00e9 uma dessas heran\u00e7as ocultas.<\/p>\n<p>Trata-se, segundo especialistas no assunto, de uma for\u00e7a arquet\u00edpica (primeiro modelo a ser tomado e seguido como correto). Como tal se fincou no inconsciente de todos. Em outras palavras, nascemos machistas, homens e mulheres, sendo que esse comportamento \u00e9 mais ou menos refor\u00e7ado ao longo da vida, de acordo com cada sociedade em que o indiv\u00edduo est\u00e1 inserido.<\/p>\n<p>Obviamente esse comportamento primitivo n\u00e3o isenta ningu\u00e9m de cometer verdadeiras atrocidades contra o sexo oposto.<br \/>\nNo Brasil, de forma\u00e7\u00e3o hist\u00f3rica patriarcalista, fincada na desigualdade patente de classes, esse comportamento encontrou ambiente, dentro e fora de casa, para florescer e se multiplicar. Isso n\u00e3o quer dizer que em outras partes do mundo o problema n\u00e3o ocorra.<\/p>\n<p>Nos Estados Unidos, pa\u00eds modelo de desenvolvimento material, e da vanguarda do s\u00e9culo 21, a cada 9 segundos, uma mulher foi v\u00edtima de a\u00e7\u00e3o violenta em 2008. No Brasil, naquele mesmo ano, pesquisas indicavam que 17% das mulheres temiam ser mortas pelos pr\u00f3prios companheiros. Em 2015 os casos de viol\u00eancia contra as mulheres cresceram 45%. Foram 76.651 casos registrados. Se fossem contabilizados os casos n\u00e3o devidamente denunciados, esse n\u00famero chegaria perto de 100 mil.<\/p>\n<p>Ocorr\u00eancias de viol\u00eancia sexual, quando envolvem casos de estupro, ass\u00e9dio e explora\u00e7\u00e3o, passaram de 1.517 casos em 2014, para 3.478 relatos em 2015, o que equivale a um aumento de 129%. Atualmente s\u00e3o registrados 9,5 estupros por dia. A viol\u00eancia f\u00edsica predomina nesses casos. S\u00e3o quase 40 mil ocorr\u00eancias de maus-tratos denunciados.<\/p>\n<p>H\u00e1 ainda milhares de casos de viol\u00eancia psicol\u00f3gica (23.247 casos) e viol\u00eancia moral (5.556 casos). Mesmo com a Lei Maria da Penha e a cria\u00e7\u00e3o da figura jur\u00eddica do Feminic\u00eddio (lei 13.104\/2015), os casos de viol\u00eancia contra as mulheres brasileiras prosseguem numa curva ascendente.<\/p>\n<p>O caso recente da modelo Luiza Brunet e do milion\u00e1rio L\u00edrio Parisotto deixa evidente que a viol\u00eancia contra as mulheres permeia todas as classes sociais, sem distin\u00e7\u00e3o.<\/p>\n<p>Pesquisas indicam ainda que o \u00e1lcool, as drogas e o mais antigo e nefasto dos v\u00edcios humanos, o ci\u00fame, respondem pela maioria das causas da viol\u00eancia contra as mulheres. Como sempre, o caminho mais curto e recomendado pelos estudiosos para se chegar a uma conviv\u00eancia de paz entre homens e mulheres ainda parece ser a educa\u00e7\u00e3o.<\/p>\n<p>A frase que foi pronunciada<br \/>\n\u201cAs m\u00e1s companhias s\u00e3o como um mercado de peixe; acostuma-se ao mau cheiro.<\/p>\n<p>Prov\u00e9rbio chin\u00eas<br \/>\nNovidade<\/p>\n<p>\u00bb Reforma geral no terminal de \u00f4nibus de Planaltina. Marcos Dantas, da mobilidade, e o governador Rodrigo Rollemberg assinaram o contrato e a reinaugura\u00e7\u00e3o est\u00e1 prevista para o ano que vem.<\/p>\n<p>M\u00e9rito<\/p>\n<p>\u00bb Quem merece apoio pelo belo trabalho que faz \u00e9 dona Maria Vieira da Silva, a \u201cdona Gracinha da Sanfona\u201d.<br \/>\nA Secretaria de Cultura reconhece o valor de seu projeto, mas, aos 74 anos de idade, ela merece muito mais do que isso. Apesar das dificuldades f\u00edsicas, ela faz quest\u00e3o de dedicar a vida para levar m\u00fasica para toda gente triste.<\/p>\n<p>In\u00edcio de julho<\/p>\n<p>\u00bb Bras\u00edlia sofre com surto de caxumba. Boletim da Secretaria de Sa\u00fade informa que o n\u00famero de casos chegou a 960 em sete dias.<\/p>\n<p>Hist\u00f3ria de Bras\u00edlia<\/p>\n<p>Um dos \u00eaxitos do sr. Paulo de Tarso, como administrador, foi convidar t\u00e9cnicos, mesmo os que n\u00e3o conhecia pessoalmente, para o seu governo, dando a Bras\u00edlia a dimens\u00e3o de sua for\u00e7a, de seu desenvolvimento. (Publicado em 10\/09\/1961)<\/p>\n<p>&nbsp;<\/p>\n<p>&nbsp;<\/p>\n<p>&nbsp;<\/p>\n","protected":false},"excerpt":{"rendered":"<p>Desde 1960 aricunha@dabr.com.br com Circe Cunha \/\/ circecunha.df@dabr.com.br e MAMFIL &nbsp; &nbsp; &nbsp; Dentro do que o psicanalista Gustav Jung denominou de Inconsciente Coletivo, podem ser encontradas muitas das caracter\u00edsticas psicol\u00f3gicas que moldaram a mente da esp\u00e9cie humana e que, de certa forma, explicam nosso comportamento, mesmo aqueles mais desprez\u00edveis. Por raz\u00f5es que remontam \u00e0 [&hellip;]<\/p>\n","protected":false},"author":34,"featured_media":0,"comment_status":"closed","ping_status":"closed","sticky":false,"template":"","format":"standard","meta":{"wpb_read_more":[],"footnotes":""},"categories":[23],"tags":[],"class_list":["post-8020","post","type-post","status-publish","format-standard","hentry","category-integra"],"_links":{"self":[{"href":"https:\/\/blogs2.correiobraziliense.com.br\/aricunha\/wp-json\/wp\/v2\/posts\/8020","targetHints":{"allow":["GET"]}}],"collection":[{"href":"https:\/\/blogs2.correiobraziliense.com.br\/aricunha\/wp-json\/wp\/v2\/posts"}],"about":[{"href":"https:\/\/blogs2.correiobraziliense.com.br\/aricunha\/wp-json\/wp\/v2\/types\/post"}],"author":[{"embeddable":true,"href":"https:\/\/blogs2.correiobraziliense.com.br\/aricunha\/wp-json\/wp\/v2\/users\/34"}],"replies":[{"embeddable":true,"href":"https:\/\/blogs2.correiobraziliense.com.br\/aricunha\/wp-json\/wp\/v2\/comments?post=8020"}],"version-history":[{"count":1,"href":"https:\/\/blogs2.correiobraziliense.com.br\/aricunha\/wp-json\/wp\/v2\/posts\/8020\/revisions"}],"predecessor-version":[{"id":8021,"href":"https:\/\/blogs2.correiobraziliense.com.br\/aricunha\/wp-json\/wp\/v2\/posts\/8020\/revisions\/8021"}],"wp:attachment":[{"href":"https:\/\/blogs2.correiobraziliense.com.br\/aricunha\/wp-json\/wp\/v2\/media?parent=8020"}],"wp:term":[{"taxonomy":"category","embeddable":true,"href":"https:\/\/blogs2.correiobraziliense.com.br\/aricunha\/wp-json\/wp\/v2\/categories?post=8020"},{"taxonomy":"post_tag","embeddable":true,"href":"https:\/\/blogs2.correiobraziliense.com.br\/aricunha\/wp-json\/wp\/v2\/tags?post=8020"}],"curies":[{"name":"wp","href":"https:\/\/api.w.org\/{rel}","templated":true}]}}