{"id":8022,"date":"2016-07-19T06:58:13","date_gmt":"2016-07-19T09:58:13","guid":{"rendered":"https:\/\/blogs2.correiobraziliense.com.br\/aricunha\/?p=8022"},"modified":"2016-08-01T09:02:23","modified_gmt":"2016-08-01T12:02:23","slug":"catarse-olimpica","status":"publish","type":"post","link":"https:\/\/blogs2.correiobraziliense.com.br\/aricunha\/catarse-olimpica\/","title":{"rendered":"Catarse  ol\u00edmpica"},"content":{"rendered":"<p>Desde 1960 aricunha@dabr.com.br com Circe Cunha \/\/ circecunha.df@dabr.com.br e MAMFIL<\/p>\n<p>&nbsp;<\/p>\n<p>&nbsp;<\/p>\n<p>Fizeram-nos crer no que \u00e9ramos e o no que n\u00e3o \u00e9ramos. Acreditamos na farsa. Revelada a verdade, relutamos ainda em tirar a fantasia e continuar sendo o que sempre fomos: um povo ilhado, \u00f3rf\u00e3o de um Estado e em busca de um governo confi\u00e1vel.<\/p>\n<p>A catarse, ou purga\u00e7\u00e3o, experimentada pelos brasileiros teve seu ponto alto nas ruidosas manifesta\u00e7\u00f5es de rua. Ali, em pra\u00e7a p\u00fablica, foram despidos, pela primeira vez e de forma espont\u00e2nea, na vista de todos, os trapos de nossa indig\u00eancia pol\u00edtica. Nossos representantes n\u00e3o nos representam, diziam os cartazes.<\/p>\n<p>A Copa do Mundo e agora as Olimp\u00edadas foram providencialmente trazidas at\u00e9 n\u00f3s e insufladas na popula\u00e7\u00e3o em meio a um ambiente de ufanismo triunfalista que vigorava no pa\u00eds de ent\u00e3o. Fazia parte da propaganda massiva do governo acender o esp\u00edrito nacionalista. A Copa foi a nossa Ilhas Malvinas, usada como pretexto para esconder os v\u00edcios de um governo que agonizava.<\/p>\n<p>O mesmo foi feito com os Jogos Ol\u00edmpicos no Rio de Janeiro. Foram arquitetados da mesma forma que Hitler fez em 1936 para mostrar ao mundo a superioridade da ra\u00e7a ariana. D\u00e9spotas, desde sempre, t\u00eam se servido dos esportes para iludir a popula\u00e7\u00e3o com vit\u00f3rias ef\u00eameras e sem sentido. De que adianta saltar mais alto, correr, nadar, pular, saltar, dar piruetas se o que importa, de fato, s\u00e3o os rankings de bem-estar social?<\/p>\n<p>Mais proveitoso e duradouro \u00e9 ser campe\u00e3o em cidadania. Melhor para a sociedade ter medalha de ouro em sa\u00fade. Subir ao p\u00f3dio mais alto em educa\u00e7\u00e3o. A foto de um morador de rua dormindo sob a placa dos Jogos Ol\u00edmpicos que anuncia um novo tempo diz tudo.<\/p>\n<p>Com as entranhas do governo populista evisceradas pela Opera\u00e7\u00e3o Lava-Jato, a na\u00e7\u00e3o vai descobrindo aos poucos que o primeiro a ser apanhado nos exames de doping foi justamente o governo, que organizou a festan\u00e7a medi\u00e1tica.<\/p>\n<p>Nas investiga\u00e7\u00f5es que prosseguem h\u00e1 uma certeza: da mesma forma que ocorreu com a Copa em 2014, as Olimp\u00edadas foram organizadas para que as grandes empreiteiras fossem as grandes campe\u00e3s do torneio. Passado para tr\u00e1s nos dois eventos internacionais, cabe ao povo, enlutado com a roubalheira, fazer o papel de bom anfitri\u00e3o e esconder a l\u00e1grima.<\/p>\n<p>A frase que foi pronunciada<br \/>\n\u201cQuem quer que esteja fisicamente bem preparado pode fazer coisas incr\u00edveis com seu corpo. Mas quem junta a um corpo em forma uma cabe\u00e7a bem cuidada \u00e9 capaz de feitos excepcionais.\u201d<\/p>\n<p>Alexandre Popov, melhor nadador da Olimp\u00edada de 1996<\/p>\n<p>Dada a partida<\/p>\n<p>\u00bb Neste exato momento come\u00e7a pelo pa\u00eds o lan\u00e7amento de candidatos interessados em disputar cargo de prefeito, vice-prefeito ou vereador. Entre os dias 20 de julho e 5 de agosto, em alguns estados haver\u00e1 conven\u00e7\u00e3o partid\u00e1ria. \u00c9 nesse fr\u00e1gil espa\u00e7o de tempo que cada candidato deveria<br \/>\npassar por um \u201cesc\u00e2ner<br \/>\nde vida pregressa\u201d.<br \/>\n\u00c9 a hora<\/p>\n<p>\u00bb Todo partido escolher\u00e1 na conven\u00e7\u00e3o, entre os filiados, quais ser\u00e3o os candidatos a prefeito, vice-prefeito ou vereador, al\u00e9m dos n\u00fameros e dos nomes que ser\u00e3o identificados nas urnas eletr\u00f4nicas. Nesse momento tamb\u00e9m ser\u00e1 decidido se haver\u00e1 coliga\u00e7\u00f5es ou n\u00e3o.<br \/>\nLegendas<\/p>\n<p>\u00bb Por falar nisso, no in\u00edcio do ano, amparados pela Constitui\u00e7\u00e3o, a janela para troca partid\u00e1ria em mar\u00e7o deste ano permitiu mais de 90 mudan\u00e7as entre legendas na C\u00e2mara dos Deputados.<br \/>\nJogadas<\/p>\n<p>\u00bb A janela para troca partid\u00e1ria aberta pela promulga\u00e7\u00e3o da Emenda Constitucional 91\/16 j\u00e1 permitiu a mudan\u00e7a de partido de 92 dos 513 deputados federais. A emenda, promulgada em 18 de fevereiro, abriu um prazo de 30 dias para os parlamentares mudarem de legenda sem perder o mandato. PMDB, PT e PSDB perderam deputados, enquanto<br \/>\no PP ganhou.<br \/>\nMais partidos<\/p>\n<p>\u00bb Segundo o Supremo Tribunal Federal, os mandatos n\u00e3o pertencem aos candidatos, e sim aos partidos. Por isso, h\u00e1 a liberdade de trocar de legenda, desde que entregue o mandato. A exce\u00e7\u00e3o se d\u00e1 quando a sa\u00edda \u00e9 para um partido rec\u00e9m-criado. Nesse caso, n\u00e3o h\u00e1 preju\u00edzo do cargo.<\/p>\n<p>Hist\u00f3ria de Bras\u00edlia<br \/>\nDoutor Jo\u00e3o Goulart, Bras\u00edlia \u00e9 uma experi\u00eancia que lan\u00e7ou o Brasil no exterior. Bras\u00edlia deu ao brasileiro a confian\u00e7a em si mesmo que ele havia perdido. Bras\u00edlia substituiu o Jeca Tatu pela personalidade do Candango. Respeite isto, doutor Jango, e todos seremos gratos. (Publicado em 10\/09\/1961)<\/p>\n<p>O perigo do medo da verdade<\/p>\n","protected":false},"excerpt":{"rendered":"<p>Desde 1960 aricunha@dabr.com.br com Circe Cunha \/\/ circecunha.df@dabr.com.br e MAMFIL &nbsp; &nbsp; Fizeram-nos crer no que \u00e9ramos e o no que n\u00e3o \u00e9ramos. Acreditamos na farsa. Revelada a verdade, relutamos ainda em tirar a fantasia e continuar sendo o que sempre fomos: um povo ilhado, \u00f3rf\u00e3o de um Estado e em busca de um governo [&hellip;]<\/p>\n","protected":false},"author":34,"featured_media":0,"comment_status":"closed","ping_status":"closed","sticky":false,"template":"","format":"standard","meta":{"wpb_read_more":[],"footnotes":""},"categories":[23],"tags":[],"class_list":["post-8022","post","type-post","status-publish","format-standard","hentry","category-integra"],"_links":{"self":[{"href":"https:\/\/blogs2.correiobraziliense.com.br\/aricunha\/wp-json\/wp\/v2\/posts\/8022","targetHints":{"allow":["GET"]}}],"collection":[{"href":"https:\/\/blogs2.correiobraziliense.com.br\/aricunha\/wp-json\/wp\/v2\/posts"}],"about":[{"href":"https:\/\/blogs2.correiobraziliense.com.br\/aricunha\/wp-json\/wp\/v2\/types\/post"}],"author":[{"embeddable":true,"href":"https:\/\/blogs2.correiobraziliense.com.br\/aricunha\/wp-json\/wp\/v2\/users\/34"}],"replies":[{"embeddable":true,"href":"https:\/\/blogs2.correiobraziliense.com.br\/aricunha\/wp-json\/wp\/v2\/comments?post=8022"}],"version-history":[{"count":2,"href":"https:\/\/blogs2.correiobraziliense.com.br\/aricunha\/wp-json\/wp\/v2\/posts\/8022\/revisions"}],"predecessor-version":[{"id":8024,"href":"https:\/\/blogs2.correiobraziliense.com.br\/aricunha\/wp-json\/wp\/v2\/posts\/8022\/revisions\/8024"}],"wp:attachment":[{"href":"https:\/\/blogs2.correiobraziliense.com.br\/aricunha\/wp-json\/wp\/v2\/media?parent=8022"}],"wp:term":[{"taxonomy":"category","embeddable":true,"href":"https:\/\/blogs2.correiobraziliense.com.br\/aricunha\/wp-json\/wp\/v2\/categories?post=8022"},{"taxonomy":"post_tag","embeddable":true,"href":"https:\/\/blogs2.correiobraziliense.com.br\/aricunha\/wp-json\/wp\/v2\/tags?post=8022"}],"curies":[{"name":"wp","href":"https:\/\/api.w.org\/{rel}","templated":true}]}}