{"id":8028,"date":"2016-07-21T00:19:21","date_gmt":"2016-07-21T03:19:21","guid":{"rendered":"https:\/\/blogs2.correiobraziliense.com.br\/aricunha\/?p=8028"},"modified":"2016-07-21T04:30:42","modified_gmt":"2016-07-21T07:30:42","slug":"eleicoes-censitarias","status":"publish","type":"post","link":"https:\/\/blogs2.correiobraziliense.com.br\/aricunha\/eleicoes-censitarias\/","title":{"rendered":"Elei\u00e7\u00f5es Censit\u00e1rias"},"content":{"rendered":"<p>Desde 1960 aricunha@dabr.com.br com Circe Cunha \/\/ circecunha.df@dabr.com.br e MAMFIL<\/p>\n<p>Nas \u00faltimas duas d\u00e9cadas, as elei\u00e7\u00f5es no Brasil ganharam uma apar\u00eancia e um significado censit\u00e1rio, ou seja, apenas  os candidatos e os partidos com grandes somas de recursos tinham alguma chance de vit\u00f3ria   nas urnas. No passado, principalmente a partir da Constitui\u00e7\u00e3o de 1824 e durante todo o per\u00edodo mon\u00e1rquico,   o voto era um direito concedido apenas para aqueles indiv\u00edduos   com certo n\u00edvel de renda . O sistema daquela ocasi\u00e3o deixava de fora os brasileiros com renda inferior a 100 mil r\u00e9is.  Era o chamado voto censit\u00e1rio, baseado na renda.<br \/>\nDo retorno a normalidade democr\u00e1tica de 1985, para c\u00e1, o que os eleitores passaram a observar, com certa desconfian\u00e7a,   a escalada acentuada nos valores  gastos  pelos candidatos a cada elei\u00e7\u00e3o. Para se ter uma ideia, nas elei\u00e7\u00f5es de 2014 para presidente, o custo total da campanha  de Dilma Rousseff  foi R$ 350 milh\u00f5es. Uma verdadeira  f\u00e1bula, acess\u00edvel  a poucos.  Naquela ocasi\u00e3o, para atrair a simpatia e o voto de cada um dos 54 milh\u00f5es de eleitores obtidos, foram gastos mais de R$ 5,00 per capta. \u00c9 Justamente nestes valores astron\u00f4micos, num pa\u00eds pobre, que residem os maiores perigos para nossa jovem democracia. O poder do dinheiro tomou o lugar da  singularidade e da import\u00e2ncia do voto.<br \/>\nNo rastro das campanhas milion\u00e1rias, vieram os maiores benefici\u00e1rios diretos dessa dinheirama que foram os empres\u00e1rios do setor de propaganda e os grandes empreiteiros, de olho nas possibilidade de neg\u00f3cios f\u00e1ceis que teriam atrav\u00e9s dos candidatos que financiaram. Obviamente, do outro lado do balc\u00e3o, financiando direta e indireta mente essa gastan\u00e7a eleitoreira estavam os recursos p\u00fablicos, principalmente aqueles desviados das estatais por meio de contratos superfaturados.<br \/>\nPara este dinheiro farto transitar livremente dos cofres p\u00fablicos para os partidos, foi \u201coficializado\u201d um rudimentar esquema de caixa dois, eufemisticamente denominado recursos n\u00e3o contabilizados e que foi elevado as alturas pelo Partido dos Trabalhadores, sendo inclusive reconhecido pelo seu principal personagem  e maior benefici\u00e1rio final do esquema.<br \/>\nA Opera\u00e7\u00e3o Lava Jato, desnudou este esquema c\triminoso, processando e prendendo parte de seus principais personagens . Na esteira dessa trama policial, os \u00f3rg\u00e3os de fiscaliza\u00e7\u00e3o e controle de movimenta\u00e7\u00f5es financeiras  acordou  de seu longo e providencial sono. Fez despertar da letargia marota, os Tribunais de Contas e com eles a inoperosa e descart\u00e1vel Justi\u00e7a  Eleitoral .<br \/>\nA movimenta\u00e7\u00e3o do Minist\u00e9rio P\u00fablico em conjunto com a Pol\u00edcia Federal, somada as pris\u00f5es de alguns figur\u00f5es da pol\u00edtica, fizeram acordar tamb\u00e9m o Congresso    que correu para aprovar a nova legisla\u00e7\u00e3o eleitoral (Lei n\u00ba13.165\/2015). Claro que toda essa movimenta\u00e7\u00e3o s\u00f3 foi poss\u00edvel gra\u00e7as as press\u00f5es das gigantescas   manifesta\u00e7\u00f5es de rua por todo o pa\u00eds.  A s elei\u00e7\u00f5es vindouras dir\u00e3o se j\u00e1 estamos definitivamente no caminho certo.<br \/>\nA frase que foi pronunciada<br \/>\n\t\u201cN\u00e3o h\u00e1 nada de errado com aqueles que n\u00e3o gostam de pol\u00edtica, simplesmente ser\u00e3o governados por aqueles que gostam.\u201d<br \/>\nPlat\u00e3o, fil\u00f3sofo grego\t<\/p>\n<p>Lixo \u00e9 luxo<br \/>\nBras\u00edlia ainda n\u00e3o teve a sorte de ter um empres\u00e1rio sens\u00edvel que perceba o lucro poss\u00edvel no gerenciamento de materiais recicl\u00e1veis.  Uma pena, porque os lix\u00f5es irregulares no Distrito Federal, h\u00e1 880 lix\u00f5es que custam muito e rendem pouco.<br \/>\nDormilantes<br \/>\nVolta \u00e0 discuss\u00e3o sobre vigilantes e a obriga\u00e7\u00e3o de marcar a presen\u00e7a em um ponto de hora em hora. Se est\u00e1 trabalhando, \u00e9 esse seu servi\u00e7o. Casos de vigilantes dormindo no trabalho, s\u00e3o t\u00e3o comuns que eles s\u00e3o chamados de dormilantes. Uma vergonha para a classe. O Sindicato pensa que protege, mas ridiculariza os profissionais.<br \/>\n\t\tHIST\u00d3RIA DE BRAS\u00cdLIA<br \/>\nVenceu, ontem, a terceira presta\u00e7\u00e3o do\tregime Parlamentarista para a posse do Presidente da Rep\u00fablica. Primeiro, o compromisso constitucional. Depois, a apresenta\u00e7\u00e3o do gabinete, e ontem,\tfinalmente, a entrega da faixa presidencial.(Publicado em 10\/09\/1961)<\/p>\n","protected":false},"excerpt":{"rendered":"<p>Desde 1960 aricunha@dabr.com.br com Circe Cunha \/\/ circecunha.df@dabr.com.br e MAMFIL Nas \u00faltimas duas d\u00e9cadas, as elei\u00e7\u00f5es no Brasil ganharam uma apar\u00eancia e um significado censit\u00e1rio, ou seja, apenas os candidatos e os partidos com grandes somas de recursos tinham alguma chance de vit\u00f3ria nas urnas. No passado, principalmente a partir da Constitui\u00e7\u00e3o de 1824 e [&hellip;]<\/p>\n","protected":false},"author":34,"featured_media":0,"comment_status":"closed","ping_status":"closed","sticky":false,"template":"","format":"standard","meta":{"wpb_read_more":[],"footnotes":""},"categories":[23],"tags":[],"class_list":["post-8028","post","type-post","status-publish","format-standard","hentry","category-integra"],"_links":{"self":[{"href":"https:\/\/blogs2.correiobraziliense.com.br\/aricunha\/wp-json\/wp\/v2\/posts\/8028","targetHints":{"allow":["GET"]}}],"collection":[{"href":"https:\/\/blogs2.correiobraziliense.com.br\/aricunha\/wp-json\/wp\/v2\/posts"}],"about":[{"href":"https:\/\/blogs2.correiobraziliense.com.br\/aricunha\/wp-json\/wp\/v2\/types\/post"}],"author":[{"embeddable":true,"href":"https:\/\/blogs2.correiobraziliense.com.br\/aricunha\/wp-json\/wp\/v2\/users\/34"}],"replies":[{"embeddable":true,"href":"https:\/\/blogs2.correiobraziliense.com.br\/aricunha\/wp-json\/wp\/v2\/comments?post=8028"}],"version-history":[{"count":1,"href":"https:\/\/blogs2.correiobraziliense.com.br\/aricunha\/wp-json\/wp\/v2\/posts\/8028\/revisions"}],"predecessor-version":[{"id":8029,"href":"https:\/\/blogs2.correiobraziliense.com.br\/aricunha\/wp-json\/wp\/v2\/posts\/8028\/revisions\/8029"}],"wp:attachment":[{"href":"https:\/\/blogs2.correiobraziliense.com.br\/aricunha\/wp-json\/wp\/v2\/media?parent=8028"}],"wp:term":[{"taxonomy":"category","embeddable":true,"href":"https:\/\/blogs2.correiobraziliense.com.br\/aricunha\/wp-json\/wp\/v2\/categories?post=8028"},{"taxonomy":"post_tag","embeddable":true,"href":"https:\/\/blogs2.correiobraziliense.com.br\/aricunha\/wp-json\/wp\/v2\/tags?post=8028"}],"curies":[{"name":"wp","href":"https:\/\/api.w.org\/{rel}","templated":true}]}}