{"id":8031,"date":"2016-07-22T00:44:20","date_gmt":"2016-07-22T03:44:20","guid":{"rendered":"https:\/\/blogs2.correiobraziliense.com.br\/aricunha\/?p=8031"},"modified":"2016-07-21T12:50:35","modified_gmt":"2016-07-21T15:50:35","slug":"8031-2","status":"publish","type":"post","link":"https:\/\/blogs2.correiobraziliense.com.br\/aricunha\/8031-2\/","title":{"rendered":"O ovo de Trump"},"content":{"rendered":"<p>Desde 1960 aricunha@dabr.com.br com Circe Cunha \/\/ circecunha.df@dabr.com.br e MAMFIL<\/p>\n<p>Em o Ovo da Serpente de 1977, o cineasta Ingmar Bergman , mostra, por meio de uma Berlim nebulosa e fria os anos imediatamente anteriores a ascens\u00e3o do nazismo. Os apelos ao patriotismo e o sentimento de \u00f3dio aos estrangeiros e a todas as minorias estavam presentes em toda a parte. Culpar os diferentes pela mis\u00e9ria imposta aos alem\u00e3es pelas repara\u00e7\u00f5es de guerra \u00e9 visto em toda a parte da cidade e tratado com indiferen\u00e7a pela pol\u00edcia, que assiste aos maus tratos aos judeus com a frieza desumana.<br \/>\n O filme retrata o ambiente pesado e sombrio de uma Alemanha que caminha silente rumo a pr\u00f3pria destrui\u00e7\u00e3o.  Haveria um paralelo ao destino tr\u00e1gico experimentado por povo culto nos anos vinte e o que acontece hoje com a, cada vez mais poss\u00edvel, vit\u00f3ria de Donald Trump a presid\u00eancia dos Estados Unidos?<br \/>\nPara alguns analistas a compara\u00e7\u00e3o entre as duas situa\u00e7\u00f5es parece incab\u00edvel e despropositada. Tamb\u00e9m os alem\u00e3es que vivenciaram aquele per\u00edodo, anterior a 1933 e que culminou com a elei\u00e7\u00e3o de Hitler como chanceler, acreditavam que o pior j\u00e1 havia passado com a primeira grande guerra e tudo era uma quest\u00e3o de tempo para voltar a normalidade. Da mesma forma, quando se deu a candidatura de Trump, todos os mais prestigiosos analistas apostavam que sua trajet\u00f3ria pol\u00edtica iria definhar conforme avan\u00e7ava o processo eleitoral.<br \/>\nDiziam na ocasi\u00e3o que ele iria desaparecer afogado na pr\u00f3pria ret\u00f3rica xen\u00f3foba e preconceituosa. A realidade dos fatos mostrou que estas previs\u00f5es estavam totalmente equivocadas. Escolhido agora como candidato oficial do Partido Conservador, mesmo contra a vontade de muitos de seus correligion\u00e1rios, Trump caminha pesado, como um elefante numa loja de cristais rumo \u00e0 presid\u00eancia da maior pot\u00eancia do planeta.<br \/>\n A afirma\u00e7\u00e3o de que n\u00e3o devemos nos preocupar com aquilo que n\u00e3o podemos mudar, n\u00e3o parece muito sensata, justamente quando se percebe que o para\u00edso parece ter se exilado para bem distante de nossa nossas cidades e civiliza\u00e7\u00e3o. Uma poss\u00edvel vit\u00f3ria desse fascista declarado, num planeta cada vez mais inst\u00e1vel e violento, assolado por atentados terroristas e ondas massivas de refugiados fugindo da fome e de conflitos armados, \u00e9 tudo o que o mundo n\u00e3o precisa.<br \/>\nPara o renomado professor e pensador norte americano, Noam Chomsky, o sentimento de desesperan\u00e7a, oriunda das camadas de americanos brancos, de meia-idade e de baixo n\u00edvel de instru\u00e7\u00e3o e que representam a parcela que mais comparece \u00e0s urnas, est\u00e1 impulsionando a popularidade desse candidato. \u201cTrump est\u00e1 evidentemente encontrando eco em sentimentos profundos de ira, medo, frustra\u00e7\u00e3o e desesperan\u00e7a, provavelmente entre setores como os que est\u00e3o assistindo a uma eleva\u00e7\u00e3o da mortalidade, algo inusitado exceto em \u00e9pocas de guerra e cat\u00e1strofes\u201d, afirma Chomsky. Como afirma um personagem no filme de Bergman [\u2026] qualquer um que fizer o m\u00ednimo esfor\u00e7o poder\u00e1 ver o que nos espera no futuro. \u00c9 como um ovo de serpente. Atrav\u00e9s das membranas finas pode-se distinguir o r\u00e9ptil j\u00e1 perfeitamente formado.<\/p>\n<p>A frase que foi pronunciada<br \/>\n\u201c Think big and kick ass \u201d. Jerome Valcke pensava parecido e foi banido da Fifa. Essa \u00e9 nossa esperan\u00e7a em rela\u00e7\u00e3o ao Trump.<br \/>\nJohn Smith, na feira da Torre<\/p>\n<p>Est\u00edmulo<br \/>\nMicro empreendedorismo individual pode registrar como endere\u00e7o a resid\u00eancia de quem trabalha por conta pr\u00f3pria. \u00c9 uma facilidade que pode estimular novos microempres\u00e1rios. O senador C\u00e1ssio Cunha Lima  elogiou a iniciativa e declarou que um dos maiores desafios \u00e9 que o Brasil seja mais produtivo e competitivo e essa \u00e9 uma possibilidade de est\u00edmulo.<\/p>\n<p>Viciados em corrup\u00e7\u00e3o<br \/>\nSem se incomodar com as consequ\u00eancias da Opera\u00e7\u00e3o Lava Jato, ainda h\u00e1 pol\u00edticos por todo o pa\u00eds  cometendo as mesmas fraudes. Dessa vez a Opera\u00e7\u00e3o Adsumus, do MPBA no interior da Bahia teve como consequ\u00eancia o afastamento do  vice-prefeito da cidade de Caetano Veloso. Santo Amaro.  Leonardo Pereira, e o secret\u00e1rio municipal de Administra\u00e7\u00e3o, Desenvolvimento, Obras e Servi\u00e7os da mesma cidade, Lu\u00eds Eduardo Alves, foram afastados dos cargos.<\/p>\n<p> HIST\u00d3RIA DE BRAS\u00cdLIA Uma balb\u00fardia, a posse do sr. Jo\u00e3o Goulart. O cerimonial fracassou completamente, desde a primeira solenidade ap\u00f3s a crise.(Publicado em 10\/09\/1961)<\/p>\n","protected":false},"excerpt":{"rendered":"<p>Desde 1960 aricunha@dabr.com.br com Circe Cunha \/\/ circecunha.df@dabr.com.br e MAMFIL Em o Ovo da Serpente de 1977, o cineasta Ingmar Bergman , mostra, por meio de uma Berlim nebulosa e fria os anos imediatamente anteriores a ascens\u00e3o do nazismo. Os apelos ao patriotismo e o sentimento de \u00f3dio aos estrangeiros e a todas as minorias [&hellip;]<\/p>\n","protected":false},"author":34,"featured_media":0,"comment_status":"closed","ping_status":"closed","sticky":false,"template":"","format":"standard","meta":{"wpb_read_more":[],"footnotes":""},"categories":[23],"tags":[],"class_list":["post-8031","post","type-post","status-publish","format-standard","hentry","category-integra"],"_links":{"self":[{"href":"https:\/\/blogs2.correiobraziliense.com.br\/aricunha\/wp-json\/wp\/v2\/posts\/8031","targetHints":{"allow":["GET"]}}],"collection":[{"href":"https:\/\/blogs2.correiobraziliense.com.br\/aricunha\/wp-json\/wp\/v2\/posts"}],"about":[{"href":"https:\/\/blogs2.correiobraziliense.com.br\/aricunha\/wp-json\/wp\/v2\/types\/post"}],"author":[{"embeddable":true,"href":"https:\/\/blogs2.correiobraziliense.com.br\/aricunha\/wp-json\/wp\/v2\/users\/34"}],"replies":[{"embeddable":true,"href":"https:\/\/blogs2.correiobraziliense.com.br\/aricunha\/wp-json\/wp\/v2\/comments?post=8031"}],"version-history":[{"count":3,"href":"https:\/\/blogs2.correiobraziliense.com.br\/aricunha\/wp-json\/wp\/v2\/posts\/8031\/revisions"}],"predecessor-version":[{"id":8034,"href":"https:\/\/blogs2.correiobraziliense.com.br\/aricunha\/wp-json\/wp\/v2\/posts\/8031\/revisions\/8034"}],"wp:attachment":[{"href":"https:\/\/blogs2.correiobraziliense.com.br\/aricunha\/wp-json\/wp\/v2\/media?parent=8031"}],"wp:term":[{"taxonomy":"category","embeddable":true,"href":"https:\/\/blogs2.correiobraziliense.com.br\/aricunha\/wp-json\/wp\/v2\/categories?post=8031"},{"taxonomy":"post_tag","embeddable":true,"href":"https:\/\/blogs2.correiobraziliense.com.br\/aricunha\/wp-json\/wp\/v2\/tags?post=8031"}],"curies":[{"name":"wp","href":"https:\/\/api.w.org\/{rel}","templated":true}]}}