{"id":8040,"date":"2016-07-23T08:44:45","date_gmt":"2016-07-23T11:44:45","guid":{"rendered":"https:\/\/blogs2.correiobraziliense.com.br\/aricunha\/?p=8040"},"modified":"2016-08-01T08:45:39","modified_gmt":"2016-08-01T11:45:39","slug":"dignidade-2","status":"publish","type":"post","link":"https:\/\/blogs2.correiobraziliense.com.br\/aricunha\/dignidade-2\/","title":{"rendered":"Dignidade"},"content":{"rendered":"<p>Desde 1960<\/p>\n<p>aricunha@dabr.com.br<\/p>\n<p>Com Circe Cunha e MAMFIL<\/p>\n<p>Dignidade, que o dicion\u00e1rio define como sendo um atributo pessoal de quem procede com dec\u00eancia e com elevado senso de nobreza e honestidade, talvez seja uma das caracter\u00edsticas fundamentais que distinga o ser humano do animal irracional.<\/p>\n<p>Trata-se de um conceito cuja import\u00e2ncia est\u00e1 ligada diretamente ao princ\u00edpio da dignidade da pessoa humana que, por sua vez, se liga ao estado democr\u00e1tico de direito e, portanto, est\u00e1 inscrito no conjunto de direitos fundamentais da Constitui\u00e7\u00e3o.<\/p>\n<p>A relev\u00e2ncia e o significado do termo levaram o fil\u00f3sofo alem\u00e3o Immanuel Kant, na obra Fundamenta\u00e7\u00e3o da Metaf\u00edsica dos Costumes, a declarar que \u201cNo reino dos fins, tudo tem ou um pre\u00e7o, ou uma dignidade. Quando uma coisa tem pre\u00e7o, pode ser substitu\u00edda por algo equivalente; por outro lado, a coisa que se acha acima de todo pre\u00e7o, e por isso n\u00e3o admite qualquer equival\u00eancia, compreende uma dignidade.\u201d<\/p>\n<p>Revestida de dignidade, a pessoa se torna merecedora do respeito n\u00e3o s\u00f3 de seus pares, mas do pr\u00f3prio Estado. \u00c9 com base neste conceito que o Estado se organiza para prover e garantir-lhe as condi\u00e7\u00f5es m\u00ednimas a sa\u00fade, a educa\u00e7\u00e3o e a seguran\u00e7a. O desenvolvimento social, a justi\u00e7a, a paz e a pr\u00f3pria liberdade s\u00e3o constru\u00eddas com base no conceito de dignidade. Mesmo nas guerras, as conven\u00e7\u00f5es internacionais obrigavam os lados em conflitos a procedimentos com rela\u00e7\u00e3o ao tratamento humanit\u00e1rio dado aos prisioneiros capturados.<\/p>\n<p>A pr\u00f3pria ordem jur\u00eddica \u00e9 calcada no conceito de dignidade da pessoa humana, sendo, por excel\u00eancia, um dos principais pilares da democracia e, por conseguinte, do contrato social.<\/p>\n<p>O processo civilizat\u00f3rio \u00e9 decorr\u00eancia direta do conceito de dignidade humana. Colocado dessa maneira sum\u00e1ria \u00e0 guisa de elucida\u00e7\u00e3o sobre o tema, ficam as perguntas: como fica a quest\u00e3o da dignidade da pessoa humana em rela\u00e7\u00e3o \u00e0queles brasileiros que morrem nas portas dos hospitais? Dos que dormem nas ruas, que s\u00e3o mortos diariamente v\u00edtimas de atos de viol\u00eancia nas principais cidades do pa\u00eds? Como fica a quest\u00e3o dos brasileiros assaltados at\u00e9 por seus representantes eleitos? Em que est\u00e1gio civilizat\u00f3rio nos encontramos na atualidade?<\/p>\n<p>As imagens di\u00e1rias mostrando fam\u00edlias inteiras remexendo os lix\u00f5es a c\u00e9u aberto ao lado dos urubus, em busca do sustento di\u00e1rio, diz muito sobre a nossa concep\u00e7\u00e3o particular de dignidade.<\/p>\n<p>A frase que foi pronunciada<\/p>\n<p>\u201cQuando algu\u00e9m compreende que \u00e9 contr\u00e1rio \u00e0 sua dignidade de homem obedecer a leis injustas, nenhuma tirania pode escraviz\u00e1-lo.\u201d<\/p>\n<p>Mahatma Gandhi<\/p>\n<p>MPs<\/p>\n<p>Outros quatro munic\u00edpios est\u00e3o sendo investigados tamb\u00e9m por contrata\u00e7\u00e3o irregular de obras e loca\u00e7\u00e3o de m\u00e1quinas, al\u00e9m de servi\u00e7os fraudulentos. A receita do crime \u00e9 fraude em licita\u00e7\u00e3o, peculato, lavagem de dinheiro e associa\u00e7\u00e3o criminosa. Em Santo Amaro (BA), os cofres p\u00fablicos foram lesados em R$ 24 milh\u00f5es. Os minist\u00e9rios p\u00fablicos do pa\u00eds est\u00e3o fechando o cerco contra a corrup\u00e7\u00e3o.<\/p>\n<p>Treinamento<\/p>\n<p>Opera\u00e7\u00f5es simult\u00e2neas no Aeroporto de Bras\u00edlia. Capacidade para at\u00e9 60 pousos e decolagens simult\u00e2neos. \u00c9 o \u00fanico aeroporto do Brasil com essa capacidade. As atividades voltam em agosto, depois de treinamento dos operadores de voo e do pessoal do Cindacta.<\/p>\n<p>Hist\u00f3ria de Bras\u00edlia<\/p>\n<p>Ontem, culminou com a invas\u00e3o do Sal\u00e3o Nobre do Planalto, onde guardas empurravam fot\u00f3grafos, e o presidente quase n\u00e3o pode falar. (Publicado em 10\/09\/1961)<\/p>\n","protected":false},"excerpt":{"rendered":"<p>Desde 1960 aricunha@dabr.com.br Com Circe Cunha e MAMFIL Dignidade, que o dicion\u00e1rio define como sendo um atributo pessoal de quem procede com dec\u00eancia e com elevado senso de nobreza e honestidade, talvez seja uma das caracter\u00edsticas fundamentais que distinga o ser humano do animal irracional. Trata-se de um conceito cuja import\u00e2ncia est\u00e1 ligada diretamente ao [&hellip;]<\/p>\n","protected":false},"author":34,"featured_media":0,"comment_status":"closed","ping_status":"closed","sticky":false,"template":"","format":"standard","meta":{"wpb_read_more":[],"footnotes":""},"categories":[23],"tags":[],"class_list":["post-8040","post","type-post","status-publish","format-standard","hentry","category-integra"],"_links":{"self":[{"href":"https:\/\/blogs2.correiobraziliense.com.br\/aricunha\/wp-json\/wp\/v2\/posts\/8040","targetHints":{"allow":["GET"]}}],"collection":[{"href":"https:\/\/blogs2.correiobraziliense.com.br\/aricunha\/wp-json\/wp\/v2\/posts"}],"about":[{"href":"https:\/\/blogs2.correiobraziliense.com.br\/aricunha\/wp-json\/wp\/v2\/types\/post"}],"author":[{"embeddable":true,"href":"https:\/\/blogs2.correiobraziliense.com.br\/aricunha\/wp-json\/wp\/v2\/users\/34"}],"replies":[{"embeddable":true,"href":"https:\/\/blogs2.correiobraziliense.com.br\/aricunha\/wp-json\/wp\/v2\/comments?post=8040"}],"version-history":[{"count":1,"href":"https:\/\/blogs2.correiobraziliense.com.br\/aricunha\/wp-json\/wp\/v2\/posts\/8040\/revisions"}],"predecessor-version":[{"id":8041,"href":"https:\/\/blogs2.correiobraziliense.com.br\/aricunha\/wp-json\/wp\/v2\/posts\/8040\/revisions\/8041"}],"wp:attachment":[{"href":"https:\/\/blogs2.correiobraziliense.com.br\/aricunha\/wp-json\/wp\/v2\/media?parent=8040"}],"wp:term":[{"taxonomy":"category","embeddable":true,"href":"https:\/\/blogs2.correiobraziliense.com.br\/aricunha\/wp-json\/wp\/v2\/categories?post=8040"},{"taxonomy":"post_tag","embeddable":true,"href":"https:\/\/blogs2.correiobraziliense.com.br\/aricunha\/wp-json\/wp\/v2\/tags?post=8040"}],"curies":[{"name":"wp","href":"https:\/\/api.w.org\/{rel}","templated":true}]}}