{"id":8042,"date":"2016-07-24T08:45:49","date_gmt":"2016-07-24T11:45:49","guid":{"rendered":"https:\/\/blogs2.correiobraziliense.com.br\/aricunha\/?p=8042"},"modified":"2016-08-01T08:46:47","modified_gmt":"2016-08-01T11:46:47","slug":"janelas-para-o-crime","status":"publish","type":"post","link":"https:\/\/blogs2.correiobraziliense.com.br\/aricunha\/janelas-para-o-crime\/","title":{"rendered":"Janelas para o crime"},"content":{"rendered":"<p>Desde 1960<\/p>\n<p>aricunha@dabr.com.br<\/p>\n<p>com Circe Cunha e MAMFIL<\/p>\n<p>Fatos aparentemente distintos, quando por algum motivo desencadeados, revelam possuir conex\u00f5es t\u00e3o \u00edntimas que apontam para uma origem comum. Neste sentido, o que teria em comum a opera\u00e7\u00e3o desencadeada pela pol\u00edcia civil, que prendeu gangues rivais em S\u00e3o Sebasti\u00e3o, com o 29\u00ba posto comunit\u00e1rio de seguran\u00e7a incendiado pelos v\u00e2ndalos na Estrutural?<\/p>\n<p>Numa primeira an\u00e1lise, s\u00e3o fatos distintos. Mas, de acordo com a Teoria das Janelas Quebradas, muito aceita em grandes metr\u00f3poles do mundo desenvolvido, esses fatos possuem correla\u00e7\u00e3o, influenciando acontecimentos, \u00e0 primeira vista d\u00edspares. Um exemplo t\u00edpico foi evidenciado recentemente com o antigo hotel Palace Torre, no Setor Hoteleiro Norte. Depois de falida a empresa, o edif\u00edcio ficou abandonado por um longo per\u00edodo. Aos poucos, o hotel foi depredado por passantes.<\/p>\n<p>Primeiro, foram quebradas algumas vidra\u00e7as da portaria. Em pouco tempo foi se transformando em moradia para desocupados e viciados em crack. Em menos de um ano, se transformou em um enorme problema para toda a regi\u00e3o, afetando os neg\u00f3cios de outros hot\u00e9is, afastando clientes, assustados com o aumento da criminalidade. De abandonado, passou a depredado e virou centro de problemas de toda ordem, sendo preciso a interven\u00e7\u00e3o de uma for\u00e7a policial de desocupa\u00e7\u00e3o a um alto custo para os cofres p\u00fablicos.<\/p>\n<p>Curioso observar que \u00e9 justamente naquelas localidades onde os postos comunit\u00e1rios foram depredados e incendiados que ocorre o maior n\u00famero de casos de viol\u00eancia e crimes de toda a ordem. Simbolicamente, a destrui\u00e7\u00e3o dos postos representa uma tomada do territ\u00f3rio pelo crime.<\/p>\n<p>A decad\u00eancia da avenida W3 e do Setor Comercial Sul \u00e9 exemplo claro de como a deteriora\u00e7\u00e3o de certas localidades favorece a ocorr\u00eancia de crimes e serve como chamariz para desordeiros, prejudicando empres\u00e1rios e colocando em risco moradores das proximidades e transeuntes.<\/p>\n<p>Nova York \u00e9 outro exemplo dessa teoria, quando adotou \u201ca toler\u00e2ncia zero\u201d, reprimindo toda esp\u00e9cie de crime, dos mais insignificantes aos de maior nocividade.<\/p>\n<p>Hoje, \u00e9 fato, essa metr\u00f3pole mundial \u00e9 um o\u00e1sis de tranquilidade reconhecida por todos. O inc\u00eandio criminoso desses postos deve ser investigado a fundo e seus autores exemplarmente punidos, para o bem da comunidade e o futuro da cidade.<\/p>\n<p>A frase que foi pronunciada<\/p>\n<p>&#8220;O poder \u00e9 a escola do crime.&#8221;<\/p>\n<p>William Shakespeare &#8211; Macbeth<\/p>\n<p>Promessas<\/p>\n<p>Lendo not\u00edcias da Samarco \u00e0 \u00e9poca do acidente com o Rio Doce, Andrew Mackenzie, chefe executivo da BHP Billiton, dona da Samarco, havia prometido criar um fundo de assist\u00eancia para reconstruir a \u00e1rea afetada e rapidamente assistir as comunidades atingidas. \u201cAs pessoas do Brasil e em particular de Mariana, t\u00eam a minha determina\u00e7\u00e3o absoluta de que faremos a nossa parte ajudando na reconstru\u00e7\u00e3o das casas, da comunidade e do seu esp\u00edrito. Faremos isso trabalhando lado a lado com Murilo Ferreira, diretor-presidente da Vale, e Ricardo Vescovi, diretor-presidente da Samarco.<\/p>\n<p>D\u00edvidas<\/p>\n<p>Sem espa\u00e7o na m\u00eddia, o acidente em Mariana continua com o mesmo rastro de destrui\u00e7\u00e3o. Prefeitura e governo estadual  precisam informar \u00e0 popula\u00e7\u00e3o brasileira sobre todas as medidas efetivamente tomadas. Mais que isso, \u00e9 fundamental a transpar\u00eancia nas verbas em tr\u00e2nsito para que se acompanhe onde v\u00e3o parar. Outras trag\u00e9dias no pa\u00eds j\u00e1 mostraram que a verba destinada nem sempre chega para beneficiar a popula\u00e7\u00e3o.<\/p>\n<p>Lembran\u00e7a<\/p>\n<p>Em uma palestra para l\u00edderes da constru\u00e7\u00e3o civil no DF, o brilhante Ayres Britto finalizou o discurso com a seguinte frase: \u201cEstamos vivenciando, no Brasil, uma mudan\u00e7a de atitude. A desonestidade, como estilo de governo, est\u00e1 com seus dias contados\u201d, frisou o ministro. Brindemos, ent\u00e3o, \u00e0 honestidade!<\/p>\n<p>Hist\u00f3ria de Bras\u00edlia<\/p>\n<p>O discurso do sr. Jo\u00e3o Goulart n\u00e3o pode ser transmitido pela esta\u00e7\u00e3o oficial. Ou melhor, foi transmitido, mas ningu\u00e9m entendia nada, porque todo o mundo falava durante a ora\u00e7\u00e3o. Foi um pecado mortal dos funcion\u00e1rios do Itamarati. (Publicado em 10\/9\/1961)<\/p>\n","protected":false},"excerpt":{"rendered":"<p>Desde 1960 aricunha@dabr.com.br com Circe Cunha e MAMFIL Fatos aparentemente distintos, quando por algum motivo desencadeados, revelam possuir conex\u00f5es t\u00e3o \u00edntimas que apontam para uma origem comum. Neste sentido, o que teria em comum a opera\u00e7\u00e3o desencadeada pela pol\u00edcia civil, que prendeu gangues rivais em S\u00e3o Sebasti\u00e3o, com o 29\u00ba posto comunit\u00e1rio de seguran\u00e7a incendiado [&hellip;]<\/p>\n","protected":false},"author":34,"featured_media":0,"comment_status":"closed","ping_status":"closed","sticky":false,"template":"","format":"standard","meta":{"wpb_read_more":[],"footnotes":""},"categories":[23],"tags":[],"class_list":["post-8042","post","type-post","status-publish","format-standard","hentry","category-integra"],"_links":{"self":[{"href":"https:\/\/blogs2.correiobraziliense.com.br\/aricunha\/wp-json\/wp\/v2\/posts\/8042","targetHints":{"allow":["GET"]}}],"collection":[{"href":"https:\/\/blogs2.correiobraziliense.com.br\/aricunha\/wp-json\/wp\/v2\/posts"}],"about":[{"href":"https:\/\/blogs2.correiobraziliense.com.br\/aricunha\/wp-json\/wp\/v2\/types\/post"}],"author":[{"embeddable":true,"href":"https:\/\/blogs2.correiobraziliense.com.br\/aricunha\/wp-json\/wp\/v2\/users\/34"}],"replies":[{"embeddable":true,"href":"https:\/\/blogs2.correiobraziliense.com.br\/aricunha\/wp-json\/wp\/v2\/comments?post=8042"}],"version-history":[{"count":1,"href":"https:\/\/blogs2.correiobraziliense.com.br\/aricunha\/wp-json\/wp\/v2\/posts\/8042\/revisions"}],"predecessor-version":[{"id":8043,"href":"https:\/\/blogs2.correiobraziliense.com.br\/aricunha\/wp-json\/wp\/v2\/posts\/8042\/revisions\/8043"}],"wp:attachment":[{"href":"https:\/\/blogs2.correiobraziliense.com.br\/aricunha\/wp-json\/wp\/v2\/media?parent=8042"}],"wp:term":[{"taxonomy":"category","embeddable":true,"href":"https:\/\/blogs2.correiobraziliense.com.br\/aricunha\/wp-json\/wp\/v2\/categories?post=8042"},{"taxonomy":"post_tag","embeddable":true,"href":"https:\/\/blogs2.correiobraziliense.com.br\/aricunha\/wp-json\/wp\/v2\/tags?post=8042"}],"curies":[{"name":"wp","href":"https:\/\/api.w.org\/{rel}","templated":true}]}}