{"id":8046,"date":"2016-07-27T08:48:16","date_gmt":"2016-07-27T11:48:16","guid":{"rendered":"https:\/\/blogs2.correiobraziliense.com.br\/aricunha\/?p=8046"},"modified":"2016-08-01T08:49:44","modified_gmt":"2016-08-01T11:49:44","slug":"inoperancia-contra-os-carteis","status":"publish","type":"post","link":"https:\/\/blogs2.correiobraziliense.com.br\/aricunha\/inoperancia-contra-os-carteis\/","title":{"rendered":"Inoper\u00e2ncia contra os cart\u00e9is"},"content":{"rendered":"<p>DESDE 1960<\/p>\n<p>aricunha@dabr.com.br<\/p>\n<p>com Circe Cunha e MAMFIL<\/p>\n<p>Durante mais de duas d\u00e9cadas, o cartel dos combust\u00edveis lesou os brasilienses. Estimativas subestimadas falam em preju\u00edzos ao consumidor da ordem de R$ 1 bilh\u00e3o ao ano. Ao longo de todo esste per\u00edodo, a combina\u00e7\u00e3o criminosa de pre\u00e7os foi facilitada por um misto de inoper\u00e2ncia dos \u00f3rg\u00e3os de fiscaliza\u00e7\u00e3o, do Conselho Administrativo de Defesa da Concorr\u00eancia (CADE) e do pr\u00f3prio Governo do Distrito Federal, auxiliados por uma turma de deputados distritais cujas campanhas eleitorais eram irrigadas com fartas doa\u00e7\u00f5es de maus empres\u00e1rios.<\/p>\n<p>A pr\u00f3pria Petrobras, principal fornecedora dos produtos, se encontrava nesse mesmo per\u00edodo mergulhada no maior caso de corrup\u00e7\u00e3o de sua hist\u00f3ria. Dessa forma, os consumidores eram lesados em v\u00e1rias frentes simultaneamente. Tamb\u00e9m os combust\u00edveis encontrados nas bombas era de qualidade duvidosa. N\u00e3o foram poucos os casos de autom\u00f3veis que tiveram seus motores danificados em raz\u00e3o de combust\u00edveis \u201cbatizados\u201d.<\/p>\n<p>Nesses 20 anos, foram identificados e revelados pela imprensa v\u00e1rios casos de bombas de combust\u00edveis com contadores adulterados. Parte volumosa dos lucros ilegais, tanto do fornecedor nacional como dos distribuidores locais, servia, obviamente, para garantir a continuidade dos neg\u00f3cios escusos.<\/p>\n<p>Diante de um esquema t\u00e3o poderoso e gigantesco que englobava o governo federal, o governo do Distrito Federal, todos os \u00f3rg\u00e3os de fiscaliza\u00e7\u00e3o, al\u00e9m dos poderes Judici\u00e1rio e Legislativos local e federal, o consumidor era invis\u00edvel e indefeso, sem ter a quem recorrer.<\/p>\n<p>Seguir o ciclo do combust\u00edvel no pa\u00eds, desde sua retirada no po\u00e7o, refino, distribui\u00e7\u00e3o e venda nas bombas, \u00e9 percorrer a trilha de crime bem orquestrado contra o consumidor final. O pr\u00f3prio programa que envolve a produ\u00e7\u00e3o do etanol e sua mistura a gasolina e ao \u00f3leo diesel \u00e9 uma hist\u00f3ria que esconde um dos maiores engodos ao brasileiro. O departamento de f\u00edsica da UnB, h\u00e1 anos, elaborou um projeto onde era imposs\u00edvel adulterar ou roubar o consumidor. \u00d3bvio que nenhum executivo se interessou.<\/p>\n<p>As apura\u00e7\u00f5es reveladas agora pela Opera\u00e7\u00e3o Lava-Jato e pela Opera\u00e7\u00e3o Dubai, deflagrada no Distrito Federal, apontam para um esquema em que o principal insumo do desenvolvimento, no caso os combust\u00edveis, foi usado para beneficiar empres\u00e1rios e pol\u00edticos corruptos em detrimento de uma popula\u00e7\u00e3o, transformada em uma sociedade de trouxas.<\/p>\n<p>A frase que foi pronunciada<\/p>\n<p>\u201cA escravid\u00e3o volunt\u00e1ria lubrifica a m\u00e1quina olig\u00e1rquica com aliena\u00e7\u00e3o, suor e sangue. Ao povo, o trabalho. Aos mandat\u00e1rios, o lucro.\u201d<\/p>\n<p>Ren\u00e9e Ven\u00e2ncio, no pensador Uol<\/p>\n<p>Voz do povo<\/p>\n<p>\u00bb Coment\u00e1rio na parada de \u00f4nibus do Varj\u00e3o era sobre o aumento da viol\u00eancia depois de instalado o residencial Parque Parano\u00e1.<\/p>\n<p>Coletivos<\/p>\n<p>\u00bb Por falar em \u00f4nibus, os pre\u00e7os continuam muito al\u00e9m dos servi\u00e7os prestados. S\u00e3o motoristas que para chegar ao destino mais r\u00e1pido se negam a parar em alguns pontos. Al\u00e9m da sujeira causada pelos usu\u00e1rios e nunca limpa pelos empres\u00e1rios. \u00c9 feia a situa\u00e7\u00e3o.<\/p>\n<p>Release<\/p>\n<p>\u00bb 2016 \u00e9 um ano importante para a Terra Madre \u2013 Org\u00e2nicos e Saud\u00e1veis (www.terramadresaudaveis.com.br), emp\u00f3rio especializado em produtos para alimenta\u00e7\u00e3o. Como parte da primeira fase do processo de expans\u00e3o da rede, a Terra Madre comemora a estreia da primeira franquia da marca na CLSW, 301, Bloco C, Loja 20. A franquia \u00e9 comandada por Nuria Arruda.<\/p>\n<p>Hist\u00f3ria de Bras\u00edlia<\/p>\n<p>Contrariedade geral, ontem, no aeroporto. Todo o mundo que viajava apresentava certa contrariedade por n\u00e3o ter sido contemplado com um minist\u00e9rio. O mais triste de todos era o sr. Paulo Lauro, de S. Paulo, a quem, merecidamente, o sr. Tancredo Neves lhe tomou um minist\u00e9rio. (Publicado em 10\/09\/1961)<\/p>\n","protected":false},"excerpt":{"rendered":"<p>DESDE 1960 aricunha@dabr.com.br com Circe Cunha e MAMFIL Durante mais de duas d\u00e9cadas, o cartel dos combust\u00edveis lesou os brasilienses. Estimativas subestimadas falam em preju\u00edzos ao consumidor da ordem de R$ 1 bilh\u00e3o ao ano. Ao longo de todo esste per\u00edodo, a combina\u00e7\u00e3o criminosa de pre\u00e7os foi facilitada por um misto de inoper\u00e2ncia dos \u00f3rg\u00e3os [&hellip;]<\/p>\n","protected":false},"author":34,"featured_media":0,"comment_status":"closed","ping_status":"closed","sticky":false,"template":"","format":"standard","meta":{"wpb_read_more":[],"footnotes":""},"categories":[23],"tags":[],"class_list":["post-8046","post","type-post","status-publish","format-standard","hentry","category-integra"],"_links":{"self":[{"href":"https:\/\/blogs2.correiobraziliense.com.br\/aricunha\/wp-json\/wp\/v2\/posts\/8046","targetHints":{"allow":["GET"]}}],"collection":[{"href":"https:\/\/blogs2.correiobraziliense.com.br\/aricunha\/wp-json\/wp\/v2\/posts"}],"about":[{"href":"https:\/\/blogs2.correiobraziliense.com.br\/aricunha\/wp-json\/wp\/v2\/types\/post"}],"author":[{"embeddable":true,"href":"https:\/\/blogs2.correiobraziliense.com.br\/aricunha\/wp-json\/wp\/v2\/users\/34"}],"replies":[{"embeddable":true,"href":"https:\/\/blogs2.correiobraziliense.com.br\/aricunha\/wp-json\/wp\/v2\/comments?post=8046"}],"version-history":[{"count":1,"href":"https:\/\/blogs2.correiobraziliense.com.br\/aricunha\/wp-json\/wp\/v2\/posts\/8046\/revisions"}],"predecessor-version":[{"id":8047,"href":"https:\/\/blogs2.correiobraziliense.com.br\/aricunha\/wp-json\/wp\/v2\/posts\/8046\/revisions\/8047"}],"wp:attachment":[{"href":"https:\/\/blogs2.correiobraziliense.com.br\/aricunha\/wp-json\/wp\/v2\/media?parent=8046"}],"wp:term":[{"taxonomy":"category","embeddable":true,"href":"https:\/\/blogs2.correiobraziliense.com.br\/aricunha\/wp-json\/wp\/v2\/categories?post=8046"},{"taxonomy":"post_tag","embeddable":true,"href":"https:\/\/blogs2.correiobraziliense.com.br\/aricunha\/wp-json\/wp\/v2\/tags?post=8046"}],"curies":[{"name":"wp","href":"https:\/\/api.w.org\/{rel}","templated":true}]}}