{"id":8055,"date":"2016-07-31T08:59:16","date_gmt":"2016-07-31T11:59:16","guid":{"rendered":"https:\/\/blogs2.correiobraziliense.com.br\/aricunha\/?p=8055"},"modified":"2016-08-01T09:00:08","modified_gmt":"2016-08-01T12:00:08","slug":"armadilhas-e-fofocas","status":"publish","type":"post","link":"https:\/\/blogs2.correiobraziliense.com.br\/aricunha\/armadilhas-e-fofocas\/","title":{"rendered":"Armadilhas e fofocas"},"content":{"rendered":"<p>Desde 1960<br \/>\nAri Cunha com Circe Cunha e MAMFIL<\/p>\n<p>         Devem-se aos cont\u00ednuos avan\u00e7os da tecnologia, a facilidade com que tudo que se move pode ser gravado em filme e \u00e1udio e disponibilizado, em segundos, para milh\u00f5es de pessoas simultaneamente.      O lado bom dessas novas possibilidades \u00e9 que o que deveria, por motivos escusos, ser mantido longe do conhecimento da sociedade, vem a tona, para o bem da transpar\u00eancia na gest\u00e3o da coisa p\u00fablica. O lado ruim dessa bisbilhotice eletr\u00f4nica desenfreada \u00e9 que o mundo da fofoca e da semeadura de intrigas e disc\u00f3rdias ganha um aliado sem igual na desestabiliza\u00e7\u00e3o de amizades ou de governos.<\/p>\n<p>         Por enquanto, o desenrolar das conversas, gravadas sorrateiramente pela presidente do SindSa\u00fade, Marli Rodrigues, com o vice-governador Renato Santana ainda n\u00e3o ultrapassaram a t\u00eanue fronteira que separa o que \u00e9 mexerico do que \u00e9 fato. Ainda assim o caso vem ganhando repercuss\u00e3o gra\u00e7as a entrada oportunista da C\u00e2mara Legislativa no assunto.<\/p>\n<p>         Para quem acompanha do alto o caso, soa estranho que um vice-governador que se diz conhecedor de fatos graves, envolvendo um \u00f3rg\u00e3o t\u00e3o sens\u00edvel e com tantos problemas como a Pasta da Sa\u00fade, n\u00e3o tenha, imediatamente, comunicado o fato ao governador, ao Minist\u00e9rio P\u00fablico , a Pol\u00edcia Federal e Civil ou mesmo a imprensa, para colocar a quest\u00e3o a limpo.<\/p>\n<p>         Parece estranho ainda o modo como a sindicalista preparou e arquitetou toda uma investiga\u00e7\u00e3o por conta pr\u00f3pria, fazendo seguidas grava\u00e7\u00f5es, montando dossi\u00eas e at\u00e9 um intrincado organograma do caso. H\u00e1 ainda algumas d\u00favidas sobre o conhecimento ou n\u00e3o do vice-governador de que estava sendo gravado. Tudo neste caso caminha ainda no limbo das presun\u00e7\u00f5es.<\/p>\n<p>         Parece ainda mais estranho que tenha vindo justamente um outro sindicato, no caso o dos Delegados do DF a pronta disposi\u00e7\u00e3o para a cria\u00e7\u00e3o de uma for\u00e7a-tarefa volunt\u00e1ria para ajudar na apura\u00e7\u00e3o das supostas irregularidades na \u00e1rea de Sa\u00fade.<\/p>\n<p>         O governador erra em se deixar levar pela correnteza incerta dos acontecimentos. De concreto e positivo fica a determina\u00e7\u00e3o do chefe do Executivo local de encaminhar a Corregedoria do GDF e \u00e0 pol\u00edcia a abertura de investiga\u00e7\u00f5es.<\/p>\n<p>         O entrela\u00e7amento do mundo da pol\u00edtica com o mundo do crime \u00e9 fato e os brasileiros vem tomando conhecimento dessa uni\u00e3o atrav\u00e9s da Opera\u00e7\u00e3o Lava Jato e cong\u00eaneres. Agora, acreditar que o atual governo tenha tido a ousadia de participar da rapinagem do dinheiro p\u00fablico, depois de tudo o que Bras\u00edlia assistiu com os \u00faltimos ex governadores, \u00e9 crer que , de fato, n\u00e3o vale a pena continuar com o atual sistema que deu autonomia pol\u00edtica a capital.<\/p>\n<p>A frase que foi pronunciada:<\/p>\n<p>\u201c N\u00e3o h\u00e1 diferen\u00e7a entre humanos, h\u00e1 estrat\u00e9gia.\u201d <\/p>\n<p>Bruce Killer<\/p>\n<p>Release<\/p>\n<p>Na \u00faltima sexta-feira o TJDFT o desembargador Mario Machado Vieira Netto empossou seis novos membros da Corte local. Os futuros desembargadores do TJDFT s\u00e3o os ju\u00edzes de Direito substitutos de 2\u00ba Grau James Eduardo da Cruz de Moraes Oliveira, Cesar Laboissiere Loyola, Sandoval Gomes de Oliveira, Esdras Neves Almeida, Gislene Pinheiro de Oliveira e Ana Maria Cantarino.  <\/p>\n<p>Novidade<\/p>\n<p> S\u00e3o necess\u00e1rios 43 anos para que um brasileiro, solteiro, com um sal\u00e1rio m\u00edmimo de renda seja capaz de obter o mesmo rendimento de algu\u00e9m da classe m\u00e9dia. Ou um milion\u00e1rio gastaria menos de 1h30 para receber R$880, os mesmos reais que o assalariado recebe por um m\u00eas de salario. Trata-se da calculadora da desigualdade , uma ferramenta criada pela Oxfam para aferir a desigualdade na Am\u00e9ria Latina e Caribe<\/p>\n<p>Ferro e fogo<\/p>\n<p> A ira de moradores com o descaso de donos de cachorros chegou ao limite. Uma campanha que est\u00e1 ganhando adeptos  por toda a cidade \u00e9 chocante.  Se o dono do cachorro nao recolhe as fezes caninas deixadas pelo animal, o pessoal da campanha o faz. E faz mais ainda. Acondiciona em uma caixinha, segue o dono, espera que ele entre em casa. Da\u00ed toca a campainha e entrega o material expelido pelo pet.<\/p>\n<p> HIST\u00d3RIA DE BRAS\u00cdLIA<\/p>\n<p>Hoje \u00e9 domingo. Presidente novo, de muda para o Alvorada. O Lago n\u00e3o ter\u00e1 vento forte. Dia bom para pescaria. At\u00e9 j\u00e1, til\u00e1pias.<\/p>\n<p>(Publicado em 10\/09\/1961)<\/p>\n","protected":false},"excerpt":{"rendered":"<p>Desde 1960 Ari Cunha com Circe Cunha e MAMFIL Devem-se aos cont\u00ednuos avan\u00e7os da tecnologia, a facilidade com que tudo que se move pode ser gravado em filme e \u00e1udio e disponibilizado, em segundos, para milh\u00f5es de pessoas simultaneamente. O lado bom dessas novas possibilidades \u00e9 que o que deveria, por motivos escusos, ser mantido [&hellip;]<\/p>\n","protected":false},"author":34,"featured_media":0,"comment_status":"closed","ping_status":"closed","sticky":false,"template":"","format":"standard","meta":{"wpb_read_more":[],"footnotes":""},"categories":[23],"tags":[],"class_list":["post-8055","post","type-post","status-publish","format-standard","hentry","category-integra"],"_links":{"self":[{"href":"https:\/\/blogs2.correiobraziliense.com.br\/aricunha\/wp-json\/wp\/v2\/posts\/8055","targetHints":{"allow":["GET"]}}],"collection":[{"href":"https:\/\/blogs2.correiobraziliense.com.br\/aricunha\/wp-json\/wp\/v2\/posts"}],"about":[{"href":"https:\/\/blogs2.correiobraziliense.com.br\/aricunha\/wp-json\/wp\/v2\/types\/post"}],"author":[{"embeddable":true,"href":"https:\/\/blogs2.correiobraziliense.com.br\/aricunha\/wp-json\/wp\/v2\/users\/34"}],"replies":[{"embeddable":true,"href":"https:\/\/blogs2.correiobraziliense.com.br\/aricunha\/wp-json\/wp\/v2\/comments?post=8055"}],"version-history":[{"count":1,"href":"https:\/\/blogs2.correiobraziliense.com.br\/aricunha\/wp-json\/wp\/v2\/posts\/8055\/revisions"}],"predecessor-version":[{"id":8056,"href":"https:\/\/blogs2.correiobraziliense.com.br\/aricunha\/wp-json\/wp\/v2\/posts\/8055\/revisions\/8056"}],"wp:attachment":[{"href":"https:\/\/blogs2.correiobraziliense.com.br\/aricunha\/wp-json\/wp\/v2\/media?parent=8055"}],"wp:term":[{"taxonomy":"category","embeddable":true,"href":"https:\/\/blogs2.correiobraziliense.com.br\/aricunha\/wp-json\/wp\/v2\/categories?post=8055"},{"taxonomy":"post_tag","embeddable":true,"href":"https:\/\/blogs2.correiobraziliense.com.br\/aricunha\/wp-json\/wp\/v2\/tags?post=8055"}],"curies":[{"name":"wp","href":"https:\/\/api.w.org\/{rel}","templated":true}]}}