{"id":8060,"date":"2016-08-06T00:54:41","date_gmt":"2016-08-06T03:54:41","guid":{"rendered":"https:\/\/blogs2.correiobraziliense.com.br\/aricunha\/?p=8060"},"modified":"2016-08-08T10:57:48","modified_gmt":"2016-08-08T13:57:48","slug":"consumidos-pela-corrupcao","status":"publish","type":"post","link":"https:\/\/blogs2.correiobraziliense.com.br\/aricunha\/consumidos-pela-corrupcao\/","title":{"rendered":"Consumidos pela corrup\u00e7\u00e3o"},"content":{"rendered":"<p>DESDE 1960<\/p>\n<p>aricunha@dabr.com.br<\/p>\n<p>com Circe Cunha e MAMFIL<\/p>\n<p>Num apanhado geral de not\u00edcias sobre o Brasil veiculadas diariamente pelos jornais mundo afora, fica evidente que o assunto mais enfocado sobre nosso pa\u00eds \u00e9 justamente o que trata da corrup\u00e7\u00e3o, principalmente aquela em que o governo e o mundo pol\u00edtico local est\u00e3o secularmente envolvidos. De  modo geral, o notici\u00e1rio internacional relaciona as causas principais do subdesenvolvimento persistente do nosso pa\u00eds \u00e0 corrup\u00e7\u00e3o end\u00eamica que impregna toda a m\u00e1quina p\u00fablica. Hospitais e escolas p\u00fablicas extremamente carentes s\u00e3o mostrados para exemplificar os casos concretos da malversa\u00e7\u00e3o dos recursos p\u00fablicos e seus efeitos sobre a vida da popula\u00e7\u00e3o.<\/p>\n<p>Mesmo agora nas Olimp\u00edadas, grande parte dos correspondentes internacionais deixaram as disputas e os torneios de lado e partiram para registrar o dia a dia das comunidades enclausuradas em favelas miser\u00e1veis \u00e0 merc\u00ea da tr\u00e9gua na guerra entre a pol\u00edcia e o crime organizado. Sob todo e qualquer \u00e2ngulo em que se procura enxergar a realidade brasileira l\u00e1 de fora, a corrup\u00e7\u00e3o desponta como causa e assunto logo nas primeiras linhas. Por que raz\u00e3o nossas mazelas ganham tanto destaque na m\u00eddia estrangeira se temos tamb\u00e9m tantos aspectos positivos de nosso cotidiano que merecem ser mencionados?<\/p>\n<p>Essa quest\u00e3o tem, na avalia\u00e7\u00e3o dos jornalistas de outros pa\u00edses, uma explica\u00e7\u00e3o at\u00e9 singela. Para muitos, a entrada de seus pa\u00edses no rol das na\u00e7\u00f5es desenvolvidas s\u00f3 foi poss\u00edvel depois de debelados os casos de corrup\u00e7\u00e3o na administra\u00e7\u00e3o do Estado. Muitos de nossos compatriotas, afirma um rep\u00f3rter europeu, n\u00e3o conseguem entender como, em pleno s\u00e9culo 21, um pa\u00eds continental e com uma grande popula\u00e7\u00e3o ainda n\u00e3o se livrou dessa praga. Enquanto n\u00e3o surge uma resposta satisfat\u00f3ria para a quest\u00e3o, melhor examinar o que um estudo feito pelo Instituto Brasileiro de \u00c9tica Concorrencial (ETCO) diz sobre os efeitos e as consequ\u00eancias da corrup\u00e7\u00e3o que se escondem sob a linha d\u2019\u00e1gua desse imenso iceberg.<\/p>\n<p>Para cada R$ 1 desviado pela corrup\u00e7\u00e3o, ocorre um dano na economia da ordem de R$ 3. \u00c9 o que os especialistas chamam de multiplica\u00e7\u00e3o dos preju\u00edzos. A corrup\u00e7\u00e3o \u00e9 capaz tamb\u00e9m de contaminar agentes p\u00fablicos honestos, primeiro pelo desest\u00edmulo e, em seguida, por press\u00e3o ou simples ades\u00e3o \u00e0queles que se beneficiam. Tamb\u00e9m a inefici\u00eancia e o excesso de burocracia se inserem no c\u00edrculo vicioso da corrup\u00e7\u00e3o, alimentando-se mutuamente. Outro efeito \u00e9 a sensa\u00e7\u00e3o de impunidade, decorrente da falta de pena adequada, mecanismos eficientes para devolver o roubo e do tempo longo dos processos.<\/p>\n<p>Por fim, a corrup\u00e7\u00e3o produz o efeito devastador de desmoralizar as institui\u00e7\u00f5es e, por tabela, a pr\u00f3pria democracia. Um desses efeitos \u00e9 sentido pela forte rejei\u00e7\u00e3o que a popula\u00e7\u00e3o expressa por seus representantes e respectivos partidos pol\u00edticos e que bem ficou demonstrado nas manifesta\u00e7\u00f5es de ruas.<\/p>\n<p>Zeina Latif, economista, aponta como consequ\u00eancias diretas da corrup\u00e7\u00e3o sobre a economia do pa\u00eds os altos custos de transa\u00e7\u00e3o, a baixa confian\u00e7a nos contratos, o afastamento de investidores e a redu\u00e7\u00e3o da capacidade de investimentos. Trata-se aqui de causa conhecida cujas ra\u00edzes tamb\u00e9m se conhecem e cujo rem\u00e9dio \u00e9 sabido por todos. Mas ainda assim insistimos em n\u00e3o enxergar o problema que nos consome a cada dia.<\/p>\n<p>A frase que n\u00e3o foi pronunciada:<\/p>\n<p>\u201cCorrup\u00e7\u00e3o \u00e9 um bicho que se alimenta da ignor\u00e2ncia de um povo. D\u00f3i, mas \u00e9 a verdade.\u201d<\/p>\n<p>Dona Dita, lendo jornal para os netos<\/p>\n<p>Uma l\u00e1stima<\/p>\n<p>\u00c9 de estarrecer que uma campanha publicit\u00e1ria com aquele peso de pobreza seja permitida ir ao ar. A Etna escolheu a mentira para vender seus produtos. Mentir para as visitas que aquele sof\u00e1 custou car\u00edssimo ou aquela pe\u00e7a de decora\u00e7\u00e3o que foi uma pechincha pode ser apresentada aos amigos como uma pe\u00e7a rara.Em pleno combate \u00e0 corrup\u00e7\u00e3o, estimular a raiz de todos os males em propaganda \u00e9 inaceit\u00e1vel. Ou deveria ser.<\/p>\n<p>Palavrinhas m\u00e1gicas<\/p>\n<p>J\u00e1 ouvi no programa do Toninho Pop, do compadre Juarez e na ClubeFM. As pessoas se comunicam muito bem ao pedir m\u00fasica. Mas \u00e9 raro ouvir dos ouvintes as palavras \u201cpor favor\u201d e \u201cobrigado\u201d. Est\u00e1 a\u00ed uma grande oportunidade para os apresentadores trabalharem a educa\u00e7\u00e3o das pessoas queridas que participam do programa.<\/p>\n<p>Nota oficial<\/p>\n<p>\u00bb O GDF enviou aos jornalistas nota sobre a paralisa\u00e7\u00e3o de 48 horas dos policiais Civis. O movimento teve o objetivo de pressionar o governo para equiparar os sal\u00e1rios dos civis aos dos federais.<\/p>\n<p>Curiosidade<\/p>\n<p>Art.22 XXIII \u2014 O Brasil \u00e9 o \u00fanico pa\u00eds do mundo que pro\u00edbe a bomba at\u00f4mica na pr\u00f3pria Constitui\u00e7\u00e3o.<\/p>\n<p>Hist\u00f3ria de Bras\u00edlia<\/p>\n<p>A principal preocupa\u00e7\u00e3o do sr. Oscar Pedroso Horta, na TV, em S. Paulo, foi falar mal de Bras\u00edlia, chamando-a de ins\u00edpida, horr\u00edvel e tenebrosa. E \u00e9 mesmo. N\u00e3o \u00e9 para todo o mundo, mas para muitos. O homem \u00e9 produto do meio.(Publicado em 12\/9\/1961)<\/p>\n","protected":false},"excerpt":{"rendered":"<p>DESDE 1960 aricunha@dabr.com.br com Circe Cunha e MAMFIL Num apanhado geral de not\u00edcias sobre o Brasil veiculadas diariamente pelos jornais mundo afora, fica evidente que o assunto mais enfocado sobre nosso pa\u00eds \u00e9 justamente o que trata da corrup\u00e7\u00e3o, principalmente aquela em que o governo e o mundo pol\u00edtico local est\u00e3o secularmente envolvidos. De modo [&hellip;]<\/p>\n","protected":false},"author":34,"featured_media":0,"comment_status":"closed","ping_status":"closed","sticky":false,"template":"","format":"standard","meta":{"wpb_read_more":[],"footnotes":""},"categories":[23],"tags":[],"class_list":["post-8060","post","type-post","status-publish","format-standard","hentry","category-integra"],"_links":{"self":[{"href":"https:\/\/blogs2.correiobraziliense.com.br\/aricunha\/wp-json\/wp\/v2\/posts\/8060","targetHints":{"allow":["GET"]}}],"collection":[{"href":"https:\/\/blogs2.correiobraziliense.com.br\/aricunha\/wp-json\/wp\/v2\/posts"}],"about":[{"href":"https:\/\/blogs2.correiobraziliense.com.br\/aricunha\/wp-json\/wp\/v2\/types\/post"}],"author":[{"embeddable":true,"href":"https:\/\/blogs2.correiobraziliense.com.br\/aricunha\/wp-json\/wp\/v2\/users\/34"}],"replies":[{"embeddable":true,"href":"https:\/\/blogs2.correiobraziliense.com.br\/aricunha\/wp-json\/wp\/v2\/comments?post=8060"}],"version-history":[{"count":2,"href":"https:\/\/blogs2.correiobraziliense.com.br\/aricunha\/wp-json\/wp\/v2\/posts\/8060\/revisions"}],"predecessor-version":[{"id":8062,"href":"https:\/\/blogs2.correiobraziliense.com.br\/aricunha\/wp-json\/wp\/v2\/posts\/8060\/revisions\/8062"}],"wp:attachment":[{"href":"https:\/\/blogs2.correiobraziliense.com.br\/aricunha\/wp-json\/wp\/v2\/media?parent=8060"}],"wp:term":[{"taxonomy":"category","embeddable":true,"href":"https:\/\/blogs2.correiobraziliense.com.br\/aricunha\/wp-json\/wp\/v2\/categories?post=8060"},{"taxonomy":"post_tag","embeddable":true,"href":"https:\/\/blogs2.correiobraziliense.com.br\/aricunha\/wp-json\/wp\/v2\/tags?post=8060"}],"curies":[{"name":"wp","href":"https:\/\/api.w.org\/{rel}","templated":true}]}}