{"id":8070,"date":"2016-08-10T03:06:15","date_gmt":"2016-08-10T06:06:15","guid":{"rendered":"https:\/\/blogs2.correiobraziliense.com.br\/aricunha\/?p=8070"},"modified":"2016-08-18T08:07:51","modified_gmt":"2016-08-18T11:07:51","slug":"crise-aerea","status":"publish","type":"post","link":"https:\/\/blogs2.correiobraziliense.com.br\/aricunha\/crise-aerea\/","title":{"rendered":"Crise a\u00e9rea"},"content":{"rendered":"<p>DESDE 1960<\/p>\n<p>aricunha@dabr.com.br<\/p>\n<p>com Circe Cunha \/\/ com MAMFIL<\/p>\n<p>Qualquer an\u00e1lise sobre os desdobramentos econ\u00f4micos do pa\u00eds tem que levar em conta, al\u00e9m da redu\u00e7\u00e3o no consumo de itens b\u00e1sicos, como alimentos, luz e combust\u00edvel, os indicadores que apontam para a retra\u00e7\u00e3o significativa na movimenta\u00e7\u00e3o de passageiros e cargas pelos aeroportos brasileiros. Os problemas enfrentados pela avia\u00e7\u00e3o nacional v\u00eam de longa data e s\u00e3o bastante conhecidos.<\/p>\n<p>Com o agravamento da crise, acentuou-se de forma preocupante a diminui\u00e7\u00e3o do n\u00famero de passageiros em cerca de 6%, assustados com o valor oscilante das tarifas a\u00e9reas, que \u00e9 at\u00e9 pequeno, se comparado com o recuo de cerca de 40% na oferta de voos entre o Brasil e os EUA, principal destino dos brasileiros. Muitas cidades brasileiras perderam a liga\u00e7\u00e3o a\u00e9rea direta com os EUA, como Recife, Porto Alegre e Salvador. Tamb\u00e9m Bras\u00edlia e Belo Horizonte, em breve n\u00e3o ter\u00e3o mais liga\u00e7\u00e3o direta com a Am\u00e9rica do Norte.<\/p>\n<p>Se h\u00e1 uma crise no n\u00famero decrescente de passageiros, pior ainda s\u00e3o os problemas enfrentados no setor de transporte a\u00e9reo de cargas. Para se ter uma ideia, a Varilog, maior empresa do setor, viu diminuir o volume de cargas de 211 mil toneladas, em 2006, para 13,4 mil toneladas de janeiro a maio deste ano. A diminui\u00e7\u00e3o nos volumes de cargas transportadas foi acompanhada tamb\u00e9m pela redu\u00e7\u00e3o na quantidade de viagens corporativas. S\u00f3 nos primeiros meses deste ano houve um recuo de 3,6%.<\/p>\n<p>Em 2015, as viagens corporativas responderam pelo incremento de 725.589 empregos diretos e indiretos. O impacto dessa redu\u00e7\u00e3o na economia foi da ordem de R$ 70 bilh\u00f5es. A crise afastou tamb\u00e9m muitas companhias a\u00e9reas que deixaram de operar no Brasil, como a Japan Airlines, a Singapore Airlines e outras. A Embraer, orgulho nacional e que emprega mais de 17 mil funcion\u00e1rios, anunciou um plano de demiss\u00e3o volunt\u00e1ria (PDV) e cortes de custos para poupar US$ 200 milh\u00f5es e fazer frente a s\u00e9ria crise no setor.<\/p>\n<p>O problema com o esfacelamento de um nicho econ\u00f4mico t\u00e3o sens\u00edvel como o setor a\u00e9reo nacional, com consequente redu\u00e7\u00e3o de passageiros, de cargas, fuga de empresas estrangeiras e demiss\u00f5es em empresas nacionais, como a Embraer, \u00e9 que, ao afetar drasticamente o desenvolvimento do pa\u00eds, deixa sequelas que levam anos para ser recompostas novamente, e com isso compromete ainda mais o esfor\u00e7o para a dura retomada do crescimento.<\/p>\n<p>A frase que foi pronunciada<\/p>\n<p>\u201cA maratona para desviar a aten\u00e7\u00e3o do povo t\u00e1 braba!\u201d<\/p>\n<p>Grito de um amigo para o outro na chapelaria do Senado<\/p>\n<p>Andamento<\/p>\n<p>Sobre a elei\u00e7\u00e3o da UnB, ficaram tr\u00eas chapas. Engenheiro eletricista, Ivan Marques de Toledo Camargo \u00e9 professor da institui\u00e7\u00e3o desde 1989. Professor Ivan n\u00e3o tem partido. Ali\u00e1s, o programa dele \u00e9 acad\u00eamico e n\u00e3o pol\u00edtico. Denise Bomtempo, ex-decana, sem partido, e M\u00e1rcia Abra\u00e3o, ex-decana tamb\u00e9m est\u00e3o na disputa.<\/p>\n<p>Feito<\/p>\n<p>Por incr\u00edvel que pare\u00e7a, o Partido dos Trabalhadores conseguiu o feito in\u00e9dito de unir o PSol, PSTU, PDT, PCdoB. Por enquanto, esses partidos formam a frente dos sem cargos no governo federal e GDF e devem apoiar a professora M\u00e1rcia.<\/p>\n<p>Aten\u00e7\u00e3o<\/p>\n<p>Quem mostrou insatisfa\u00e7\u00e3o com a retirada das faixas com men\u00e7\u00f5es pol\u00edticas foi o presidente da Ordem dos Advogados do Brasil Cl\u00e1udio Lamachia. Ou o pa\u00eds \u00e9 livre ou n\u00e3o \u00e9. O comit\u00ea Ol\u00edmpico n\u00e3o pode desrespeitar a Carta Magna.<\/p>\n<p>Para<\/p>\n<p>Mas os olhos da Universidade de Bras\u00edlia est\u00e3o voltados mesmo, e com bastante aten\u00e7\u00e3o, para o senador Cristovam Buarque. Que debate sobre as elei\u00e7\u00f5es ser\u00e1 sustentado por ele, ningu\u00e9m sabe.<\/p>\n<p>Chamar<\/p>\n<p>Pessoal do Minist\u00e9rio da Cultura deve usar os efetivos da casa para ocupar os cargos vagos deixados pelo governo anterior. Concurso mesmo, nada.<\/p>\n<p>Hist\u00f3ria de Bras\u00edlia<\/p>\n<p>S\u00e3o 5 bilh\u00f5es de cruzeiros, j\u00e1 vencidos, que a Novacap ter\u00e1 que pagar. \u00c9 o resultado da pol\u00edtica do sr. J\u00e2nio Quadros, que autorizava, e o ministro Clemente Mariani n\u00e3o pagava. (Publicado em 12\/9\/1961)<\/p>\n","protected":false},"excerpt":{"rendered":"<p>DESDE 1960 aricunha@dabr.com.br com Circe Cunha \/\/ com MAMFIL Qualquer an\u00e1lise sobre os desdobramentos econ\u00f4micos do pa\u00eds tem que levar em conta, al\u00e9m da redu\u00e7\u00e3o no consumo de itens b\u00e1sicos, como alimentos, luz e combust\u00edvel, os indicadores que apontam para a retra\u00e7\u00e3o significativa na movimenta\u00e7\u00e3o de passageiros e cargas pelos aeroportos brasileiros. Os problemas enfrentados [&hellip;]<\/p>\n","protected":false},"author":34,"featured_media":0,"comment_status":"closed","ping_status":"closed","sticky":false,"template":"","format":"standard","meta":{"wpb_read_more":[],"footnotes":""},"categories":[23],"tags":[],"class_list":["post-8070","post","type-post","status-publish","format-standard","hentry","category-integra"],"_links":{"self":[{"href":"https:\/\/blogs2.correiobraziliense.com.br\/aricunha\/wp-json\/wp\/v2\/posts\/8070","targetHints":{"allow":["GET"]}}],"collection":[{"href":"https:\/\/blogs2.correiobraziliense.com.br\/aricunha\/wp-json\/wp\/v2\/posts"}],"about":[{"href":"https:\/\/blogs2.correiobraziliense.com.br\/aricunha\/wp-json\/wp\/v2\/types\/post"}],"author":[{"embeddable":true,"href":"https:\/\/blogs2.correiobraziliense.com.br\/aricunha\/wp-json\/wp\/v2\/users\/34"}],"replies":[{"embeddable":true,"href":"https:\/\/blogs2.correiobraziliense.com.br\/aricunha\/wp-json\/wp\/v2\/comments?post=8070"}],"version-history":[{"count":2,"href":"https:\/\/blogs2.correiobraziliense.com.br\/aricunha\/wp-json\/wp\/v2\/posts\/8070\/revisions"}],"predecessor-version":[{"id":8073,"href":"https:\/\/blogs2.correiobraziliense.com.br\/aricunha\/wp-json\/wp\/v2\/posts\/8070\/revisions\/8073"}],"wp:attachment":[{"href":"https:\/\/blogs2.correiobraziliense.com.br\/aricunha\/wp-json\/wp\/v2\/media?parent=8070"}],"wp:term":[{"taxonomy":"category","embeddable":true,"href":"https:\/\/blogs2.correiobraziliense.com.br\/aricunha\/wp-json\/wp\/v2\/categories?post=8070"},{"taxonomy":"post_tag","embeddable":true,"href":"https:\/\/blogs2.correiobraziliense.com.br\/aricunha\/wp-json\/wp\/v2\/tags?post=8070"}],"curies":[{"name":"wp","href":"https:\/\/api.w.org\/{rel}","templated":true}]}}