{"id":8076,"date":"2016-08-12T02:11:12","date_gmt":"2016-08-12T05:11:12","guid":{"rendered":"https:\/\/blogs2.correiobraziliense.com.br\/aricunha\/?p=8076"},"modified":"2016-08-18T08:12:32","modified_gmt":"2016-08-18T11:12:32","slug":"um-modelo-esgotado","status":"publish","type":"post","link":"https:\/\/blogs2.correiobraziliense.com.br\/aricunha\/um-modelo-esgotado\/","title":{"rendered":"Um modelo esgotado"},"content":{"rendered":"<p>DESDE 1960<\/p>\n<p>aricunha@dabr.com.br<\/p>\n<p>com Circe Cunha com MAMFIL<\/p>\n<p>Com a aprova\u00e7\u00e3o do relat\u00f3rio do senador tucano Ant\u00f4nio Anastasia instaurando, de fato, o julgamento derradeiro do impeachment contra Dilma Rousseff, e com a data, tamb\u00e9m j\u00e1 definida pela C\u00e2mara dos Deputados, para a sess\u00e3o que decidir\u00e1 sobre a cassa\u00e7\u00e3o do peemedebista deputado Eduardo Cunha, dois dos maiores processos pol\u00edticos, envolvendo lideran\u00e7as do Poder Executivo e Legislativo, entram na reta final de defini\u00e7\u00e3o.<\/p>\n<p>\u00c9 preciso aplainar os primeiros trechos do extenso terreno pol\u00edtico \u00e0 frente, abrindo, tamb\u00e9m, as possibilidades para que o pa\u00eds avance, mais ligeiro, rumo \u00e0s reformas urgentes e necess\u00e1rias. Resta ainda, em todo esse processo pol\u00edtico, o desfecho para a volumosa quantidade de den\u00fancias levantadas pela Opera\u00e7\u00e3o Lava-Jato.<\/p>\n<p>No entanto, \u00e9 poss\u00edvel que, no decorrer da citada investiga\u00e7\u00e3o do Minist\u00e9rio P\u00fablico e da Pol\u00edcia Federal, fique demonstrado que o veio da corrup\u00e7\u00e3o se estende ainda mais profundamente terra adentro. Nesse caso, ser\u00e1 preciso aguardar mais um pouco at\u00e9 que todos os envolvidos nos epis\u00f3dios sejam publicamente conhecidos e alcan\u00e7ados pela lei. Cumpridas essas etapas, ter\u00e1 chegado o momento de reconhecer, com franqueza, a fal\u00eancia do modelo que conduziu o pa\u00eds para a maior crise de todos os tempos. Ao governo interino, caber\u00e1 a importante tarefa de chegar, sem maiores traumas, at\u00e9 as pr\u00f3ximas elei\u00e7\u00f5es, fazendo os ajustes necess\u00e1rios para deter a queda dos indicadores da economia.<\/p>\n<p>O ano de 2016 n\u00e3o ter\u00e1 passado em branco, se for reconhecido que ele marca o ponto de partida para a reestrutura\u00e7\u00e3o e moderniza\u00e7\u00e3o profunda de nosso modelo de democracia. A liberta\u00e7\u00e3o do ciclo secular de crises s\u00f3 ser\u00e1 poss\u00edvel se forem abandonados os antigos modelos, principalmente aqueles que favorecem apenas a c\u00fapula do Estado. O problema com a reforma pol\u00edtica \u2014 a mais necess\u00e1ria, por isso chamada a m\u00e3e de todas as reformas \u2014 \u00e9 que ela n\u00e3o poder\u00e1 ser levada a bom termo enquanto n\u00e3o for esclarecida a participa\u00e7\u00e3o de cada parlamentar nos epis\u00f3dios de desvios de dinheiro p\u00fablico investigados pela Opera\u00e7\u00e3o Lava-Jato.<\/p>\n<p>S\u00f3 um Congresso totalmente isento e ilibado poder\u00e1 empreender reformas pol\u00edticas verdadeiras. Por enquanto, ficam as certezas de que o atual modelo partid\u00e1rio, com uma infinidade de legendas de aluguel, n\u00e3o serve mais e \u00e9 danoso, como n\u00e3o serve mais o instituto da prerrogativa de foro, da nomea\u00e7\u00e3o pol\u00edtica de membros para a Alta Corte. Nossa triste experi\u00eancia demonstrou que, quanto maior o Estado, com grandes empresas estatais, maiores e mais f\u00e1ceis s\u00e3o os casos de corrup\u00e7\u00e3o.<\/p>\n<p>Mostrou-nos ainda que governos moldados com caracter\u00edsticas do tipo populista arru\u00ednam a economia. Ensinou-nos tamb\u00e9m que modelos pol\u00edticos importados, tipo bolivariano, n\u00e3o servem sequer para os pa\u00edses que o inventaram. Os brasileiros aprenderam, a duras penas, que o apoderamento da m\u00e1quina do governamental por um partido pol\u00edtico \u00e9 extremamente nefasto para os interesses da na\u00e7\u00e3o e para os neg\u00f3cios de Estado.<\/p>\n<p>Gra\u00e7as \u00e0 crise sem precedente, ficamos mais experientes e precavidos contra a cantilena demagoga. A popula\u00e7\u00e3o que foi \u00e0s ruas deixou isso bem claro. Urge a implementa\u00e7\u00e3o completa da lei contra a corrup\u00e7\u00e3o e da ficha limpa. Os brasileiros t\u00eam pressa e sabem bem que o tempo n\u00e3o espera por ningu\u00e9m.<\/p>\n<p>A frase que foi pronunciada<\/p>\n<p>\u201cDe repente todo mundo virou especialista em Educa\u00e7\u00e3o.\u201d<\/p>\n<p>Rosilene Corr\u00eaa, do Sindicato dos Professores, em cr\u00edtica \u00e0 coluna<\/p>\n<p>Explica\u00e7\u00e3o<\/p>\n<p>Caso haja curiosidade do leitor em saber onde se iniciou essa lide com o Sindicato dos Professores, o ponto conflitante foi a opini\u00e3o da coluna de que nossas escolas p\u00fablicas reproduzem muito mais o pensamento de uma categoria \u2014 como grupo fechado em torno de um sindicato \u2014 do que o pensamento de pais, alunos e educadores.<\/p>\n<p>Alvo<\/p>\n<p>Para atestar o que disse a coluna, basta visitar as salas de aula nas escolas p\u00fablicas no turno noturno para atestar que v\u00e1rios professores adotam o discurso contra a imprensa, contra patr\u00f5es, contra disciplina. Isso \u00e9 fato. E mais: antes de o sindicato apoiar o governo com a ideia de hor\u00e1rio integral, \u00e9 preciso ouvir pais e mestres.<\/p>\n<p>Na pr\u00e1tica<\/p>\n<p>Como valorizar o professor com o est\u00edmulo da ado\u00e7\u00e3o do per\u00edodo integral, se com uma sala de aula de cada per\u00edodo com 40 alunos por meio expediente, os professores batem recorde em atestados m\u00e9dicos por exaust\u00e3o? Se n\u00e3o defende hoje, vai defender com a aplica\u00e7\u00e3o do per\u00edodo integral? Ser\u00e1 que o sindicato vai batalhar para que a escola atenda as exig\u00eancias dos mestres, como turmas menores e salas decentes?  E o plano de sa\u00fade para  os professores?<\/p>\n<p>Hist\u00f3ria de Bras\u00edlia<\/p>\n<p>O sr. Jo\u00e3o Goulart decepcionou, ontem, pela primeira vez, a popula\u00e7\u00e3o de Bras\u00edlia, deixando de aparecer para os trabalhadores que o esperaram quase duas horas, em p\u00e9, para ver pelo menos uma sauda\u00e7\u00e3o do presidente da Rep\u00fablica. (Publicado em 13\/9\/1961)<\/p>\n","protected":false},"excerpt":{"rendered":"<p>DESDE 1960 aricunha@dabr.com.br com Circe Cunha com MAMFIL Com a aprova\u00e7\u00e3o do relat\u00f3rio do senador tucano Ant\u00f4nio Anastasia instaurando, de fato, o julgamento derradeiro do impeachment contra Dilma Rousseff, e com a data, tamb\u00e9m j\u00e1 definida pela C\u00e2mara dos Deputados, para a sess\u00e3o que decidir\u00e1 sobre a cassa\u00e7\u00e3o do peemedebista deputado Eduardo Cunha, dois dos [&hellip;]<\/p>\n","protected":false},"author":34,"featured_media":0,"comment_status":"closed","ping_status":"closed","sticky":false,"template":"","format":"standard","meta":{"wpb_read_more":[],"footnotes":""},"categories":[23],"tags":[],"class_list":["post-8076","post","type-post","status-publish","format-standard","hentry","category-integra"],"_links":{"self":[{"href":"https:\/\/blogs2.correiobraziliense.com.br\/aricunha\/wp-json\/wp\/v2\/posts\/8076","targetHints":{"allow":["GET"]}}],"collection":[{"href":"https:\/\/blogs2.correiobraziliense.com.br\/aricunha\/wp-json\/wp\/v2\/posts"}],"about":[{"href":"https:\/\/blogs2.correiobraziliense.com.br\/aricunha\/wp-json\/wp\/v2\/types\/post"}],"author":[{"embeddable":true,"href":"https:\/\/blogs2.correiobraziliense.com.br\/aricunha\/wp-json\/wp\/v2\/users\/34"}],"replies":[{"embeddable":true,"href":"https:\/\/blogs2.correiobraziliense.com.br\/aricunha\/wp-json\/wp\/v2\/comments?post=8076"}],"version-history":[{"count":1,"href":"https:\/\/blogs2.correiobraziliense.com.br\/aricunha\/wp-json\/wp\/v2\/posts\/8076\/revisions"}],"predecessor-version":[{"id":8077,"href":"https:\/\/blogs2.correiobraziliense.com.br\/aricunha\/wp-json\/wp\/v2\/posts\/8076\/revisions\/8077"}],"wp:attachment":[{"href":"https:\/\/blogs2.correiobraziliense.com.br\/aricunha\/wp-json\/wp\/v2\/media?parent=8076"}],"wp:term":[{"taxonomy":"category","embeddable":true,"href":"https:\/\/blogs2.correiobraziliense.com.br\/aricunha\/wp-json\/wp\/v2\/categories?post=8076"},{"taxonomy":"post_tag","embeddable":true,"href":"https:\/\/blogs2.correiobraziliense.com.br\/aricunha\/wp-json\/wp\/v2\/tags?post=8076"}],"curies":[{"name":"wp","href":"https:\/\/api.w.org\/{rel}","templated":true}]}}