{"id":8078,"date":"2016-08-13T02:23:05","date_gmt":"2016-08-13T05:23:05","guid":{"rendered":"https:\/\/blogs2.correiobraziliense.com.br\/aricunha\/?p=8078"},"modified":"2016-08-18T08:14:57","modified_gmt":"2016-08-18T11:14:57","slug":"8078-2","status":"publish","type":"post","link":"https:\/\/blogs2.correiobraziliense.com.br\/aricunha\/8078-2\/","title":{"rendered":"Temporada de ca\u00e7a"},"content":{"rendered":"<p>DESDE 1960<\/p>\n<p>aricunha@dabr.com.br<\/p>\n<p>Com Circe Cunha com MAMFIL<\/p>\n<p>Est\u00e1 aberta a temporada de ca\u00e7a aos registros partid\u00e1rios de tr\u00eas das principais legendas do espectro pol\u00edtico nacional. Outras poder\u00e3o vir naturalmente na sequ\u00eancia, dependendo dos esclarecimentos que chegam paulatinamente \u00e0 tona com as investiga\u00e7\u00f5es da Opera\u00e7\u00e3o Lava-Jato. Por enquanto est\u00e3o na al\u00e7a de mira da Justi\u00e7a Eleitoral o Partido dos Trabalhadores (PT), o Partido do Movimento Democr\u00e1tico Brasileiro (PMDB) e o Partido Popular (PP). Trata-se de  fen\u00f4meno \u00fanico em todo mundo democr\u00e1tico Ocidental. O aprofundamento das investiga\u00e7\u00f5es poder\u00e1 levar de rold\u00e3o ainda o PSDB e o DEM. Caso isso se confirme, estariam lan\u00e7adas as pedras da funda\u00e7\u00e3o da reforma pol\u00edtico-partid\u00e1ria, por imposi\u00e7\u00e3o da realidade criminosa que tomou conta de nosso sistema representativo.<\/p>\n<p>O movimento de abate na pol\u00edtica teve in\u00edcio oficial com a decis\u00e3o do presidente do Tribunal Superior Eleitoral (TSE), ministro Gilmar Mendes, que pediu a instaura\u00e7\u00e3o de processo de cassa\u00e7\u00e3o de registro de funcionamento do PT, com base, no que aponta, em fraudes grav\u00edssimas nas elei\u00e7\u00f5es de 2010 e 2014. Para o ministro, existem tamb\u00e9m ind\u00edcios de fraude processual dentro do pr\u00f3prio TSE, durante a presid\u00eancia de Dias Toffoli.<\/p>\n<p>Mendes considerou misterioso o sumi\u00e7o do Of\u00edcio n\u00ba 1.240, expedido em 10 de setembro de 2015, pelo ministro Jo\u00e3o Ot\u00e1vio, corregedor-geral da Justi\u00e7a Eleitoral do Brasil, que pedia, na ocasi\u00e3o, a cassa\u00e7\u00e3o de registro do PT, por fraudes na escritura\u00e7\u00e3o cont\u00e1bil. Com o desaparecimento providencial do documento, ficou suspensa n\u00e3o s\u00f3 a indica\u00e7\u00e3o da legenda, como evitou a pris\u00e3o imediata dos tr\u00eas \u00faltimos tesoureiros do partido.<\/p>\n<p>Na sequ\u00eancia, a ministra Maria de Assis Moura, do TSE solicitou tamb\u00e9m a abertura de investiga\u00e7\u00e3o eleitoral contra o PP, o PT e o PMDB, com base nas dela\u00e7\u00f5es premiadas da Opera\u00e7\u00e3o Lava-Jato. Todos esses partidos teriam recebido propinas, disfar\u00e7adas de doa\u00e7\u00f5es eleitorais e, pior, lavado esses recursos por meio do pr\u00f3prio Tribunal Eleitoral. No parecer, a ministra afirma: \u201cUma vez comprovadas tais condutas, estar\u00edamos diante da pr\u00e1tica de crimes visando a conquista do poder e\/ou sua manuten\u00e7\u00e3o, nada muito diferente, portanto, dos per\u00edodos b\u00e1rbaros em que crimes tamb\u00e9m eram praticados para se atingir o poder\u201d.<\/p>\n<p>Para os ministros da Corte, o TSE n\u00e3o pode fechar os olhos diante de tantos e perigosos ind\u00edcios que v\u00eam sendo revelados. Curioso observar que o afundamento da gigante Petrobras no mar de lama da corrup\u00e7\u00e3o levar\u00e1 consigo, para o fundo do abismo pol\u00edticos de destaque no cen\u00e1rio nacional, grandes empres\u00e1rios da constru\u00e7\u00e3o, partidos diversos e todo um sistema de gest\u00e3o do Estado, que se acreditava correto. Nesse abra\u00e7o de afogados, est\u00e1 por enquanto, a salva\u00e7\u00e3o do pa\u00eds. O que essa experi\u00eancia ensina \u00e9 que o poder est\u00e1 com o eleitor.<\/p>\n<p>A frase que n\u00e3o foi pronunciada<\/p>\n<p>\u201cAten\u00e7\u00e3o, senhor Aedes aegypti: zika, chigungunha e dengue, s\u00f3 quando as Olimp\u00edadas terminarem.\u201d<\/p>\n<p>Raz\u00e3o prov\u00e1vel para o assunto ter ca\u00eddo no esquecimento.<\/p>\n<p>Oportunidade<\/p>\n<p>Por falar nisso, o GDF anuncia o Refis-N. Oportunidade para honrar as d\u00edvidas n\u00e3o tribut\u00e1rias com o governo. Est\u00e3o fora multas de tr\u00e2nsito, d\u00e9bitos com a CEB e Caesb.<\/p>\n<p>Merecimento<\/p>\n<p>Em pauta, a isonomia salarial entre pol\u00edcias. O governador Rodrigo Rollemberg esteve com o presidente Michel Temer para tentar encontrar uma solu\u00e7\u00e3o para o assunto. Cortes no sup\u00e9rfluo e fiscaliza\u00e7\u00e3o efetiva no gasto p\u00fablico com puni\u00e7\u00e3o para maus gestores. A receita n\u00e3o tem mist\u00e9rio. S\u00f3 precisa ser servida com vontade pol\u00edtica.<\/p>\n<p>Missa<\/p>\n<p>Bela homenagem do dr. Daher ao amigo Ivo Pitanguy. A missa no Lago Sul foi repleta de agradecimentos e ora\u00e7\u00f5es.<\/p>\n<p>Sprout<\/p>\n<p>Parece um l\u00e1pis normal. Mas na ponta h\u00e1 um compartimento do tamanho de uma borracha com sementes. A crian\u00e7a usa o l\u00e1pis e, quando estiver curtinho, espeta a ponta num vaso com terra. A ideia genial \u00e9 patenteada. Foi desenvolvida por alunos do Instituto de Tecnologia de Massachusetts.<\/p>\n<p>Aten\u00e7\u00e3o<\/p>\n<p>Funcion\u00e1rios de operadoras de celular, bancos, planos de sa\u00fade e outros campe\u00f5es de reclama\u00e7\u00f5es dos consumidores come\u00e7am a se dar conta de que obedecer \u00e0 chefia para mentir aos clientes \u00e9 crime. Os tribunais t\u00eam sido r\u00edgidos em causas dessa natureza.<\/p>\n<p>Team USA 2020<\/p>\n<p>Crian\u00e7ada da Liga de Connecticut joga futebol nos Estados Unidos e tem o seguinte reconhecimento dos t\u00e9cnicos: brasileiros t\u00eam talento e criatividade, e americanos, resist\u00eancia. Tanto faz, meninos ou meninas.<\/p>\n<p>Hist\u00f3ria de Bras\u00edlia<\/p>\n<p>No fim da hist\u00f3ria mandou convidar 10 \u201caut\u00eanticos trabalhadores\u201d, segundo express\u00e3o do seu representante, e foram mais de 10, porque os donos dos sindicatos se meteram e tumultuaram a situa\u00e7\u00e3o. (Publicado em 13\/9\/1961)<\/p>\n","protected":false},"excerpt":{"rendered":"<p>DESDE 1960 aricunha@dabr.com.br Com Circe Cunha com MAMFIL Est\u00e1 aberta a temporada de ca\u00e7a aos registros partid\u00e1rios de tr\u00eas das principais legendas do espectro pol\u00edtico nacional. Outras poder\u00e3o vir naturalmente na sequ\u00eancia, dependendo dos esclarecimentos que chegam paulatinamente \u00e0 tona com as investiga\u00e7\u00f5es da Opera\u00e7\u00e3o Lava-Jato. Por enquanto est\u00e3o na al\u00e7a de mira da Justi\u00e7a [&hellip;]<\/p>\n","protected":false},"author":34,"featured_media":0,"comment_status":"closed","ping_status":"closed","sticky":false,"template":"","format":"standard","meta":{"wpb_read_more":[],"footnotes":""},"categories":[23],"tags":[],"class_list":["post-8078","post","type-post","status-publish","format-standard","hentry","category-integra"],"_links":{"self":[{"href":"https:\/\/blogs2.correiobraziliense.com.br\/aricunha\/wp-json\/wp\/v2\/posts\/8078","targetHints":{"allow":["GET"]}}],"collection":[{"href":"https:\/\/blogs2.correiobraziliense.com.br\/aricunha\/wp-json\/wp\/v2\/posts"}],"about":[{"href":"https:\/\/blogs2.correiobraziliense.com.br\/aricunha\/wp-json\/wp\/v2\/types\/post"}],"author":[{"embeddable":true,"href":"https:\/\/blogs2.correiobraziliense.com.br\/aricunha\/wp-json\/wp\/v2\/users\/34"}],"replies":[{"embeddable":true,"href":"https:\/\/blogs2.correiobraziliense.com.br\/aricunha\/wp-json\/wp\/v2\/comments?post=8078"}],"version-history":[{"count":2,"href":"https:\/\/blogs2.correiobraziliense.com.br\/aricunha\/wp-json\/wp\/v2\/posts\/8078\/revisions"}],"predecessor-version":[{"id":8080,"href":"https:\/\/blogs2.correiobraziliense.com.br\/aricunha\/wp-json\/wp\/v2\/posts\/8078\/revisions\/8080"}],"wp:attachment":[{"href":"https:\/\/blogs2.correiobraziliense.com.br\/aricunha\/wp-json\/wp\/v2\/media?parent=8078"}],"wp:term":[{"taxonomy":"category","embeddable":true,"href":"https:\/\/blogs2.correiobraziliense.com.br\/aricunha\/wp-json\/wp\/v2\/categories?post=8078"},{"taxonomy":"post_tag","embeddable":true,"href":"https:\/\/blogs2.correiobraziliense.com.br\/aricunha\/wp-json\/wp\/v2\/tags?post=8078"}],"curies":[{"name":"wp","href":"https:\/\/api.w.org\/{rel}","templated":true}]}}