{"id":8083,"date":"2016-08-16T08:17:03","date_gmt":"2016-08-16T11:17:03","guid":{"rendered":"https:\/\/blogs2.correiobraziliense.com.br\/aricunha\/?p=8083"},"modified":"2016-08-18T08:17:34","modified_gmt":"2016-08-18T11:17:34","slug":"o-preco-do-impeachment","status":"publish","type":"post","link":"https:\/\/blogs2.correiobraziliense.com.br\/aricunha\/o-preco-do-impeachment\/","title":{"rendered":"O pre\u00e7o do impeachment"},"content":{"rendered":"<p>Desde 1960<\/p>\n<p>aricunha@dabr.com.br<\/p>\n<p>com Circe Cunha com MAMFIL<\/p>\n<p>Enquanto n\u00e3o for dado um ponto final no impeachment de Dilma Rousseff, toda a m\u00e1quina p\u00fablica, incluindo a enorme infraestrutura a cargo do Estado, prosseguir\u00e1 a passos lentos, com enormes preju\u00edzos para o pa\u00eds e para a estrutura governamental e principalmente para os brasileiros. Todos aguardam, sob suspense, o retorno \u00e0 normalidade institucional. At\u00e9 agora, o governo interino de Michel Temer tem se limitado a adotar medidas que permitam, ao menos, n\u00e3o causar ru\u00eddos com o Congresso. Para tanto, tem tomado cautelas que, aos olhos da opini\u00e3o p\u00fablica, parece que o governo est\u00e1 a reboque das vontades do Legislativo. Prosseguem na interlocu\u00e7\u00e3o entre os poderes, os mesmos problemas enfrentados desde a volta da democracia.<\/p>\n<p>Os eternos ru\u00eddos de composi\u00e7\u00e3o de uma base confort\u00e1vel de apoio continuam a requerer contrapartidas que afrontam e contrariam o desejo da na\u00e7\u00e3o, j\u00e1 claramente expressos nas gigantescas manifesta\u00e7\u00f5es de rua. No rol de a\u00e7\u00f5es do governo interino, tem sido comum encontrar medidas que contradizem o bom senso. Temer est\u00e1 literalmente andando sobre cascas de ovos.<\/p>\n<p>De um lado, acena com um pacote de bondades, aumentando sal\u00e1rios de parte do funcionalismo, que a rigor j\u00e1 tem bons sal\u00e1rios e estabilidade funcional, coisa impensada para a maioria dos brasileiros. De outro, a busca pelo retorno a racionalidade na economia, tem obrigado o governo a fazer cortes em investimentos.<\/p>\n<p>Somente para as universidades federais, h\u00e1 um corte previsto nas verbas de investimentos 15%. Para as 63 federais, esses cortes acontecem justamente quando as universidades est\u00e3o em meio \u00e0 s\u00e9ria crise financeira e fazem redu\u00e7\u00f5es em v\u00e1rios programas importantes.<\/p>\n<p>Depois de 13 anos de uma gest\u00e3o, no m\u00ednimo, desastrosa,  a reconstru\u00e7\u00e3o sustent\u00e1vel e duradoura do pa\u00eds s\u00f3 poder\u00e1 vir se for assentada em bases s\u00f3lidas, principalmente se apoiadas em uma educa\u00e7\u00e3o s\u00e9ria e comprometida. Esse foi o primeiro passo nos pa\u00edses desenvolvidos.<\/p>\n<p>A frase que foi pronunciada<\/p>\n<p>&#8220;A justi\u00e7a \u00e9 a primeira virtude das institui\u00e7\u00f5es sociais, assim como a verdade \u00e9 dos sistemas de pensamento.&#8221;<\/p>\n<p>John Rawls, professor de filosofia de Harvard<\/p>\n<p>Volume<\/p>\n<p>A \u00e1rea t\u00e9cnica do Tribunal Superior Eleitoral que est\u00e1 pesquisando as notas emitidas durante a campanha de Dilma Rousseff n\u00e3o conseguir\u00e1 entregar o relat\u00f3rio na data definida. O prazo vai ser estendido para 22 de agosto.<\/p>\n<p>Unanimidade<\/p>\n<p>Atendimento na Secretaria do N\u00facleo de Pr\u00e1tica Jur\u00eddica do Uniceub, no Setor Comercial Sul, recebe nota 10. Presteza, agilidade e cordialidade. Nossos cumprimentos \u00e0 equipe: Caio Gomes Rocha, Cl\u00f3vis Rodrigues e Jadismar Rodrigues.<\/p>\n<p>Panorama<\/p>\n<p>Jornais alem\u00e3es deram, nesta semana, destaque para alguns assuntos dos Jogos Ol\u00edmpicos no Rio de Janeiro. Os profissionais das not\u00edcias ficaram impressionados com o n\u00famero de lugares vazios nos est\u00e1dios, o comportamento da torcida brasileira e algumas impress\u00f5es sobre o Canec\u00e3o. Outro assunto muito comentado foi o acidente de carro do t\u00e9cnico alem\u00e3o de canoagem Stefan Henze. Spiegel e Badische Zeitung comentaram sobre os problemas no sistema de sa\u00fade do pa\u00eds.<\/p>\n<p>Grupos<\/p>\n<p>\u201cJornadas do ser\u201d, com Margarita Morales, voltam \u00e0 capital em 30 de agosto. \u00c0s 19h, no Bras\u00edlia Shopping. Crescimento pessoal e experi\u00eancia \u00fanica. Vale conhecer.<\/p>\n<p>Vencida<\/p>\n<p>Piadinha em clima de Olimp\u00edadas no Brasil. Ligam da operadora de celular avisando que a conta venceu. Descolado, o cidad\u00e3o com o dinheiro separado para pagar a conta brinca com a atendente. Venceu? Ent\u00e3o d\u00e1 uma medalha de ouro para a conta.<\/p>\n<p>Hist\u00f3ria de Bras\u00edlia<\/p>\n<p>Aquela manifesta\u00e7\u00e3o foi organizada pelos construtores de Bras\u00edlia, pelos engenheiros, arquitetos, e n\u00e3o pelos sindicatos, porque eles, jamais conseguiriam reunir tamanha multid\u00e3o. (Publicado em 13\/9\/1961)<\/p>\n","protected":false},"excerpt":{"rendered":"<p>Desde 1960 aricunha@dabr.com.br com Circe Cunha com MAMFIL Enquanto n\u00e3o for dado um ponto final no impeachment de Dilma Rousseff, toda a m\u00e1quina p\u00fablica, incluindo a enorme infraestrutura a cargo do Estado, prosseguir\u00e1 a passos lentos, com enormes preju\u00edzos para o pa\u00eds e para a estrutura governamental e principalmente para os brasileiros. Todos aguardam, sob [&hellip;]<\/p>\n","protected":false},"author":34,"featured_media":0,"comment_status":"closed","ping_status":"closed","sticky":false,"template":"","format":"standard","meta":{"wpb_read_more":[],"footnotes":""},"categories":[23],"tags":[],"class_list":["post-8083","post","type-post","status-publish","format-standard","hentry","category-integra"],"_links":{"self":[{"href":"https:\/\/blogs2.correiobraziliense.com.br\/aricunha\/wp-json\/wp\/v2\/posts\/8083","targetHints":{"allow":["GET"]}}],"collection":[{"href":"https:\/\/blogs2.correiobraziliense.com.br\/aricunha\/wp-json\/wp\/v2\/posts"}],"about":[{"href":"https:\/\/blogs2.correiobraziliense.com.br\/aricunha\/wp-json\/wp\/v2\/types\/post"}],"author":[{"embeddable":true,"href":"https:\/\/blogs2.correiobraziliense.com.br\/aricunha\/wp-json\/wp\/v2\/users\/34"}],"replies":[{"embeddable":true,"href":"https:\/\/blogs2.correiobraziliense.com.br\/aricunha\/wp-json\/wp\/v2\/comments?post=8083"}],"version-history":[{"count":1,"href":"https:\/\/blogs2.correiobraziliense.com.br\/aricunha\/wp-json\/wp\/v2\/posts\/8083\/revisions"}],"predecessor-version":[{"id":8084,"href":"https:\/\/blogs2.correiobraziliense.com.br\/aricunha\/wp-json\/wp\/v2\/posts\/8083\/revisions\/8084"}],"wp:attachment":[{"href":"https:\/\/blogs2.correiobraziliense.com.br\/aricunha\/wp-json\/wp\/v2\/media?parent=8083"}],"wp:term":[{"taxonomy":"category","embeddable":true,"href":"https:\/\/blogs2.correiobraziliense.com.br\/aricunha\/wp-json\/wp\/v2\/categories?post=8083"},{"taxonomy":"post_tag","embeddable":true,"href":"https:\/\/blogs2.correiobraziliense.com.br\/aricunha\/wp-json\/wp\/v2\/tags?post=8083"}],"curies":[{"name":"wp","href":"https:\/\/api.w.org\/{rel}","templated":true}]}}