{"id":8108,"date":"2016-08-26T01:38:04","date_gmt":"2016-08-26T04:38:04","guid":{"rendered":"https:\/\/blogs2.correiobraziliense.com.br\/aricunha\/?p=8108"},"modified":"2016-08-26T11:39:41","modified_gmt":"2016-08-26T14:39:41","slug":"paz-dos-cemiterios-politicos","status":"publish","type":"post","link":"https:\/\/blogs2.correiobraziliense.com.br\/aricunha\/paz-dos-cemiterios-politicos\/","title":{"rendered":"A paz dos cemit\u00e9rios pol\u00edticos"},"content":{"rendered":"<p>Desde 1960<\/p>\n<p>aricunha@dabr.com.br<\/p>\n<p>com Circe Cunha e MAMFIL<\/p>\n<p>N\u00e3o se iludam. A ind\u00fastria da invas\u00e3o de terras p\u00fablicas que tantos transtornos vem trazendo para o ordenamento urbano do DF \u00e9 filha primog\u00eanita da emancipa\u00e7\u00e3o pol\u00edtica introduzida na capital. Os outros descendentes diretos desse arranjo maledetto s\u00e3o os esc\u00e2ndalos de corrup\u00e7\u00e3o cont\u00ednuos, a divis\u00e3o da cidade em currais eleitorais, a sangria do dinheiro p\u00fablico para sustentar um esqueleto burocr\u00e1tico artificial e inoperante, al\u00e9m dos conflitos violentos e generalizados opondo pessoas de diferentes legendas, inclusive com a ocorr\u00eancia de crimes e amea\u00e7as contra a vida.<\/p>\n<p>Para uma cidade, planejada com esmero vision\u00e1rio, a introdu\u00e7\u00e3o das mesmas mazelas administrativas que sempre assolaram o restante do pa\u00eds significou um recuo no tempo, n\u00e3o pelo processo pol\u00edtico representativo em si, necess\u00e1rio, mas, sobretudo, pela qualidade pessoal dos agentes envolvidos.<\/p>\n<p>Democracia com qualidade s\u00f3 \u00e9 poss\u00edvel com representantes de qualidade. Usada como moeda de troca, no toma l\u00e1 d\u00e1 c\u00e1 da aritm\u00e9tica malandra, as terras e os espa\u00e7os p\u00fablicos da capital foram sendo loteados entre as legendas, enquanto se buscava, por meio da feitura de leis marotas, aplainar os caminhos para a regulariza\u00e7\u00e3o veloz desses espa\u00e7os.<\/p>\n<p>A partir de 1990, num espa\u00e7o de poucos anos, a cidade come\u00e7ou a experimentar um incha\u00e7o populacional, com gente de todos os cantos se transferindo para capital, por conta das not\u00edcias de que por aqui bastava assegurar o voto em determinado candidato para garantir um lote nos in\u00fameros condom\u00ednios que se formaram da noite para o dia. Como consequ\u00eancia, os brasilienses passaram a conviver com o aumento assustador da viol\u00eancia urbana, colapso no fornecimento de \u00e1gua e luz, hospitais agonizando e escolas p\u00fablicas superlotadas. Paralisa\u00e7\u00f5es e greves pol\u00edticas frequentes, al\u00e9m da costumeira malversa\u00e7\u00e3o dos recursos p\u00fablicos e da corrup\u00e7\u00e3o disseminada na m\u00e1quina administrativa.<\/p>\n<p>Enquanto uma reforma pol\u00edtica s\u00e9ria e profunda n\u00e3o for posta em pr\u00e1tica, continuaremos tendo que optar entre a paz dos cemit\u00e9rios, pr\u00f3pria das ditaduras, e o alvoro\u00e7o vivo da representatividade, embora feito por gente que n\u00e3o enxerga al\u00e9m do pr\u00f3prio umbigo.<\/p>\n<p>A frase que foi pronunciada<\/p>\n<p>\u201cSe para tirar a carteira de motorista fiquei t\u00e3o nervosa, imagine o que sente a Dilma Rousseff hoje, quando v\u00e3o lhe tirar o governo!\u201d<\/p>\n<p>Ju Borges, de Bras\u00edlia<\/p>\n<p>Voto de volta<\/p>\n<p>Impressionado com a arrog\u00e2ncia do PT, o senador Jos\u00e9 Medeiros discursou sobre a falta de humildade do partido. At\u00e9 agora ningu\u00e9m do partido foi capaz de fazer o mea-culpa batendo a m\u00e3o no peito para pedir perd\u00e3o aos eleitores que acreditaram nas propostas de mudan\u00e7a para um pa\u00eds melhor, disse o senador. Como bem falou Alexandre Garcia, s\u00f3 o recall dos votos resolveria essa quest\u00e3o.<\/p>\n<p>Mais esc\u00e2ndalo<\/p>\n<p>Na bola da vez est\u00e1 o BNDES. Os R$ 400 milh\u00f5es que foram para o grupo S\u00e3o Fernando, do empres\u00e1rio Jos\u00e9 Carlos Bumlai, s\u00e3o apenas parte do que vem pela frente, num comboio de investiga\u00e7\u00f5es. Al\u00e9m das irregularidades, o tr\u00e1fico de influ\u00eancia nos empr\u00e9stimos pesa contra o banco nacional.<\/p>\n<p>Na capital<\/p>\n<p>Deputado federal Alex Manente \u00e9 um ferrenho defensor da acessibilidade por todo o pa\u00eds, principalmente para incrementar o turismo aos que usam cadeira de rodas ou tenham mobilidade reduzida. S\u00f3 um passeio no com\u00e9rcio das entrequadras e W3 mostrar\u00e1 como estamos longe desse sonho.<\/p>\n<p>Que moral<\/p>\n<p>Quem for pego roubando ser\u00e1 punido severamente. Essa \u00e9 a regra n\u00famero um do Comando Vermelho. Cartazes explicativos foram espalhados por uma favela do Rio. \u201cSe matar inocente vai pagar com a pr\u00f3pria vida.\u201d Pelo coment\u00e1rio dos moradores, a a\u00e7\u00e3o deu bons resultados.<\/p>\n<p>Nova hora<\/p>\n<p>Flexibilizada por medida provis\u00f3ria, a Hora do Brasil pode ser transmitida entre as 19h e as 22h. A quest\u00e3o ainda n\u00e3o \u00e9 definitiva.<\/p>\n<p>Hist\u00f3ria de Bras\u00edlia<\/p>\n<p>E o relator da mat\u00e9ria foi, precisamente, o sr. C\u00e2ndido Mota Filho, a quem cabia manter uma medida moralizadora do governo que n\u00e3o foi tanto, n\u00e3o dando aos J\u00f3queis Clubes a for\u00e7a que eles demonstraram ter. Infelizmente tal n\u00e3o aconteceu. (Publicado em 13\/9\/1961)<\/p>\n","protected":false},"excerpt":{"rendered":"<p>Desde 1960 aricunha@dabr.com.br com Circe Cunha e MAMFIL N\u00e3o se iludam. A ind\u00fastria da invas\u00e3o de terras p\u00fablicas que tantos transtornos vem trazendo para o ordenamento urbano do DF \u00e9 filha primog\u00eanita da emancipa\u00e7\u00e3o pol\u00edtica introduzida na capital. Os outros descendentes diretos desse arranjo maledetto s\u00e3o os esc\u00e2ndalos de corrup\u00e7\u00e3o cont\u00ednuos, a divis\u00e3o da cidade [&hellip;]<\/p>\n","protected":false},"author":34,"featured_media":0,"comment_status":"closed","ping_status":"closed","sticky":false,"template":"","format":"standard","meta":{"wpb_read_more":[],"footnotes":""},"categories":[23],"tags":[],"class_list":["post-8108","post","type-post","status-publish","format-standard","hentry","category-integra"],"_links":{"self":[{"href":"https:\/\/blogs2.correiobraziliense.com.br\/aricunha\/wp-json\/wp\/v2\/posts\/8108","targetHints":{"allow":["GET"]}}],"collection":[{"href":"https:\/\/blogs2.correiobraziliense.com.br\/aricunha\/wp-json\/wp\/v2\/posts"}],"about":[{"href":"https:\/\/blogs2.correiobraziliense.com.br\/aricunha\/wp-json\/wp\/v2\/types\/post"}],"author":[{"embeddable":true,"href":"https:\/\/blogs2.correiobraziliense.com.br\/aricunha\/wp-json\/wp\/v2\/users\/34"}],"replies":[{"embeddable":true,"href":"https:\/\/blogs2.correiobraziliense.com.br\/aricunha\/wp-json\/wp\/v2\/comments?post=8108"}],"version-history":[{"count":1,"href":"https:\/\/blogs2.correiobraziliense.com.br\/aricunha\/wp-json\/wp\/v2\/posts\/8108\/revisions"}],"predecessor-version":[{"id":8109,"href":"https:\/\/blogs2.correiobraziliense.com.br\/aricunha\/wp-json\/wp\/v2\/posts\/8108\/revisions\/8109"}],"wp:attachment":[{"href":"https:\/\/blogs2.correiobraziliense.com.br\/aricunha\/wp-json\/wp\/v2\/media?parent=8108"}],"wp:term":[{"taxonomy":"category","embeddable":true,"href":"https:\/\/blogs2.correiobraziliense.com.br\/aricunha\/wp-json\/wp\/v2\/categories?post=8108"},{"taxonomy":"post_tag","embeddable":true,"href":"https:\/\/blogs2.correiobraziliense.com.br\/aricunha\/wp-json\/wp\/v2\/tags?post=8108"}],"curies":[{"name":"wp","href":"https:\/\/api.w.org\/{rel}","templated":true}]}}