{"id":8110,"date":"2016-08-27T03:48:09","date_gmt":"2016-08-27T06:48:09","guid":{"rendered":"https:\/\/blogs2.correiobraziliense.com.br\/aricunha\/?p=8110"},"modified":"2016-08-29T08:48:54","modified_gmt":"2016-08-29T11:48:54","slug":"hora-de-descer-do-podio","status":"publish","type":"post","link":"https:\/\/blogs2.correiobraziliense.com.br\/aricunha\/hora-de-descer-do-podio\/","title":{"rendered":"Hora de descer do p\u00f3dio"},"content":{"rendered":"<p>DESDE 1960<\/p>\n<p>aricunha@dabr.com.br<\/p>\n<p>com Circe Cunha e MAMFIL<\/p>\n<p>N\u00e3o \u00e9 de hoje que brasileiros de todas as idades e g\u00eaneros em viagem para o exterior enfrentam os rigores kafquianos das autoridades de imigra\u00e7\u00e3o, principalmente quando o destino \u00e9 para os Estados Unidos, o Canad\u00e1 e a Europa. Vistos pela \u00f3tica burocr\u00e1tica dos departamentos que cuidam da entrada de estrangeiros, todos os cidad\u00e3os da Am\u00e9rica Latina, assim como aqueles vindos das na\u00e7\u00f5es do chamado Terceiro Mundo, s\u00e3o imediatamente identificados como imigrantes potenciais que estariam dispostos a tudo para entrar e permanecer indefinidamente em seus territ\u00f3rios.<\/p>\n<p>Separar, nessas grandes levas de pessoas, aquelas que realmente anseiam permanecer naqueles pa\u00edses, mesmo sob a condi\u00e7\u00e3o de imigrantes ilegais, daquelas que apenas querem viajar e conhecer novas terras e novas culturas, n\u00e3o \u00e9 tarefa das mais simples. Por via das d\u00favidas, as autoridades americanas e europeias, diante dos constantes atentados terroristas e da grande movimenta\u00e7\u00e3o atual de refugiados, passaram a tratar como suspeitos todo e qualquer viajante, principalmente os oriundos do Hemisf\u00e9rio Sul.<\/p>\n<p>Diante dos novos desafios de seguran\u00e7a mundial que se imp\u00f5e, o simples ato de viajar a turismo para fora do pa\u00eds passou a requerer muita disposi\u00e7\u00e3o e coragem para enfrentar a peneira fina feita pela imigra\u00e7\u00e3o externa. Ainda assim, e talvez por esses motivos, t\u00eam havido repetidos e lament\u00e1veis excessos. Em um mundo em permanente estado de alerta, os viajantes com bons prop\u00f3sitos e com a documenta\u00e7\u00e3o em ordem acabam sendo duramente penalizados e, n\u00e3o raro, ficam traumatizados com a experi\u00eancia vivida l\u00e1 fora. Esse \u00e9 justamente o caso atual da estudante brasileira de 16 anos, barrada pela imigra\u00e7\u00e3o no aeroporto de Detroit, nos Estados Unidos, e que h\u00e1 15 dias se encontra presa e incomunic\u00e1vel num pres\u00eddio para imigrantes na cidade de Chicago.<\/p>\n<p>As autoridades americanas n\u00e3o d\u00e3o mais detalhes por motivo de seguran\u00e7a. O Itamaraty, sempre a reboque das not\u00edcias e distantes das agruras sofridas pelos brasileiros no estrangeiro, se limitou a reconhecer que desconhece os motivos da deten\u00e7\u00e3o da jovem pelos americanos. Os pais da brasileira vivem momentos de afli\u00e7\u00e3o e asseguram que jamais v\u00e3o p\u00f4r os p\u00e9s novamente naquele pa\u00eds. A afli\u00e7\u00e3o deles \u00e9 tamb\u00e9m de muitos brasileiros maltratados como seres inferiores nos guich\u00eas de imigra\u00e7\u00e3o desses aeroportos. O que mais surpreende \u00e9 que esse tratamento primitivo parte justamente dos pa\u00edses desenvolvidos que se vangloriam e apregoam as del\u00edcias de seu alto est\u00e1gio civilizat\u00f3rio. Para um pa\u00eds, como os EUA, que j\u00e1 alcan\u00e7ou a lua, falta ainda muito ch\u00e3o a percorrer at\u00e9 reconhecer a arrog\u00e2ncia e enxergar as consequ\u00eancias que ela traz para o mundo.<\/p>\n<p>A frase que n\u00e3o foi pronunciada<\/p>\n<p>\u201cAt\u00e9 Ravel era usado em tortura. O que \u00e9 constantemente repetido enlouquece qualquer um!\u201d<\/p>\n<p>Algu\u00e9m irritado saindo do plen\u00e1rio do Senado<\/p>\n<p>Querido por todos<\/p>\n<p>Coment\u00e1rio geral sobre o senador Paulo Paim. A melhor defesa at\u00e9 agora a favor da dona Dilma Rousseff. No entanto, o PT nunca confiou um cargo importante para ele, que na sua grandeza parece n\u00e3o se importar com isso.<\/p>\n<p>Problema<\/p>\n<p>Continua o problema entre a Volkswagen e o Grupo Prevent. A produ\u00e7\u00e3o no Brasil est\u00e1 parada por falta de pe\u00e7as.<\/p>\n<p>A\u00e7\u00e3o<\/p>\n<p>Se a situa\u00e7\u00e3o estava grave, agora vai piorar. Conv\u00eanio entre GDF e UnB rompido causa greve dos estudantes de medicina. Eles querem continuar os atendimentos nos hospitais da regi\u00e3o leste: Parano\u00e1, S\u00e3o Sebasti\u00e3o e Itapu\u00e3.<\/p>\n<p>Distrital<\/p>\n<p>C\u00e2mara Legislativa recebe representa\u00e7\u00f5es contra distritais citados na CPI da sa\u00fade. Agora cabe ao Minist\u00e9rio P\u00fablico e Pol\u00edcia Civil a firmeza que a popula\u00e7\u00e3o anseia. Enquanto os eleitores n\u00e3o aprendem a votar o papel do Minist\u00e9rio P\u00fablico e Pol\u00edcia Civil dobra de responsabilidade.<\/p>\n<p>Hist\u00f3ria de Bras\u00edlia<\/p>\n<p>Est\u00e1 de p\u00e9, o caso da Prefeitura de Bras\u00edlia. O regime parlamentarista est\u00e1 sendo desvirtuado, porque est\u00e3o fazendo leil\u00e3o de cargos. O que ocorre com Bras\u00edlia \u00e9 simplesmente lament\u00e1vel. (Publicado em 13\/9\/1961)<\/p>\n","protected":false},"excerpt":{"rendered":"<p>DESDE 1960 aricunha@dabr.com.br com Circe Cunha e MAMFIL N\u00e3o \u00e9 de hoje que brasileiros de todas as idades e g\u00eaneros em viagem para o exterior enfrentam os rigores kafquianos das autoridades de imigra\u00e7\u00e3o, principalmente quando o destino \u00e9 para os Estados Unidos, o Canad\u00e1 e a Europa. Vistos pela \u00f3tica burocr\u00e1tica dos departamentos que cuidam [&hellip;]<\/p>\n","protected":false},"author":34,"featured_media":0,"comment_status":"closed","ping_status":"closed","sticky":false,"template":"","format":"standard","meta":{"wpb_read_more":[],"footnotes":""},"categories":[23],"tags":[],"class_list":["post-8110","post","type-post","status-publish","format-standard","hentry","category-integra"],"_links":{"self":[{"href":"https:\/\/blogs2.correiobraziliense.com.br\/aricunha\/wp-json\/wp\/v2\/posts\/8110","targetHints":{"allow":["GET"]}}],"collection":[{"href":"https:\/\/blogs2.correiobraziliense.com.br\/aricunha\/wp-json\/wp\/v2\/posts"}],"about":[{"href":"https:\/\/blogs2.correiobraziliense.com.br\/aricunha\/wp-json\/wp\/v2\/types\/post"}],"author":[{"embeddable":true,"href":"https:\/\/blogs2.correiobraziliense.com.br\/aricunha\/wp-json\/wp\/v2\/users\/34"}],"replies":[{"embeddable":true,"href":"https:\/\/blogs2.correiobraziliense.com.br\/aricunha\/wp-json\/wp\/v2\/comments?post=8110"}],"version-history":[{"count":1,"href":"https:\/\/blogs2.correiobraziliense.com.br\/aricunha\/wp-json\/wp\/v2\/posts\/8110\/revisions"}],"predecessor-version":[{"id":8111,"href":"https:\/\/blogs2.correiobraziliense.com.br\/aricunha\/wp-json\/wp\/v2\/posts\/8110\/revisions\/8111"}],"wp:attachment":[{"href":"https:\/\/blogs2.correiobraziliense.com.br\/aricunha\/wp-json\/wp\/v2\/media?parent=8110"}],"wp:term":[{"taxonomy":"category","embeddable":true,"href":"https:\/\/blogs2.correiobraziliense.com.br\/aricunha\/wp-json\/wp\/v2\/categories?post=8110"},{"taxonomy":"post_tag","embeddable":true,"href":"https:\/\/blogs2.correiobraziliense.com.br\/aricunha\/wp-json\/wp\/v2\/tags?post=8110"}],"curies":[{"name":"wp","href":"https:\/\/api.w.org\/{rel}","templated":true}]}}