{"id":8112,"date":"2016-08-28T04:53:36","date_gmt":"2016-08-28T07:53:36","guid":{"rendered":"https:\/\/blogs2.correiobraziliense.com.br\/aricunha\/?p=8112"},"modified":"2016-08-29T10:07:52","modified_gmt":"2016-08-29T13:07:52","slug":"8112-2","status":"publish","type":"post","link":"https:\/\/blogs2.correiobraziliense.com.br\/aricunha\/8112-2\/","title":{"rendered":"Compasso de espera"},"content":{"rendered":"<p>DESDE 1960<\/p>\n<p>aricunha@dabr.com.br<\/p>\n<p>com Circe Cunha e MAMFIL<\/p>\n<p>Desde que foi iniciado o processo de impeachment da presidente Dilma, o pa\u00eds inteiro entrou numa esp\u00e9cie de compasso de espera. Para uma na\u00e7\u00e3o envolta na maior recess\u00e3o de toda a sua hist\u00f3ria, aguardar de forma passiva o desfecho do julgamento da presidente s\u00f3 tem feito piorar a situa\u00e7\u00e3o econ\u00f4mica de todos, adiando decis\u00f5es importantes e quem sabe, perdendo o time e a oportunidade de serem adotadas corretivas adequadas.<\/p>\n<p>Enquanto o rel\u00f3gio permanece girando, os \u00edndices econ\u00f4micos negativos, alojados hoje no que os economistas j\u00e1 identificam como depress\u00e3o, o chicote do desemprego, segue batendo forte no lombo dos brasileiros. Somente em julho cerca de 9,5 mil vagas simplesmente evaporaram. No ano todo, segundo o Cadastro geral de Empregados e Desempregados (Caged),  j\u00e1 s\u00e3o mais de 623 mil empregos que desapareceram. A revers\u00e3o total desse quadro geral de desempregados, que j\u00e1 ultrapassam os 11 milh\u00f5es de brasileiros, consumir\u00e1 alguns anos de intenso esfor\u00e7o. Mesmo nos redutos tradicionais e ber\u00e7o do petismo, o desemprego nas ind\u00fastrias automobil\u00edsticas \u00e9 alt\u00edssimo.<\/p>\n<p>Enquanto a economia patinar numa taxa de crescimento perto de 1%, os especialistas asseguram que ser\u00e1 imposs\u00edvel a gera\u00e7\u00e3o de postos de trabalho. Em dois anos, o Produto Interno Bruto recuou mais de 7%, sendo praticamente imposs\u00edvel retomar o caminho de volta antes de pelo menos cinco anos. Para o Partido dos Trabalhadores ser apeado do poder pelo o que \u00e9 chamado de conjunto da obra, em que se destaca justamente a destrui\u00e7\u00e3o de milh\u00f5es de postos de empregos, soa quase como veredito derradeiro para a legenda e pode enterrar por muito tempo tamb\u00e9m as pretens\u00f5es pol\u00edticas do grupo.<\/p>\n<p>Nesse sentido, as presen\u00e7as tanto da presidente afastada Dilma Rousseff, quanto do ex-presidente Lula no plen\u00e1rio do Senado, amanh\u00e3, poder\u00e1 conferir \u00e0s etapas finais do julgamento de impeachment um teor hist\u00f3rico dos mais preciosos. Transmitido ao vivo para todo o pa\u00eds e para o mundo, nesse julgamento, quem efetivamente estar\u00e1 sentado no banco dos r\u00e9us ser\u00e1 precisamente aquele que pediu abertamente aos eleitores de todo o pa\u00eds que votassem em sua candidata como se fosse nele pr\u00f3prio. Nas voltas que o mundo deu, o prestidigitador se v\u00ea agora com as cordas de sua pr\u00f3pria marionete presas em volta de seu pesco\u00e7o.<\/p>\n<p>A frase que foi pronunciada<\/p>\n<p>\u201cQuem quer pegar uma galinha n\u00e3o fala X\u00f4!\u201d<br \/>\nSenador Telm\u00e1rio Mota, explicando o PT<\/p>\n<p>Dados<br \/>\nEntre 2012 e 2015, jovens de 13 a 15 anos passaram a buscar profissionais de sa\u00fade 14% com maior frequ\u00eancia. Em parceria com o IBGE, os minist\u00e9rios da Sa\u00fade e da Educa\u00e7\u00e3o atestaram um indicador impressionante. Entre os estudantes do 9\u00ba ano do ensino fundamental, 55,3% buscaram um profissional da sa\u00fade no ano passado.<\/p>\n<p>Indefini\u00e7\u00e3o<br \/>\nPor falar em n\u00fameros, a C\u00e2mara de Com\u00e9rcio Americano (Amcham) divulgou uma enquete, em que ouviu 155 diretores financeiros sobre o atual momento econ\u00f4mico brasileiro, ajuste fiscal e perspectivas. Para 48% dos diretores e dos gestores financeiros, a vota\u00e7\u00e3o do impeachment est\u00e1 atrasando investimentos e decis\u00f5es estrat\u00e9gicas empresariais.<\/p>\n<p>Importante<br \/>\nEnquanto dona Dilma visita o Senado amanh\u00e3,  v\u00e3o participar da audi\u00eancia p\u00fablica sobre o novo regime fiscal e o teto de gastos global da Uni\u00e3o, na C\u00e2mara dos Deputados: Arionaldo Bonfim Rosendo, subsecret\u00e1rio de Planejamento e Or\u00e7amento do Minist\u00e9rio da Sa\u00fade, representando o ministro Ricardo Barros; Mauro Guimar\u00e3es Junqueira, presidente do Conselho Nacional de Secret\u00e1rios Municipais de Sa\u00fade; Alessio Costa Lima, presidente da Uni\u00e3o Nacional dos Dirigentes Municipais de Educa\u00e7\u00e3o; e Bernard Appy, diretor do Centro de Cidadania Fiscal. Anexo II plen\u00e1rio 13.<\/p>\n<p>Noite agrad\u00e1vel<br \/>\nBela a cole\u00e7\u00e3o de artes do advogado Pedro Gordilho. Ele recebeu amigos para a assinatura do cat\u00e1logo das pe\u00e7as expostas em sua resid\u00eancia. A equipe da coluna Visto, lido e ouvido agradece as belas palavras na dedicat\u00f3ria.<\/p>\n<p>Portal<br \/>\nA OAB aproveita o m\u00eas do advogado para preparar um site mais amig\u00e1vel, interativo, educativo e transparente. O mote permanece: \u201cAdvogado valorizado e cidad\u00e3o respeitado.\u201d<\/p>\n<p>Hist\u00f3ria de Bras\u00edlia<\/p>\n<p>A informa\u00e7\u00e3o extraoficial que se tem \u00e9 a de que a Prefeitura ser\u00e1 \u201cdada ao PSD de Goi\u00e1s\u201d. Prefeitura n\u00e3o se d\u00e1, Bras\u00edlia n\u00e3o se concede. Escolha-se um t\u00e9cnico da equipe que a construiu, e seja este, o prefeito.(Publicado em 13\/9\/1961)<\/p>\n","protected":false},"excerpt":{"rendered":"<p>DESDE 1960 aricunha@dabr.com.br com Circe Cunha e MAMFIL Desde que foi iniciado o processo de impeachment da presidente Dilma, o pa\u00eds inteiro entrou numa esp\u00e9cie de compasso de espera. Para uma na\u00e7\u00e3o envolta na maior recess\u00e3o de toda a sua hist\u00f3ria, aguardar de forma passiva o desfecho do julgamento da presidente s\u00f3 tem feito piorar [&hellip;]<\/p>\n","protected":false},"author":34,"featured_media":0,"comment_status":"closed","ping_status":"closed","sticky":false,"template":"","format":"standard","meta":{"wpb_read_more":[],"footnotes":""},"categories":[23],"tags":[],"class_list":["post-8112","post","type-post","status-publish","format-standard","hentry","category-integra"],"_links":{"self":[{"href":"https:\/\/blogs2.correiobraziliense.com.br\/aricunha\/wp-json\/wp\/v2\/posts\/8112","targetHints":{"allow":["GET"]}}],"collection":[{"href":"https:\/\/blogs2.correiobraziliense.com.br\/aricunha\/wp-json\/wp\/v2\/posts"}],"about":[{"href":"https:\/\/blogs2.correiobraziliense.com.br\/aricunha\/wp-json\/wp\/v2\/types\/post"}],"author":[{"embeddable":true,"href":"https:\/\/blogs2.correiobraziliense.com.br\/aricunha\/wp-json\/wp\/v2\/users\/34"}],"replies":[{"embeddable":true,"href":"https:\/\/blogs2.correiobraziliense.com.br\/aricunha\/wp-json\/wp\/v2\/comments?post=8112"}],"version-history":[{"count":3,"href":"https:\/\/blogs2.correiobraziliense.com.br\/aricunha\/wp-json\/wp\/v2\/posts\/8112\/revisions"}],"predecessor-version":[{"id":8115,"href":"https:\/\/blogs2.correiobraziliense.com.br\/aricunha\/wp-json\/wp\/v2\/posts\/8112\/revisions\/8115"}],"wp:attachment":[{"href":"https:\/\/blogs2.correiobraziliense.com.br\/aricunha\/wp-json\/wp\/v2\/media?parent=8112"}],"wp:term":[{"taxonomy":"category","embeddable":true,"href":"https:\/\/blogs2.correiobraziliense.com.br\/aricunha\/wp-json\/wp\/v2\/categories?post=8112"},{"taxonomy":"post_tag","embeddable":true,"href":"https:\/\/blogs2.correiobraziliense.com.br\/aricunha\/wp-json\/wp\/v2\/tags?post=8112"}],"curies":[{"name":"wp","href":"https:\/\/api.w.org\/{rel}","templated":true}]}}