{"id":8116,"date":"2016-08-30T03:44:53","date_gmt":"2016-08-30T06:44:53","guid":{"rendered":"https:\/\/blogs2.correiobraziliense.com.br\/aricunha\/?p=8116"},"modified":"2016-08-30T09:45:38","modified_gmt":"2016-08-30T12:45:38","slug":"dilma-quid-ploras","status":"publish","type":"post","link":"https:\/\/blogs2.correiobraziliense.com.br\/aricunha\/dilma-quid-ploras\/","title":{"rendered":"Dilma, quid ploras?"},"content":{"rendered":"<p>Desde 1960<\/p>\n<p>aricunha@dabr.com.br<\/p>\n<p>com Circe Cunha e MAMFIL<\/p>\n<p>Nem ao menos na hora mais grave para todos e particularmente para ela se ouviu, no discurso derradeiro de Dilma Rousseff perante os senadores, qualquer lampejo de sinceridade, capaz de iluminar a pr\u00f3pria defesa com os tra\u00e7os incontestes da verdade. Com isso, o pronunciamento, em forma de defesa, ficou mais uma vez, na \u00e1gua rasa da propaganda dos pretensos feitos espetaculares do governo.<\/p>\n<p>A verdade n\u00e3o est\u00e1 no texto preparado a muitas m\u00e3os, ela est\u00e1 presente e pode ser encontrada nos fatos detectados pelos cinco sentidos de cada um dos 12 milh\u00f5es de desempregados e dos muitos outros milh\u00f5es de jovens que ainda n\u00e3o entraram nas estat\u00edsticas e seguem sem perspectivas de trabalho.<\/p>\n<p>Os fatos est\u00e3o nas g\u00f4ndolas dos supermercados, onde os pre\u00e7os dos alimentos disparam a cada dia. O julgamento de Dilma pelo Senado \u00e9 muito mais do que um veredito sobre seu governo. Alcan\u00e7a de forma muito mais ampla todo um jeito peculiar de fazer pol\u00edtica e que acabou por levar a pris\u00e3o e a pesadas penas figuras de destaque de seu partido.<\/p>\n<p>A coopta\u00e7\u00e3o de apoio por meio de pagamentos mensais ou o fortalecimento dos cofres de seu partido e de seus apoiadores \u00e9 apenas a ponta vis\u00edvel de uma enorme montanha de outros esc\u00e2ndalos. Ao desaguar no Senado os momentos finais do julgamento da presidente, o que esta alta Corte est\u00e1 fazendo na realidade \u00e9 dando prosseguimento \u00e0 vontade soberana da maioria dos representantes da popula\u00e7\u00e3o com assento na C\u00e2mara dos Deputados.<\/p>\n<p>Por sua vez, fica entendido tamb\u00e9m que o principal motivo que desaguou no processo de impeachment n\u00e3o foi, como querem fazer crer, levado por vingan\u00e7a pessoal do ex-presidente da C\u00e2mara. O catalisador para afastar Dilma foi dado primeiro pelos gigantescos e espont\u00e2neos manifestos de rua, contra o qual n\u00e3o h\u00e1 o que se duvidar. Mas, na origem de todo o processo, que poder\u00e1 levar sua defenestra\u00e7\u00e3o definitiva, est\u00e3o caracter\u00edsticas de sua personalidade irrasc\u00edvel, incompat\u00edveis para o exerc\u00edcio do cargo numa Rep\u00fablica em que os Poderes t\u00eam o dever prec\u00edpuo de se entender e de bem se relacionar.<\/p>\n<p>Pelo que se tem visto at\u00e9 aqui, a escolha antinatural de Dilma para suceder Lula, com base apenas nos \u00edndices de popularidade de seu antecessor, se mostrou um desastre de grandes propor\u00e7\u00f5es e que nunca mais deve ser repetido. Nem mesmo nesta hora grave seu partido teve o ju\u00edzo de se recolher constrangido diante da sucess\u00e3o de erros. Preferiu transformar o momento triste em material para um document\u00e1rio feito sob medida e que trar\u00e1 a vis\u00e3o obtusa dessa legenda sobre esse epis\u00f3dio. Por que choras, Dilma? Para aparecer bem na fita, diz seu \u00edntimo.<\/p>\n<p>A frase que foi pronunciada<\/p>\n<p>\u201c \u2013 Como \u00e9 que o Jornal do Senado publicou uma foto da presidente Dilma no plen\u00e1rio antes que ela chegasse ao Senado?<\/p>\n<p>\u2013 Seu bobo! Ela usou a mesma roupa no dia 2 de fevereiro, dia em que a foto foi tirada. Por isso parece que a foto \u00e9 de hoje!\u201d<\/p>\n<p>Conversa amena ontem entre funcion\u00e1rios da Casa na chegada da dona Dilma<\/p>\n<p>Opini\u00e3o<\/p>\n<p>Nosso leitor conta que em 2011 viajou para o Canad\u00e1 e foi tratado no aeroporto de Toronto como suspeito de ser bandido da m\u00e1fia italiana ou terrorista palestino. Logo depois, foi liberado. A filha, canadense, filha de canadense, depois de passar 20 dias no Brasil, foi detida no aeroporto de Nova York e perdeu o avi\u00e3o para Montreal. \u201cEm verdade, as autoridades desses pa\u00edses \u2018civilizados\u2019 s\u00e3o muito arrogantes e trabalham sob estresse\u201d comenta o depois de ler a coluna intitulada \u201cHora de descer do p\u00f3dio\u201d.<\/p>\n<p>Transporte<\/p>\n<p>Outra carta de leitor devidamente identificado que prefere que o nome n\u00e3o apare\u00e7a na coluna d\u00e1 a sugest\u00e3o ao governo Rollemberg de estimular duas empresas diferentes para as linhas do transporte p\u00fablico de Bras\u00edlia. Acredita ele que s\u00f3 assim a qualidade poderia melhorar.<\/p>\n<p>Leitura<\/p>\n<p>Hoje, \u00e0s 19h, no Carpe Diem, na CLS 104, lan\u00e7amento do livro de Rubi Germano Rodrigues \u2013 A Teoria dos Princ\u00edpios&#8230;.de Plat\u00e3o.<\/p>\n<p>Autonomia<\/p>\n<p>Nada escapa aos Antagonistas. O site mostrou que Jos\u00e9 Eduardo Cardoso ajudava dona Dilma nas quest\u00f5es colocadas onde ela deveria responder por opini\u00e3o pr\u00f3pria. Hoje, o portal publicou que depois da acusa\u00e7\u00e3o acabou a cola<\/p>\n<p>Hist\u00f3ria de Bras\u00edlia<\/p>\n<p>O fato de ser do PSD ou de ser de Goi\u00e1s n\u00e3o implica na import\u00e2ncia do partido ou do Estado. S\u00e3o valiosos, mas dentro dos seus quadros, dentro de suas fun\u00e7\u00f5es. Uma coisa \u00e9 PSD, outra coisa \u00e9 Goi\u00e1s, e outra coisa muito diferente \u00e9 Bras\u00edlia.(Publicado em 13\/09\/1961)<\/p>\n","protected":false},"excerpt":{"rendered":"<p>Desde 1960 aricunha@dabr.com.br com Circe Cunha e MAMFIL Nem ao menos na hora mais grave para todos e particularmente para ela se ouviu, no discurso derradeiro de Dilma Rousseff perante os senadores, qualquer lampejo de sinceridade, capaz de iluminar a pr\u00f3pria defesa com os tra\u00e7os incontestes da verdade. Com isso, o pronunciamento, em forma de [&hellip;]<\/p>\n","protected":false},"author":34,"featured_media":0,"comment_status":"closed","ping_status":"closed","sticky":false,"template":"","format":"standard","meta":{"wpb_read_more":[],"footnotes":""},"categories":[23],"tags":[],"class_list":["post-8116","post","type-post","status-publish","format-standard","hentry","category-integra"],"_links":{"self":[{"href":"https:\/\/blogs2.correiobraziliense.com.br\/aricunha\/wp-json\/wp\/v2\/posts\/8116","targetHints":{"allow":["GET"]}}],"collection":[{"href":"https:\/\/blogs2.correiobraziliense.com.br\/aricunha\/wp-json\/wp\/v2\/posts"}],"about":[{"href":"https:\/\/blogs2.correiobraziliense.com.br\/aricunha\/wp-json\/wp\/v2\/types\/post"}],"author":[{"embeddable":true,"href":"https:\/\/blogs2.correiobraziliense.com.br\/aricunha\/wp-json\/wp\/v2\/users\/34"}],"replies":[{"embeddable":true,"href":"https:\/\/blogs2.correiobraziliense.com.br\/aricunha\/wp-json\/wp\/v2\/comments?post=8116"}],"version-history":[{"count":1,"href":"https:\/\/blogs2.correiobraziliense.com.br\/aricunha\/wp-json\/wp\/v2\/posts\/8116\/revisions"}],"predecessor-version":[{"id":8117,"href":"https:\/\/blogs2.correiobraziliense.com.br\/aricunha\/wp-json\/wp\/v2\/posts\/8116\/revisions\/8117"}],"wp:attachment":[{"href":"https:\/\/blogs2.correiobraziliense.com.br\/aricunha\/wp-json\/wp\/v2\/media?parent=8116"}],"wp:term":[{"taxonomy":"category","embeddable":true,"href":"https:\/\/blogs2.correiobraziliense.com.br\/aricunha\/wp-json\/wp\/v2\/categories?post=8116"},{"taxonomy":"post_tag","embeddable":true,"href":"https:\/\/blogs2.correiobraziliense.com.br\/aricunha\/wp-json\/wp\/v2\/tags?post=8116"}],"curies":[{"name":"wp","href":"https:\/\/api.w.org\/{rel}","templated":true}]}}