{"id":8123,"date":"2016-09-01T01:49:17","date_gmt":"2016-09-01T04:49:17","guid":{"rendered":"https:\/\/blogs2.correiobraziliense.com.br\/aricunha\/?p=8123"},"modified":"2016-09-06T05:45:31","modified_gmt":"2016-09-06T08:45:31","slug":"as-enrolacoes-na-historia-brasileira","status":"publish","type":"post","link":"https:\/\/blogs2.correiobraziliense.com.br\/aricunha\/as-enrolacoes-na-historia-brasileira\/","title":{"rendered":"As enrola\u00e7\u00f5es  na hist\u00f3ria brasileira"},"content":{"rendered":"<p>DESDE 1960<\/p>\n<p>aricunha@dabr.com.br com Circe Cunha e MAMFIL<\/p>\n<p>Nesses dias \u00e1rduos para a na\u00e7\u00e3o, muitos senadores, principalmente aqueles que buscam aconchego na esquerda, t\u00eam feito apelos alarmistas aos seus colegas sobre os perigos que uma decis\u00e3o em favor do impeachment da presidente Dilma trar\u00e1 para suas biografias. Esses parlamentares v\u00eam brandindo o alerta para a possibilidade de o tribunal da hist\u00f3ria vir a julgar e condenar no futuro todos aqueles que querem hoje a destitui\u00e7\u00e3o da presidente.<\/p>\n<p>Obviamente, repetem mais uma narrativa que tentam recolocar em trilhos tortos aquilo que muitos pensadores chamam de trem da hist\u00f3ria. Fica f\u00e1cil perceber que, neste caso, quem n\u00e3o saltou do referido trem antes da chegada \u00e0s esta\u00e7\u00f5es mensal\u00e3o e petrol\u00e3o correu o s\u00e9rio risco de se transformar em c\u00famplice e vir a sentar tamb\u00e9m no banco dos r\u00e9us, quando o tribunal da hist\u00f3ria for instalado e come\u00e7ar a proferir seu julgamento tardio e derradeiro.<\/p>\n<p>Esse jogo de palavras serve, n\u00e3o s\u00f3 para amparar e dar racionalidade \u00e0 narrativa daqueles que querem a manuten\u00e7\u00e3o do status quo. A tentativa de buscar enquadrar em met\u00e1foras a situa\u00e7\u00e3o real de um pa\u00eds levado \u00e0s cordas da depress\u00e3o econ\u00f4mica serve apenas \u00e0s fantasias do jogo vazio de palavras. Ainda assim, \u00e9 poss\u00edvel trazer de volta a express\u00e3o lata de lixo da hist\u00f3ria para definir o que muitos acreditam ser uma d\u00e9cada definitivamente perdida pelos brasileiros.<\/p>\n<p>Com a confirma\u00e7\u00e3o agora do impeachment da presidente por 61 votos, contra 20, fica patente que a maioria daqueles onde o papel de representantes da na\u00e7\u00e3o foi confiado, n\u00e3o se deixaram intimidar por express\u00f5es fortes da l\u00edngua e cravaram no presente o voto que p\u00f5e um ponto final na narrativa surreal que empurrava o pa\u00eds de volta aos anos 1960.<\/p>\n<p>Certo. Quando se fala em pol\u00edtica, a d\u00favida est\u00e1 sempre presente. Pode, sim, ter havido um acord\u00e3o para cutucar a Constitui\u00e7\u00e3o Federal. Um lado diz que n\u00e3o houve improbidade, mas aceitou o impeachment, e  outro disse que havia sim provas contundentes sobre a improbidade, mas aceitou que a dona Dilma n\u00e3o perdesse os direitos pol\u00edticos.<\/p>\n<p>N\u00e3o h\u00e1 a mesma ret\u00f3rica que pregava a import\u00e2ncia de ungir com o poder os chamados condutores da hist\u00f3ria, como as \u00fanicas pessoas dotadas de luz e capazes de conduzir toda uma na\u00e7\u00e3o ao bom caminho ou seja, no rumo tra\u00e7ado pela onisci\u00eancia do grande guia. Trata-se de fantasiosa cria\u00e7\u00e3o que a pr\u00f3pria hist\u00f3ria dos povos, em todo tempo e lugar cuidou de desmentir com exemplos fartos. Met\u00e1foras em hist\u00f3ria servem apenas as fantasias e as alucina\u00e7\u00f5es daqueles que acreditam ser poss\u00edvel reger a marcha evolutiva da esp\u00e9cie humana, como se fossem pastores pajeando um simples rebanho de ovelhas.<\/p>\n<p>A frase que n\u00e3o foi pronunciada<\/p>\n<p>\u201cQue as mentiras alheias n\u00e3o confundam as nossas verdades.\u201d<\/p>\n<p>Caio Fernando Abreu, jornalista<\/p>\n<p>Raridade<\/p>\n<p>Lendo o artigo \u201cO trip\u00e9 b\u00e1sico do atendimento de excel\u00eancia\u201d, de Erik Penna, \u00e9 poss\u00edvel ver como o nosso com\u00e9rcio est\u00e1 longe do potencial aceit\u00e1vel. Olhos nos olhos, sorriso e alegria ao atender s\u00e3o as primeiras dicas para o contato com o consumidor.<\/p>\n<p>Anatel<\/p>\n<p>Insuport\u00e1vel a invas\u00e3o de privacidade sistem\u00e1tica da operadora Claro. Uma liga\u00e7\u00e3o aparentemente normal at\u00e9 ser atendida. Ouve-se uma grava\u00e7\u00e3o comercial vendendo produtos e ofertas. Um abuso inaceit\u00e1vel.<\/p>\n<p>Introdu\u00e7\u00e3o<\/p>\n<p>Uma maldade o que a m\u00e9dica do Hospital do Gama fez com a dona Maria Vidal. A m\u00e9dica a aconselhou a fazer o exame com urg\u00eancia e atenderia depois para ver o resultado. Como essa possibilidade \u00e9 remota em um hospital p\u00fablico, a fam\u00edlia se uniu para poder pagar mais de R$ 400 pelo exame.<\/p>\n<p>Desenvolvimento<\/p>\n<p>Felizes por terem seguido o conselho da doutora, levaram o exame para a an\u00e1lise, conforme o prometido. A resposta da profissional da sa\u00fade foi: \u201cAqui n\u00e3o h\u00e1 encaixe. Consulta s\u00f3 daqui a um m\u00eas. Se eu disse que atenderia, n\u00e3o me lembro. \u00c9 a sua palavra contra a minha\u201d. Dona Maria, com mais de 70 anos de idade, n\u00e3o l\u00ea, n\u00e3o escreve. Est\u00e1 apavorada.<\/p>\n<p>Conclus\u00e3o<\/p>\n<p>\u201cSe eu cumprir este juramento com fidelidade, que me seja dado gozar felizmente da vida e da minha profiss\u00e3o, honrado para sempre entre os homens; se eu dele me afastar ou infringir, o contr\u00e1rio aconte\u00e7a.\u201d S\u00f3 para lembrar a profissional novinha e arrogante o que ela jurou quando escolheu a profiss\u00e3o.<\/p>\n<p>Hist\u00f3ria de Bras\u00edlia<\/p>\n<p>Um t\u00e9cnico vale tanto, que vejam o caso da Pol\u00edcia. O sr. J\u00e2nio Quadros trouxe para Bras\u00edlia o cel. Jaime Santos. Hoje, maior n\u00famero detesta o sr. J\u00e2nio Quadros, e maior n\u00famero admira o cel. Jaime Santos, pelo seu trabalho bem feito e bem orientado. T\u00e9cnico \u00e9 assim: fica. O pol\u00edtico \u00e9 assim: passa. (Publicado em 13\/9\/1961)<\/p>\n","protected":false},"excerpt":{"rendered":"<p>DESDE 1960 aricunha@dabr.com.br com Circe Cunha e MAMFIL Nesses dias \u00e1rduos para a na\u00e7\u00e3o, muitos senadores, principalmente aqueles que buscam aconchego na esquerda, t\u00eam feito apelos alarmistas aos seus colegas sobre os perigos que uma decis\u00e3o em favor do impeachment da presidente Dilma trar\u00e1 para suas biografias. Esses parlamentares v\u00eam brandindo o alerta para a [&hellip;]<\/p>\n","protected":false},"author":34,"featured_media":0,"comment_status":"closed","ping_status":"closed","sticky":false,"template":"","format":"standard","meta":{"wpb_read_more":[],"footnotes":""},"categories":[23],"tags":[],"class_list":["post-8123","post","type-post","status-publish","format-standard","hentry","category-integra"],"_links":{"self":[{"href":"https:\/\/blogs2.correiobraziliense.com.br\/aricunha\/wp-json\/wp\/v2\/posts\/8123","targetHints":{"allow":["GET"]}}],"collection":[{"href":"https:\/\/blogs2.correiobraziliense.com.br\/aricunha\/wp-json\/wp\/v2\/posts"}],"about":[{"href":"https:\/\/blogs2.correiobraziliense.com.br\/aricunha\/wp-json\/wp\/v2\/types\/post"}],"author":[{"embeddable":true,"href":"https:\/\/blogs2.correiobraziliense.com.br\/aricunha\/wp-json\/wp\/v2\/users\/34"}],"replies":[{"embeddable":true,"href":"https:\/\/blogs2.correiobraziliense.com.br\/aricunha\/wp-json\/wp\/v2\/comments?post=8123"}],"version-history":[{"count":2,"href":"https:\/\/blogs2.correiobraziliense.com.br\/aricunha\/wp-json\/wp\/v2\/posts\/8123\/revisions"}],"predecessor-version":[{"id":8130,"href":"https:\/\/blogs2.correiobraziliense.com.br\/aricunha\/wp-json\/wp\/v2\/posts\/8123\/revisions\/8130"}],"wp:attachment":[{"href":"https:\/\/blogs2.correiobraziliense.com.br\/aricunha\/wp-json\/wp\/v2\/media?parent=8123"}],"wp:term":[{"taxonomy":"category","embeddable":true,"href":"https:\/\/blogs2.correiobraziliense.com.br\/aricunha\/wp-json\/wp\/v2\/categories?post=8123"},{"taxonomy":"post_tag","embeddable":true,"href":"https:\/\/blogs2.correiobraziliense.com.br\/aricunha\/wp-json\/wp\/v2\/tags?post=8123"}],"curies":[{"name":"wp","href":"https:\/\/api.w.org\/{rel}","templated":true}]}}