{"id":8244,"date":"2016-10-20T04:55:05","date_gmt":"2016-10-20T06:55:05","guid":{"rendered":"https:\/\/blogs2.correiobraziliense.com.br\/aricunha\/?p=8244"},"modified":"2016-10-20T06:26:08","modified_gmt":"2016-10-20T08:26:08","slug":"populacao-gdf-versus-grevistas","status":"publish","type":"post","link":"https:\/\/blogs2.correiobraziliense.com.br\/aricunha\/populacao-gdf-versus-grevistas\/","title":{"rendered":"Popula\u00e7\u00e3o &amp; GDF versus grevistas?"},"content":{"rendered":"<p>DESDE 1960 \u00bb<\/p>\n<p>aricunha@dabr.com.br<\/p>\n<p>com Circe Cunha e MAMFIL<\/p>\n<p>Colocado em meio ao fogo cruzado entre o Executivo, Legislativo e sindicatos, os brasilienses assistem aturdidos \u00e0 queda de bra\u00e7o entre as institui\u00e7\u00f5es enquanto penam por atendimento digno em portas de hospitais, pol\u00edcia, Detran, escolas e outras reparti\u00e7\u00f5es p\u00fablicas. Contrariadas com a decis\u00e3o do governo em n\u00e3o pagar os reajustes salariais, aprovados ainda na gest\u00e3o passada, diversas categorias do funcionalismo local v\u00eam prometendo acirrar o movimento de greves e at\u00e9 j\u00e1 deram um prazo para o GDF responder \u00e0s reivindica\u00e7\u00f5es: 26 de outubro. Em resposta o governo baixou, em edi\u00e7\u00e3o extra do Di\u00e1rio Oficial do DF, o Decreto n\u00ba 37.692, que, entre outras medidas, endurece com os servidores grevistas. Assim que foi publicado, o decreto foi prontamente submetido \u00e0 C\u00e2mara Legislativa que, por 17 votos favor\u00e1veis e nenhum contr\u00e1rio,  derrubou  a norma para o aplauso dos presentes nas galerias.<\/p>\n<p>Em meio \u00e0 crise sem precedentes, com os cofres vazios e uma d\u00edvida astron\u00f4mica, o GDF est\u00e1 literalmente de m\u00e3os atadas. Mesmo as negocia\u00e7\u00f5es pretendidas com cada categoria individualmente ficaram prejudicadas ante a perspectiva da falta cr\u00f4nica de recursos. Cientes dessa fragilidade moment\u00e2nea do GDF, os sindicatos armaram a estrat\u00e9gia de organizar o Movimento Unificado de Defesa do Servi\u00e7o P\u00fablico para somar for\u00e7as e pressionar o Executivo. Olhando de longe, tudo parece dentro da normalidade de um Estado democr\u00e1tico de direito.<\/p>\n<p>O governo defende o or\u00e7amento curto, os sindicatos pressionam e a CL faz o habitual jogo pol\u00edtico, que consiste em atender a quem mais pressiona. S\u00f3 que, nessas disputas, o principal elemento que deveria ser observado, que \u00e9 o contribuinte, foi deixado de lado. Fosse submetido \u00e0 aprecia\u00e7\u00e3o da popula\u00e7\u00e3o, que rala muito para pagar os altos impostos e tributos na capital, o Decreto n\u00ba 37.692, que nada mais faz do que obedecer ao que diz a Lei Geral de Greves, acordada inclusive pelo pr\u00f3prio Supremo Tribunal Federal, (STF), seria amplamente aprovado.<\/p>\n<p>\u00c9 bom que se diga ainda que todos aqueles distritais que est\u00e3o sob investiga\u00e7\u00e3o da Justi\u00e7a e que votaram contra o decreto, j\u00e1 perderam, perante a opini\u00e3o p\u00fablica, qualquer possibilidade de represent\u00e1-los. \u00c9 bom ainda que o governador seja firme em sua posi\u00e7\u00e3o, exer\u00e7a sua autoridade, num momento t\u00e3o delicado, e n\u00e3o se deixe intimidar por parlamentares oportunistas e boquirrotos, grevistas irrespons\u00e1veis, sindicatos pelegos e toda uma esquerda fajuta que a popula\u00e7\u00e3o j\u00e1 demonstrou, nas \u00faltimas elei\u00e7\u00f5es, que quer ver bem longe.<\/p>\n<p>A frase que foi pronunciada<\/p>\n<p>&#8220;No exerc\u00edcio do poder, sou um cidad\u00e3o multinacional. Multi-ideol\u00f3gico.&#8221;<\/p>\n<p>Luiz In\u00e1cio Lula da Silva<\/p>\n<p>Poda<\/p>\n<p>\u00bb Caiu por terra a cria\u00e7\u00e3o de uma se\u00e7\u00e3o de ci\u00eancias agr\u00e1rias composta por cientistas que faria os pareceres sobre a viabilidade, ou n\u00e3o,  do manejo de transg\u00eanicos e agrot\u00f3xicos com an\u00e1lises desde a legalidade at\u00e9 a seguran\u00e7a alimentar. Quem trata do assunto tem jogo de cintura na pol\u00edtica, mas sem envolvimento com pesquisa acad\u00eamica ou trabalho cient\u00edfico.<\/p>\n<p>Galhos<\/p>\n<p>\u00bb Talvez seja o momento de o presidente Temer e equipe fazerem uma auditoria s\u00e9ria no Minist\u00e9rio da Ci\u00eancia e Tecnologia vendo mais de perto como eram encaminhados ou aprovados os trabalhos e projetos.<\/p>\n<p>Quebrados<\/p>\n<p>\u00bb Interessante \u00e9 o trabalho de ativistas de ONGs norte-americanas. S\u00e3o organizadas para o combate ferrenho aos cientistas mundiais militantes contra a Monsanto, ou contra transg\u00eanicos.<\/p>\n<p>Estrat\u00e9gia<\/p>\n<p>\u00bb Outra abordagem curiosa sobre a Monsanto \u00e9 a rela\u00e7\u00e3o pr\u00f3xima de parlamentares. Minist\u00e9rio da Ci\u00eancia e da Agricultura faziam parte da estrat\u00e9gia lobista. Basta ver os casos de ass\u00e9dio moral na Embrapa, denunciados em audi\u00eancia p\u00fablica no Senado, sob o comando do senador Paim.<\/p>\n<p>Sol<\/p>\n<p>\u00bb Tem muita gente aguardando o Minist\u00e9rio P\u00fablico agir. Acredita em mais um cap\u00edtulo da novela Brasil em tempos de Lava-Jato. A Odebrecht perderia de longe em termos de valores aplicados.<\/p>\n<p>Algod\u00e3o<\/p>\n<p>\u00bb O caso do algod\u00e3o transg\u00eanico foi relatado pela Embrapa. Ao entregar ao presidente Lula, o diretor da empresa brasileira foi demitido.<\/p>\n<p>Mudan\u00e7a<\/p>\n<p>\u00bb Davi e Golias n\u00e3o \u00e9 uma hist\u00f3ria para os tempos modernos. A comunica\u00e7\u00e3o por m\u00eddias sociais ultrapassa o poderio econ\u00f4mico. Davi que seria o mais fraco, unido a milh\u00f5es de outros Davis, \u00e9 capaz de imprimir novos conceitos s\u00f3cios pol\u00edticos para o futuro.<\/p>\n<p>Hist\u00f3ria de Bras\u00edlia<\/p>\n<p>A ren\u00fancia do sr. J\u00e2nio Quadros ainda \u00e9 segredo, \u00e9 mist\u00e9rio, para todo o pa\u00eds, que j\u00e1 devia saber o que de fato aconteceu na amanh\u00e3 do dia 25 de agosto. (Publicado em 16\/9\/1961)<\/p>\n","protected":false},"excerpt":{"rendered":"<p>DESDE 1960 \u00bb aricunha@dabr.com.br com Circe Cunha e MAMFIL Colocado em meio ao fogo cruzado entre o Executivo, Legislativo e sindicatos, os brasilienses assistem aturdidos \u00e0 queda de bra\u00e7o entre as institui\u00e7\u00f5es enquanto penam por atendimento digno em portas de hospitais, pol\u00edcia, Detran, escolas e outras reparti\u00e7\u00f5es p\u00fablicas. Contrariadas com a decis\u00e3o do governo em [&hellip;]<\/p>\n","protected":false},"author":34,"featured_media":0,"comment_status":"closed","ping_status":"closed","sticky":false,"template":"","format":"standard","meta":{"wpb_read_more":[],"footnotes":""},"categories":[23],"tags":[],"class_list":["post-8244","post","type-post","status-publish","format-standard","hentry","category-integra"],"_links":{"self":[{"href":"https:\/\/blogs2.correiobraziliense.com.br\/aricunha\/wp-json\/wp\/v2\/posts\/8244","targetHints":{"allow":["GET"]}}],"collection":[{"href":"https:\/\/blogs2.correiobraziliense.com.br\/aricunha\/wp-json\/wp\/v2\/posts"}],"about":[{"href":"https:\/\/blogs2.correiobraziliense.com.br\/aricunha\/wp-json\/wp\/v2\/types\/post"}],"author":[{"embeddable":true,"href":"https:\/\/blogs2.correiobraziliense.com.br\/aricunha\/wp-json\/wp\/v2\/users\/34"}],"replies":[{"embeddable":true,"href":"https:\/\/blogs2.correiobraziliense.com.br\/aricunha\/wp-json\/wp\/v2\/comments?post=8244"}],"version-history":[{"count":1,"href":"https:\/\/blogs2.correiobraziliense.com.br\/aricunha\/wp-json\/wp\/v2\/posts\/8244\/revisions"}],"predecessor-version":[{"id":8245,"href":"https:\/\/blogs2.correiobraziliense.com.br\/aricunha\/wp-json\/wp\/v2\/posts\/8244\/revisions\/8245"}],"wp:attachment":[{"href":"https:\/\/blogs2.correiobraziliense.com.br\/aricunha\/wp-json\/wp\/v2\/media?parent=8244"}],"wp:term":[{"taxonomy":"category","embeddable":true,"href":"https:\/\/blogs2.correiobraziliense.com.br\/aricunha\/wp-json\/wp\/v2\/categories?post=8244"},{"taxonomy":"post_tag","embeddable":true,"href":"https:\/\/blogs2.correiobraziliense.com.br\/aricunha\/wp-json\/wp\/v2\/tags?post=8244"}],"curies":[{"name":"wp","href":"https:\/\/api.w.org\/{rel}","templated":true}]}}