{"id":8248,"date":"2016-10-21T00:45:57","date_gmt":"2016-10-21T02:45:57","guid":{"rendered":"https:\/\/blogs2.correiobraziliense.com.br\/aricunha\/?p=8248"},"modified":"2016-11-07T10:47:29","modified_gmt":"2016-11-07T12:47:29","slug":"8248-2","status":"publish","type":"post","link":"https:\/\/blogs2.correiobraziliense.com.br\/aricunha\/8248-2\/","title":{"rendered":"Reforma pol\u00edtica veio a reboque da a\u00e7\u00e3o policial"},"content":{"rendered":"<p>DESDE 1960 \u00bb<\/p>\n<p>aricunha@dabr.com.br<\/p>\n<p>com Circe Cunha com MAMFIL<\/p>\n<p>Opera\u00e7\u00f5es comandadas pela Pol\u00edcia Federal a mando do Minist\u00e9rio P\u00fablico promovem lentamente, em todo o pa\u00eds, um processo de limpeza do Estado, necess\u00e1rio e adiado por s\u00e9culos. Essas provid\u00eancias preliminares e de arruma\u00e7\u00e3o compuls\u00f3ria dos bastidores da pol\u00edtica representam, no entanto, uma primeira fase no urgente reordenamento da Rep\u00fablica, de forma a torn\u00e1-la aquilo que ela prop\u00f5e: a igualdade de todos perante as leis.<\/p>\n<p>Por longos anos, cristalizou-se no Brasil a ideia de que os caminhos da pol\u00edtica representavam um atalho mais curto e seguro para o enriquecimento pessoal, n\u00e3o apenas dos pol\u00edticos, mas de todos que se associavam a essa jornada marota. A alian\u00e7a estabelecida entre os grandes empres\u00e1rios e as principais lideran\u00e7as pol\u00edticas do pa\u00eds sempre rendeu para ambos a perpetua\u00e7\u00e3o deles no controle da m\u00e1quina p\u00fablica. Era o Estado posto a servi\u00e7o exclusivo dos fidalgos.<\/p>\n<p>O tempo cuidava das sucess\u00f5es heredit\u00e1rias na pol\u00edtica e nas empresas. Iam os pais e vinham os filhos no controle das empresas e nos neg\u00f3cios do Estado. O apoderamento do Estado pelos eleitos e pelos eleitos dos eleitos veio, assim, como uma esp\u00e9cie de desdobramento natural da antiga pol\u00edtica do caf\u00e9 com leite da Velha Rep\u00fablica. Nessa aritm\u00e9tica em que o empres\u00e1rio financia a chegada do pol\u00edtico ao controle da m\u00e1quina do Estado e, em paga, tem os cofres p\u00fablicos arreganhados \u00e0s empresas benfeitoras, o resultado da soma era zero para o cidad\u00e3o, do qual era retirada at\u00e9 mesmo a cidadania.<\/p>\n<p>Com a quebra desse c\u00edrculo perverso, talvez, a maior mudan\u00e7a de rumos j\u00e1 experimentada pelo pa\u00eds seja as novas luzes no horizonte. Nem mesmo a reforma pol\u00edtica seria capaz de romper esse duradouro cord\u00e3o umbilical. Ainda assim, uma vez eliminado esse verdadeiro custo Brasil, pela a\u00e7\u00e3o saneadora da pol\u00edcia, resta uma segunda etapa, representada pela reforma pol\u00edtica, propriamente dita, para que o conluio secular entre endinheirados e eleitos n\u00e3o volte a acontecer, lembrando que a responsabilidade maior recai em quem vota.<\/p>\n<p>Retirada a possibilidade do poder da grana de determinar quem comandar\u00e1 as manivelas da m\u00e1quina p\u00fablica, e , ao mesmo tempo, eliminando-se institutos como a prerrogativa de foro, ficam abertas as portas que permitir\u00e3o, em breve, a t\u00e3o sonhada entrada do pa\u00eds no seleto clube dos pa\u00edses desenvolvidos.<\/p>\n<p>A frase que n\u00e3o foi pronunciada<\/p>\n<p>&#8220;Tchau, querida, sim, querida&#8230; Pelo menos no servi\u00e7o p\u00fablico federal a palavra \u2018querida\u2019 mudou de sentido em 2016. Cuidado com esse tratamento!&#8221;<\/p>\n<p>Natal<\/p>\n<p>Bom sinal<\/p>\n<p>\u00bb Algumas cartinhas ao Papai Noel dos Correios chamaram a aten\u00e7\u00e3o. Uma crian\u00e7a pediu um casaco de frio para a av\u00f3, e outra queria ganhar l\u00e1pis e borracha para poder estudar. A campanha come\u00e7a oficialmente em novembro. Simp\u00e1tico o release informando a imprensa sobre o assunto. Ao contr\u00e1rio do que pede a regra das not\u00edcias, nenhum nome de respons\u00e1vel por essa campanha \u00e9 expl\u00edcito.<\/p>\n<p>No ParkShopping<\/p>\n<p>\u00bb Trocam-se 10cm de cabelos por 5 sess\u00f5es de depila\u00e7\u00e3o a laser. \u00c9 mais ou menos assim a promo\u00e7\u00e3o das irm\u00e3s \u00c9rika Rosa e Kirla Amado. Essa foi a maneira encontrada para colaborar com o Outubro Rosa. At\u00e9 o dia 31, os interessados dever\u00e3o procurar Alexandre Viana, que \u00e9 quem cortar\u00e1 as madeixas, e a Rede Feminina de Combate ao C\u00e2ncer.<\/p>\n<p>Crian\u00e7as<\/p>\n<p>\u00bb Bia, filha de Ver\u00f4nica Carri\u00e7o pergunta para o pai. \u201cPai, n\u00e9 que quem morre na rua vira quebra-mola?\u201d Ana Luiza, filha de Adriana S\u00e1, ficava incomodada com a barba do pai. Quando finalmente ele avisou que iria fazer a barba, a pequena retrucou. \u201cAh pai, n\u00e3o faz n\u00e3o. Tira!\u201d<\/p>\n<p>Conciliadores<\/p>\n<p>\u00bb Est\u00e3o de parab\u00e9ns os bons brasileiros que dedicam, graciosamente, conhecimento e tempo para prestar um servi\u00e7o inestim\u00e1vel \u00e0 Justi\u00e7a: os conciliadores. S\u00e3o os volunt\u00e1rios mais poderosos do pa\u00eds. Com o curso de capacita\u00e7\u00e3o feito, s\u00e3o eles os respons\u00e1veis por desafogar os tribunais.<\/p>\n<p>Hist\u00f3ria de Bras\u00edlia<\/p>\n<p>Como, entretanto, ningu\u00e9m sabe o que realmente aconteceu, o que determinou o gesto extremo do presidente da Rep\u00fablica, aqui est\u00e3o algumas conjecturas feitas pelo povo, de modo geral.(Publicado em 16\/9\/1961)<\/p>\n","protected":false},"excerpt":{"rendered":"<p>DESDE 1960 \u00bb aricunha@dabr.com.br com Circe Cunha com MAMFIL Opera\u00e7\u00f5es comandadas pela Pol\u00edcia Federal a mando do Minist\u00e9rio P\u00fablico promovem lentamente, em todo o pa\u00eds, um processo de limpeza do Estado, necess\u00e1rio e adiado por s\u00e9culos. Essas provid\u00eancias preliminares e de arruma\u00e7\u00e3o compuls\u00f3ria dos bastidores da pol\u00edtica representam, no entanto, uma primeira fase no urgente [&hellip;]<\/p>\n","protected":false},"author":34,"featured_media":0,"comment_status":"closed","ping_status":"closed","sticky":false,"template":"","format":"standard","meta":{"wpb_read_more":[],"footnotes":""},"categories":[23],"tags":[],"class_list":["post-8248","post","type-post","status-publish","format-standard","hentry","category-integra"],"_links":{"self":[{"href":"https:\/\/blogs2.correiobraziliense.com.br\/aricunha\/wp-json\/wp\/v2\/posts\/8248","targetHints":{"allow":["GET"]}}],"collection":[{"href":"https:\/\/blogs2.correiobraziliense.com.br\/aricunha\/wp-json\/wp\/v2\/posts"}],"about":[{"href":"https:\/\/blogs2.correiobraziliense.com.br\/aricunha\/wp-json\/wp\/v2\/types\/post"}],"author":[{"embeddable":true,"href":"https:\/\/blogs2.correiobraziliense.com.br\/aricunha\/wp-json\/wp\/v2\/users\/34"}],"replies":[{"embeddable":true,"href":"https:\/\/blogs2.correiobraziliense.com.br\/aricunha\/wp-json\/wp\/v2\/comments?post=8248"}],"version-history":[{"count":2,"href":"https:\/\/blogs2.correiobraziliense.com.br\/aricunha\/wp-json\/wp\/v2\/posts\/8248\/revisions"}],"predecessor-version":[{"id":8251,"href":"https:\/\/blogs2.correiobraziliense.com.br\/aricunha\/wp-json\/wp\/v2\/posts\/8248\/revisions\/8251"}],"wp:attachment":[{"href":"https:\/\/blogs2.correiobraziliense.com.br\/aricunha\/wp-json\/wp\/v2\/media?parent=8248"}],"wp:term":[{"taxonomy":"category","embeddable":true,"href":"https:\/\/blogs2.correiobraziliense.com.br\/aricunha\/wp-json\/wp\/v2\/categories?post=8248"},{"taxonomy":"post_tag","embeddable":true,"href":"https:\/\/blogs2.correiobraziliense.com.br\/aricunha\/wp-json\/wp\/v2\/tags?post=8248"}],"curies":[{"name":"wp","href":"https:\/\/api.w.org\/{rel}","templated":true}]}}