{"id":8252,"date":"2016-10-22T01:48:00","date_gmt":"2016-10-22T03:48:00","guid":{"rendered":"https:\/\/blogs2.correiobraziliense.com.br\/aricunha\/?p=8252"},"modified":"2016-11-07T10:48:51","modified_gmt":"2016-11-07T12:48:51","slug":"atencao-primaria-e-saida-2","status":"publish","type":"post","link":"https:\/\/blogs2.correiobraziliense.com.br\/aricunha\/atencao-primaria-e-saida-2\/","title":{"rendered":"Aten\u00e7\u00e3o prim\u00e1ria \u00e9 a sa\u00edda"},"content":{"rendered":"<p>Desde 1960<\/p>\n<p>aricunha@dabr.com.br<\/p>\n<p>com Circe Cunha e MAMFIL<\/p>\n<p>Territorializar o atendimento \u00e0 sa\u00fade da fam\u00edlia, dando uma aten\u00e7\u00e3o prim\u00e1ria in loco aos casos de menor complexidade e com isso desafogar as emerg\u00eancias dos hospitais p\u00fablicos. Esse \u00e9 o novo modelo de sa\u00fade que o GDF dever\u00e1 implantar nos pr\u00f3ximos dias para conter a crise avassaladora que a anos vem acometendo o setor de sa\u00fade p\u00fablica na capital.<\/p>\n<p>O secret\u00e1rio de Sa\u00fade do DF, Humberto Fonseca, especialista em medicina da fam\u00edlia, pretende trazer para Bras\u00edlia um modelo parecido que vem funcionando a alguns anos e com certo sucesso na cidade do Rio de Janeiro. A ideia do novo titular da pasta \u00e9 driblar a falta cr\u00f4nica de recursos e partir para um modelo de atendimento alternativo de assist\u00eancia \u00e0 sa\u00fade, fazendo dos atuais centros de sa\u00fade uma porta de entrada da popula\u00e7\u00e3o que busca atendimento m\u00e9dico. A falta de m\u00e9dicos e de recursos, somada ao aumento exponencial na demanda por sa\u00fade, tem lotado emerg\u00eancias e hospitais, prejudicando a todos indistintamente.<\/p>\n<p>Governos passados tentaram a implanta\u00e7\u00e3o da f\u00f3rmula de sa\u00fade da fam\u00edlia, antecipando o atendimento, filtrando casos e orientando as pessoas sobre procedimentos b\u00e1sicos de sa\u00fade e higiene. Motivos de ordem pol\u00edtica e a m\u00e1 vontade de sindicatos fizeram desandar o projeto e ele foi simplesmente abandonado, depois de desperdi\u00e7arem grandes somas de recursos p\u00fablicos. Por essa raz\u00e3o, o novo modelo trazido agora desperta reservas, n\u00e3o pela qualidade do projeto em si, que parece sensato e adequado, mas pelas d\u00favidas quanto ao seu prosseguimento nos pr\u00f3ximos governos, j\u00e1 que nessa \u00e1rea o tempo de matura\u00e7\u00e3o de qualquer modelo \u00e9 que vai confirmar se ele \u00e9 ou n\u00e3o bom para a popula\u00e7\u00e3o.<\/p>\n<p>Em longa entrevista concedida aos jornalistas Ana Maria Campos, Cristine Gentil e Ot\u00e1vio Augusto, trazida pelo Correio, o secret\u00e1rio Humberto Fonseca ressaltou que o melhor investimento que se pode fazer na \u00e1rea de sa\u00fade \u00e9 justamente junto \u00e0s fam\u00edlias, porque \u00e9 nelas que se gasta menos e com melhores resultados. Em sua avalia\u00e7\u00e3o a pequena cobertura de sa\u00fade preventiva dada in loco \u00e0s fam\u00edlias est\u00e1 na raiz do problema que aflige a capital. \u201cTemos apenas 30,7% de cobertura de atendimento as fam\u00edlias e mesmo assim com baixa qualidade e resolutividade\u201d, afirma o m\u00e9dico, para quem a maioria dos problemas pode ser resolvida pela aten\u00e7\u00e3o prim\u00e1ria.<\/p>\n<p>\u00c9 importante que o novo titular da pasta, para aumentar as chances de sucesso de seu projeto, fa\u00e7a tamb\u00e9m uma ponte de entendimento com a \u00e1rea educacional, programando junto aos professores um amplo processo de educa\u00e7\u00e3o para a sa\u00fade, em sintonia como o novo modelo de sa\u00fade que se quer implantar. Lembrando aqui que nenhum modelo de sa\u00fade que se preze pode passar ao largo das escolas.<\/p>\n<p>O repente que foi travado: Neco versus Chica Barrosa<\/p>\n<p>\u201cEu agora estou ciente,\/que negro n\u00e3o \u00e9 crist\u00e3o:\/Pois a alma desta gente\/saiu debaixo do ch\u00e3o,\/e l\u00e1 na Mans\u00e3o Celeste,\/n\u00e3o entra quem \u00e9 ladr\u00e3o!\u201d. Cheia do mais puro humanismo, Barrosa rebateu com humildade: \u201cMas, seu Neco, a diferen\u00e7a\/entre n\u00f3s s\u00f3 \u00e9 na c\u00f4,\/eu tamb\u00e9m fui batizada,\/sou crist\u00e3o como o senh\u00f4!\/ de lan\u00e7ar m\u00e3o no alei,\/nunca ningu\u00e9m me acus\u00f4!\/de ir o preto para o c\u00e9u,\/seja o branco sabed\u00f4;\/e, l\u00e1 na Mans\u00e3o Celeste,\/ se quiser Nosso Senh\u00f4:\/vai o branco pra cozinha,\/e o preto para o andor!\u201d Adiante, Neco Martins destila mais veneno: \u201cDe onde veio esta negra\/com fama de cantador?\/Querendo ser respeitada\/como se fosse um senhor\/pois negro na minha terra,\/s\u00f3 come \u00e9 chiquerador!\u201d Chica Barrosa emenda: \u201cMas seu Neco, me permita\/dizer o que foi notado:\/que num beco sem sa\u00edda\/quando deixo encorrentado:\/vem o branco contra mim\/fa\u00e7anhudo e t\u00e3o irado,\/tome, agora, um bom conselho,\/numa t\u00e3o boa hora, dado.\/N\u00e3o \u00e9 preciso mostrar-se:\/carrancudo e agastado,\/branco que canta com preto,\/n\u00e3o pode ser respeitado!\u201d  A cantoria prossegue esquentando cada vez mais. Incendiada de inspira\u00e7\u00e3o, Chica Barrosa d\u00e1 outra resposta genial ao oponente: \u201cBranco s\u00f3 canta comigo\/com talento no gog\u00f3\/com lel\u00ea, com catuaba,\/com gancho, forquilha e n\u00f3,\/e depois de haver mamado\/na n\u00eaga dum peito s\u00f3!\u201d<\/p>\n<p>Uma pauta preciosa para document\u00e1rios enviada pelo amigo Nonato de Freitas.<\/p>\n<p>Francisca Maria da Concei\u00e7\u00e3o, a Chica Barrosa, conhecida como a \u201crainha negra do repente\u201d, foi a maior \u201ccantadeira\u201d (cantadora) do Nordeste de todos os tempos. Natural de Pombal &#8211; PB, nasceu em 1867 e morreu assassinada a facadas, na mesma cidade, em 1916. Alta, robusta, simp\u00e1tica, bebia e jogava como qualquer bo\u00eamio. Uma mulher revolucion\u00e1ria para seu tempo. Poucos homens a venceram no repente. Travou uma peleja hist\u00f3rica com Neco Martins, rico fazendeiro e excelente repentista. A cantoria se deu em 1910, na Fazenda Siup\u00e9, de propriedade de Neco, a duas l\u00e9guas de S\u00e3o Gon\u00e7alo do Amarante (CE), sua terra natal. A cantoria durou a noite inteira. Ningu\u00e9m sabe ao certo quem foi o vencedor da memor\u00e1vel peleja.<\/p>\n<p>Maioridade penal<\/p>\n<p>Quem quiser participar de um grupo de discuss\u00e3o para o registro das opini\u00f5es sobre maioridade penal, os ju\u00edzes S\u00e9rgio Ribeiro, presidente do F\u00f3rum Nacional da Justi\u00e7a Juvenil, e Daniel Konder de Almeida criaram um grupo no aplicativo WhatsApp para centralizar as opini\u00f5es que se transformar\u00e3o em propostas legislativas. Basta enviar a solicita\u00e7\u00e3o, com n\u00famero do telefone e nome para danielkonder@tjrj.jus.br.<\/p>\n<p>De ouvido<\/p>\n<p>Antes de dormir, Ruth Passarinho separa, com a filha Isadora, os brinquedos duros que podem machucar e deixa s\u00f3 alguns bichinhos de pel\u00facia na cama. Durante a triagem Isadora entrega um dos brinquedos. Toma mam\u00e3e. Esse aqui \u00e9 maduro!<\/p>\n<p>Hist\u00f3ria de Bras\u00edlia<br \/>\nA primeira vers\u00e3o \u00e9 a de que o presidente vinha recebendo forte press\u00e3o das For\u00e7as Armadas, contrariadas que estavam, com a sua pol\u00edtica internacional adotada. Dizem, ent\u00e3o, que ele foi deposto. (Publicado em 16\/9\/1961)<\/p>\n","protected":false},"excerpt":{"rendered":"<p>Desde 1960 aricunha@dabr.com.br com Circe Cunha e MAMFIL Territorializar o atendimento \u00e0 sa\u00fade da fam\u00edlia, dando uma aten\u00e7\u00e3o prim\u00e1ria in loco aos casos de menor complexidade e com isso desafogar as emerg\u00eancias dos hospitais p\u00fablicos. Esse \u00e9 o novo modelo de sa\u00fade que o GDF dever\u00e1 implantar nos pr\u00f3ximos dias para conter a crise avassaladora [&hellip;]<\/p>\n","protected":false},"author":34,"featured_media":0,"comment_status":"closed","ping_status":"closed","sticky":false,"template":"","format":"standard","meta":{"wpb_read_more":[],"footnotes":""},"categories":[23],"tags":[],"class_list":["post-8252","post","type-post","status-publish","format-standard","hentry","category-integra"],"_links":{"self":[{"href":"https:\/\/blogs2.correiobraziliense.com.br\/aricunha\/wp-json\/wp\/v2\/posts\/8252","targetHints":{"allow":["GET"]}}],"collection":[{"href":"https:\/\/blogs2.correiobraziliense.com.br\/aricunha\/wp-json\/wp\/v2\/posts"}],"about":[{"href":"https:\/\/blogs2.correiobraziliense.com.br\/aricunha\/wp-json\/wp\/v2\/types\/post"}],"author":[{"embeddable":true,"href":"https:\/\/blogs2.correiobraziliense.com.br\/aricunha\/wp-json\/wp\/v2\/users\/34"}],"replies":[{"embeddable":true,"href":"https:\/\/blogs2.correiobraziliense.com.br\/aricunha\/wp-json\/wp\/v2\/comments?post=8252"}],"version-history":[{"count":1,"href":"https:\/\/blogs2.correiobraziliense.com.br\/aricunha\/wp-json\/wp\/v2\/posts\/8252\/revisions"}],"predecessor-version":[{"id":8253,"href":"https:\/\/blogs2.correiobraziliense.com.br\/aricunha\/wp-json\/wp\/v2\/posts\/8252\/revisions\/8253"}],"wp:attachment":[{"href":"https:\/\/blogs2.correiobraziliense.com.br\/aricunha\/wp-json\/wp\/v2\/media?parent=8252"}],"wp:term":[{"taxonomy":"category","embeddable":true,"href":"https:\/\/blogs2.correiobraziliense.com.br\/aricunha\/wp-json\/wp\/v2\/categories?post=8252"},{"taxonomy":"post_tag","embeddable":true,"href":"https:\/\/blogs2.correiobraziliense.com.br\/aricunha\/wp-json\/wp\/v2\/tags?post=8252"}],"curies":[{"name":"wp","href":"https:\/\/api.w.org\/{rel}","templated":true}]}}