{"id":8261,"date":"2016-10-27T03:54:48","date_gmt":"2016-10-27T05:54:48","guid":{"rendered":"https:\/\/blogs2.correiobraziliense.com.br\/aricunha\/?p=8261"},"modified":"2016-11-07T10:55:28","modified_gmt":"2016-11-07T12:55:28","slug":"pressao-e-pegar-ou-pegar","status":"publish","type":"post","link":"https:\/\/blogs2.correiobraziliense.com.br\/aricunha\/pressao-e-pegar-ou-pegar\/","title":{"rendered":"Press\u00e3o. \u00c9 pegar ou pegar"},"content":{"rendered":"<p>DESDE 1960 \u00bb<\/p>\n<p>aricunha@dabr.com.br<\/p>\n<p>com Circe Cunha com MAMFIL<\/p>\n<p>\u00c9 nas situa\u00e7\u00f5es limites que os grandes estadistas emergem. Esse foi o caso tanto do Churchill, da Inglaterra, quanto de De Gaulle, da Fran\u00e7a, durante a Segunda Grande Guerra. Testados sob fogo cerrado, ambos tiveram a oportunidade de demonstrar a firme resist\u00eancia e lideran\u00e7a confi\u00e1vel na horas dif\u00edceis . \u201cNa guerra, dizia Churchill, a pessoa s\u00f3 pode ser morta uma vez, mas na pol\u00edtica diversas vezes.\u201d Da mesma forma, costumava dizer de Gaulle: \u201cN\u00e3o fazer nada, \u00e9 ser vencido\u201d.<\/p>\n<p>Guardadas as devidas propor\u00e7\u00f5es, o grande teste que o governador do Distrito Federal, Rodrigo Rollemberg, tem agora pela frente e que, de certa forma, colocar\u00e1 \u00e0 prova sua capacidade de lideran\u00e7a e firmeza ser\u00e1 contra as 32 categorias profissionais, reunidas num grande ex\u00e9rcito em torno do movimento unificado sindical, que prometem parar Bras\u00edlia com uma greve geral, sem precedentes.<\/p>\n<p>Os sindicatos, de modo geral, est\u00e3o no papel hist\u00f3rico que lhes cabe que \u00e9 o de promover, a cada ano, movimentos paradistas com vista a demonstrar for\u00e7a para as categorias que representam \u2014 afinal, eles comandam a tropa, na luta pela eleva\u00e7\u00e3o dos sal\u00e1rios. Ocorre que, por tr\u00e1s do pano de guerra, o que se tem de fato s\u00e3o lideran\u00e7as trabalhistas que agem sob o controle dos partidos a que pertencem e que transformaram os pr\u00f3prios sindicatos em franjas dessas legendas. Movimento sindical \u00e9, antes de tudo, movimento pol\u00edtico.<\/p>\n<p>Tivessem os brasilienses uma C\u00e2mara Distrital respons\u00e1vel e respeitada por todos e n\u00e3o uma Casa Legislativa que, constantemente, est\u00e1 nas manchetes das p\u00e1ginas policiais, o car\u00e1ter do movimento que se anuncia poderia ser facilmente negociado e solucionado naquele espa\u00e7o, sem preju\u00edzos maiores para a sociedade. Ocorre que a situa\u00e7\u00e3o das finan\u00e7as de Bras\u00edlia, como do resto de todo o pa\u00eds, \u00e9 dram\u00e1tica e veio como heran\u00e7a, justamente dos governos passados, os mesmos que abriram as portas dos cofres para uma infinidade de sindicatos, criados a toque de caixa, apenas para refor\u00e7ar as bases do populismo.<\/p>\n<p>S\u00f3 com a folha de pagamento do funcionalismo, o GDF est\u00e1 comprometendo 77% da receita da capital e tudo isso para atender menos de 8% da popula\u00e7\u00e3o. O que sobra n\u00e3o tem dado nem para pagar os insumos para fazer a m\u00e1quina funcionar. Sejam quais forem as medidas para atender essa parcela \u00ednfima da popula\u00e7\u00e3o, caber\u00e1 ao restante da sociedade arcar com os custos. Greves, inclusive em \u00e1reas sens\u00edveis, acontecem n\u00e3o contra o governo, mas contra a popula\u00e7\u00e3o, assim como reajustes despropositados de sal\u00e1rios que ter\u00e3o de vir do aumento dos impostos j\u00e1 altos e extorsivos. O fato \u00e9 que os sindicatos n\u00e3o representam a popula\u00e7\u00e3o do DF, que est\u00e1 farta dessas pantomimas do passado que exauriram o pa\u00eds.<\/p>\n<p>A frase que n\u00e3o foi pronunciada<\/p>\n<p>\u201cSer\u00e1 que, se proibirem a vaquejada, v\u00e3o tamb\u00e9m parar de fazer churrasco com a nossa carne?\u201d<\/p>\n<p>Conversa entre um boi e uma vaca preocupados com os maus tratos<\/p>\n<p>Case<\/p>\n<p>\u00bb Era um ponto de encontro na Asa Norte, principalmente no caf\u00e9 da manh\u00e3 dos fins de semana. Com a troca da ger\u00eancia, a Capri, padaria do fim da Asa Norte, perdeu o charme. Tiraram o sentimento dos funcion\u00e1rios. N\u00e3o podem ser escolhidos pelos clientes, deixaram de sorrir. O atendimento \u00e9 completamente rob\u00f3tico. Um estudo de caso interessante para verificar o fiel da balan\u00e7a entre o lucro e a simpatia.<\/p>\n<p>Prote\u00e7\u00e3o<\/p>\n<p>\u00bb Imaginem se o n\u00famero de reclama\u00e7\u00f5es fundamentadas e identificadas no portal da reguladora fosse o suficiente para uma autua\u00e7\u00e3o com multa pesada. Metade dos problemas com planos de sa\u00fade, telefonia fixa, bancos, aumentos na cobran\u00e7a de \u00e1gua e luz estaria resolvida.<\/p>\n<p>Para sempre<\/p>\n<p>\u00bb Imaculada Concei\u00e7\u00e3o, S\u00e3o Camilo e Ros\u00e1rio v\u00e3o fechar as portas. O Ros\u00e1rio j\u00e1 avisou aos pais que n\u00e3o haver\u00e1 renova\u00e7\u00e3o de matr\u00edcula. Mas as lembran\u00e7as est\u00e3o devidamente registradas nos di\u00e1rios da inf\u00e2ncia e adolesc\u00eancia. Tudo. Os maravilhosos mestres, as amizades que duram at\u00e9 hoje, os namoricos, os jogos na mesa de pingue-pongue de granito. Maravilhosa. Onde eu vencia todos os colegas (kkk).<\/p>\n<p>Hist\u00f3ria de Bras\u00edlia<\/p>\n<p>Sobre a ren\u00fancia de J\u00e2nio Quadros, alguns deputados m\u00e9dicos, diagnosticaram esquizofrenia. Alegam que a sua decis\u00e3o nasceu de um momento de ataque esquizofr\u00eanico. (Publicado em 16\/9\/1961<\/p>\n","protected":false},"excerpt":{"rendered":"<p>DESDE 1960 \u00bb aricunha@dabr.com.br com Circe Cunha com MAMFIL \u00c9 nas situa\u00e7\u00f5es limites que os grandes estadistas emergem. Esse foi o caso tanto do Churchill, da Inglaterra, quanto de De Gaulle, da Fran\u00e7a, durante a Segunda Grande Guerra. Testados sob fogo cerrado, ambos tiveram a oportunidade de demonstrar a firme resist\u00eancia e lideran\u00e7a confi\u00e1vel na [&hellip;]<\/p>\n","protected":false},"author":34,"featured_media":0,"comment_status":"closed","ping_status":"closed","sticky":false,"template":"","format":"standard","meta":{"wpb_read_more":[],"footnotes":""},"categories":[23],"tags":[],"class_list":["post-8261","post","type-post","status-publish","format-standard","hentry","category-integra"],"_links":{"self":[{"href":"https:\/\/blogs2.correiobraziliense.com.br\/aricunha\/wp-json\/wp\/v2\/posts\/8261","targetHints":{"allow":["GET"]}}],"collection":[{"href":"https:\/\/blogs2.correiobraziliense.com.br\/aricunha\/wp-json\/wp\/v2\/posts"}],"about":[{"href":"https:\/\/blogs2.correiobraziliense.com.br\/aricunha\/wp-json\/wp\/v2\/types\/post"}],"author":[{"embeddable":true,"href":"https:\/\/blogs2.correiobraziliense.com.br\/aricunha\/wp-json\/wp\/v2\/users\/34"}],"replies":[{"embeddable":true,"href":"https:\/\/blogs2.correiobraziliense.com.br\/aricunha\/wp-json\/wp\/v2\/comments?post=8261"}],"version-history":[{"count":1,"href":"https:\/\/blogs2.correiobraziliense.com.br\/aricunha\/wp-json\/wp\/v2\/posts\/8261\/revisions"}],"predecessor-version":[{"id":8262,"href":"https:\/\/blogs2.correiobraziliense.com.br\/aricunha\/wp-json\/wp\/v2\/posts\/8261\/revisions\/8262"}],"wp:attachment":[{"href":"https:\/\/blogs2.correiobraziliense.com.br\/aricunha\/wp-json\/wp\/v2\/media?parent=8261"}],"wp:term":[{"taxonomy":"category","embeddable":true,"href":"https:\/\/blogs2.correiobraziliense.com.br\/aricunha\/wp-json\/wp\/v2\/categories?post=8261"},{"taxonomy":"post_tag","embeddable":true,"href":"https:\/\/blogs2.correiobraziliense.com.br\/aricunha\/wp-json\/wp\/v2\/tags?post=8261"}],"curies":[{"name":"wp","href":"https:\/\/api.w.org\/{rel}","templated":true}]}}