{"id":8263,"date":"2016-10-28T03:55:56","date_gmt":"2016-10-28T05:55:56","guid":{"rendered":"https:\/\/blogs2.correiobraziliense.com.br\/aricunha\/?p=8263"},"modified":"2016-11-07T10:56:46","modified_gmt":"2016-11-07T12:56:46","slug":"os-aposentados-merecem-nosso-respeito","status":"publish","type":"post","link":"https:\/\/blogs2.correiobraziliense.com.br\/aricunha\/os-aposentados-merecem-nosso-respeito\/","title":{"rendered":"Os aposentados merecem nosso respeito"},"content":{"rendered":"<p>DESDE 1960<\/p>\n<p>aricunha@dabr.com.br<br \/>\ncom Circe Cunha  e MAMFIL<\/p>\n<p>Com a crise econ\u00f4mica empurrando todo o sistema previdenci\u00e1rio brasileiro para a beira do abismo, fica cada vez mais dif\u00edcil explicar aos 21 milh\u00f5es de aposentados, principalmente \u00e0queles que recebem o piso dos benef\u00edcios (R$ 880), decis\u00f5es como a tomada pelo Supremo Tribunal Federal, que considerou inconstitucional a chamada desaposenta\u00e7\u00e3o.<\/p>\n<p>Para os cerca de 9 milh\u00f5es que recebem tamb\u00e9m at\u00e9 o valor limite (R$ 5.189,82),  a decis\u00e3o do Supremo \u00e9 controversa. Apenas o governo tem motivos para comemorar o entendimento da Corte,  j\u00e1 que o sistema caminha, a passos largos, para a insolv\u00eancia. Para os quase 200 mil benefici\u00e1rios que retornaram \u00e0 ativa e entraram com processo na Justi\u00e7a pedindo a revis\u00e3o dos benef\u00edcios, a situa\u00e7\u00e3o ainda carece de mais entendimento, embora muitos acreditem que ter\u00e3o de devolver os novos valores recebidos.<\/p>\n<p>A quest\u00e3o b\u00e1sica que se apresenta para o grosso dos aposentados \u00e9 que o Supremo tenha se debru\u00e7ado com afinco sobre uma quest\u00e3o menor, que \u00e9 a desaposenta\u00e7\u00e3o, e tenha deixado de examinar, no mesmo contexto, situa\u00e7\u00f5es muito mais s\u00e9rias e injustas que afetam o sistema previdenci\u00e1rio. Nesse sentido, como explicar a quem trabalhou mais de 30 anos, recolhendo mensalmente para a Previd\u00eancia parte de seus proventos e, ao fim da vida, receba  valor muito aqu\u00e9m do necess\u00e1rio para sobreviver com dignidade? Essa situa\u00e7\u00e3o de pen\u00faria ganha ainda contornos mais kafkanianos, quando o aposentado \u00e9 informado que tr\u00eas de cada quatro ju\u00edzes brasileiros recebem remunera\u00e7\u00e3o acima do teto constitucional. Como explicar ao segurado que 10.765 ju\u00edzes, desembargadores e ministros do STJ recebem vencimentos superiores ao teto de R$ 33.763.763? Como explicar que apenas os agentes da Justi\u00e7a n\u00e3o s\u00e3o alcan\u00e7ados pela lei?<\/p>\n<p>Para os milh\u00f5es de aposentados que ocupam a parte inferior da pir\u00e2mide do sistema, soa quase como esc\u00e1rnio o fato de muitos pol\u00edticos se aposentarem ap\u00f3s oito anos de contribui\u00e7\u00e3o. Absolutamente, todos os aposentados que voltaram a trabalhar e contribuir com a Previd\u00eancia pleiteiam a revis\u00e3o dos  valores porque sentem no dia a dia que os benef\u00edcios pagos, h\u00e1 muito, deixaram de cobrir as despesas mensais. Muitos aposentados gastam tudo o que recebem apenas com rem\u00e9dios e despesas m\u00e9dicas.  Est\u00e1 dado o parecer. Por 7 x 4, o Supremo Tribunal Federal decidiu que o aposentado que resolve voltar a trabalhar n\u00e3o tem direito \u00e0 corre\u00e7\u00e3o dos valores com base nas novas contribui\u00e7\u00f5es para a Previd\u00eancia Social. Para  a maioria dos pensionistas, soa estranho que os tribunais se ocupem em cassar reajustes de benef\u00edcios, com a devida contrapartida de desconto, de quem ganha menos, enquanto faz vista grossa para distor\u00e7\u00f5es escandalosas de concess\u00e3o de benesses para um pequeno grupo de privilegiados dos tr\u00eas Poderes.<\/p>\n<p>A frase que foi pronunciada<\/p>\n<p>\u201cMeu conselho \u00e9 que se case. Se voc\u00ea arrumar uma boa esposa, ser\u00e1 feliz; se arrumar uma esposa ruim, tornar-se-\u00e1 um fil\u00f3sofo.\u201d<\/p>\n<p>S\u00f3crates<\/p>\n<p>Passus<\/p>\n<p>\u00bb Estamos muito longe de ser um pa\u00eds livre de corrup\u00e7\u00e3o. O Minist\u00e9rio P\u00fablico da Uni\u00e3o informou que apenas tr\u00eas casos em 100 s\u00e3o resolvidos.<\/p>\n<p>Sem contrapartida<\/p>\n<p>\u00bb Um total de R$ 94,7 bilh\u00f5es em impostos e contribui\u00e7\u00f5es foi arrecadado apenas em setembro. Melhor seria que a Receita Federal anunciasse a contrapartida dada aos brasileiros que suaram para esse dinheiro chegar at\u00e9 a Uni\u00e3o.<\/p>\n<p>TST<\/p>\n<p>\u00bb Conversando com Renyr Figuer\u00eado Corr\u00eaa, da Biblioteca do TRT, recebemos o convite para a pr\u00f3xima atividade. Funcion\u00e1rios e fam\u00edlia participam de v\u00e1rias iniciativas da se\u00e7\u00e3o para enaltecer o valor da leitura. Desde palestras divertidas sobre a origem do livro, at\u00e9 a emo\u00e7\u00e3o dos cantadores e o efeito T-Bone, de Luiz Amorim. Tudo \u00e9 raz\u00e3o para ler.<\/p>\n<p>Aborrecimento<\/p>\n<p>\u00bb Servi\u00e7o Mais Sa\u00fade, da Editora Abril, \u00e9 uma das irritantes parcerias misteriosas. Ao preencher cadastros ou informa\u00e7\u00f5es pessoais, esse servi\u00e7o invade sua privacidade, ligando para seu celular nas horas mais impr\u00f3prias do dia. O n\u00famero registrado no Bina \u00e9 061 992799259. Ao ligar, cai justamente na Claro. Um abuso.<\/p>\n<p>Hist\u00f3ria de Bras\u00edlia<\/p>\n<p>Os mais sentimentais acham que o defeito na vista esquerda, com as \u00faltimas opera\u00e7\u00f5es, tinha se transformado em c\u00e2ncer, e o presidente estaria tomando morfina, para minorar o sofrimento. Foi num destes momentos a sua decis\u00e3o. (Publicado em 16\/9\/1961)<\/p>\n","protected":false},"excerpt":{"rendered":"<p>DESDE 1960 aricunha@dabr.com.br com Circe Cunha e MAMFIL Com a crise econ\u00f4mica empurrando todo o sistema previdenci\u00e1rio brasileiro para a beira do abismo, fica cada vez mais dif\u00edcil explicar aos 21 milh\u00f5es de aposentados, principalmente \u00e0queles que recebem o piso dos benef\u00edcios (R$ 880), decis\u00f5es como a tomada pelo Supremo Tribunal Federal, que considerou inconstitucional [&hellip;]<\/p>\n","protected":false},"author":34,"featured_media":0,"comment_status":"closed","ping_status":"closed","sticky":false,"template":"","format":"standard","meta":{"wpb_read_more":[],"footnotes":""},"categories":[23],"tags":[],"class_list":["post-8263","post","type-post","status-publish","format-standard","hentry","category-integra"],"_links":{"self":[{"href":"https:\/\/blogs2.correiobraziliense.com.br\/aricunha\/wp-json\/wp\/v2\/posts\/8263","targetHints":{"allow":["GET"]}}],"collection":[{"href":"https:\/\/blogs2.correiobraziliense.com.br\/aricunha\/wp-json\/wp\/v2\/posts"}],"about":[{"href":"https:\/\/blogs2.correiobraziliense.com.br\/aricunha\/wp-json\/wp\/v2\/types\/post"}],"author":[{"embeddable":true,"href":"https:\/\/blogs2.correiobraziliense.com.br\/aricunha\/wp-json\/wp\/v2\/users\/34"}],"replies":[{"embeddable":true,"href":"https:\/\/blogs2.correiobraziliense.com.br\/aricunha\/wp-json\/wp\/v2\/comments?post=8263"}],"version-history":[{"count":1,"href":"https:\/\/blogs2.correiobraziliense.com.br\/aricunha\/wp-json\/wp\/v2\/posts\/8263\/revisions"}],"predecessor-version":[{"id":8264,"href":"https:\/\/blogs2.correiobraziliense.com.br\/aricunha\/wp-json\/wp\/v2\/posts\/8263\/revisions\/8264"}],"wp:attachment":[{"href":"https:\/\/blogs2.correiobraziliense.com.br\/aricunha\/wp-json\/wp\/v2\/media?parent=8263"}],"wp:term":[{"taxonomy":"category","embeddable":true,"href":"https:\/\/blogs2.correiobraziliense.com.br\/aricunha\/wp-json\/wp\/v2\/categories?post=8263"},{"taxonomy":"post_tag","embeddable":true,"href":"https:\/\/blogs2.correiobraziliense.com.br\/aricunha\/wp-json\/wp\/v2\/tags?post=8263"}],"curies":[{"name":"wp","href":"https:\/\/api.w.org\/{rel}","templated":true}]}}