{"id":8267,"date":"2016-10-29T03:58:41","date_gmt":"2016-10-29T05:58:41","guid":{"rendered":"https:\/\/blogs2.correiobraziliense.com.br\/aricunha\/?p=8267"},"modified":"2016-11-07T10:59:30","modified_gmt":"2016-11-07T12:59:30","slug":"dois-caminhos-escolher-bem-frente-2","status":"publish","type":"post","link":"https:\/\/blogs2.correiobraziliense.com.br\/aricunha\/dois-caminhos-escolher-bem-frente-2\/","title":{"rendered":"Dois caminhos a escolher. Bem \u00e0 frente."},"content":{"rendered":"<p>Desde 1960<\/p>\n<p>aricunha@dabr.com.br<\/p>\n<p>com Circe Cunha com MAMFIL<\/p>\n<p>\u201cPara mim, a cidadania, os cidad\u00e3os comuns tiveram uma parte importante na decreta\u00e7\u00e3o do fim da M\u00e3os Limpas porque, no in\u00edcio, eram todos entusiastas na It\u00e1lia das investiga\u00e7\u00f5es, pois elas nos levaram a descobrir a corrup\u00e7\u00e3o de pessoas que estavam l\u00e1 em cima. Mas, conforme elas prosseguiram, chegamos \u00e0 corrup\u00e7\u00e3o dos cidad\u00e3os comuns: o fiscal da prefeitura que fazia compras de gra\u00e7a, que n\u00e3o fiscalizava a balan\u00e7a do vendedor de frios, que continuava a vender apresuntado como se fosse presunto.\u201d A afirma\u00e7\u00e3o \u00e9 do ex-magistrado da Corte Suprema italiana, Gherardo Colombo, em entrevista \u00e0 jornalistas brasileiros, durante palestra, em S\u00e3o Paulo, em mar\u00e7o deste ano.<\/p>\n<p>Para o ex-magistrado, a Justi\u00e7a sozinha n\u00e3o tem o poder de eliminar a corrup\u00e7\u00e3o em um pa\u00eds. Essa tarefa, diz, s\u00f3 \u00e9 poss\u00edvel com uma mudan\u00e7a nas pessoas, por meio da educa\u00e7\u00e3o e da cultura. A vantagem do Brasil, com a Opera\u00e7\u00e3o Lava-Jato, em rela\u00e7\u00e3o \u00e0 It\u00e1lia, com a  M\u00e3os Limpas, \u00e9 que nosso pa\u00eds ainda teria a oportunidade de rever os mecanismos que levaram a derrocada da Opera\u00e7\u00e3o Mani Pulite deflagrada naquele pa\u00eds na d\u00e9cada de 1980.<\/p>\n<p>As semelhan\u00e7as entre as duas opera\u00e7\u00f5es s\u00e3o evidentes e decorrem do mesmo modus operandi, envolvendo pol\u00edticos do alto escal\u00e3o e empres\u00e1rios poderosos. L\u00e1, como c\u00e1, os empreiteiros pagavam propinas a pol\u00edticos em troca de favorecimento em obras p\u00fablicas de grande porte. O que os brasileiros assistem agora \u00e9 justamente ao ponto de inflex\u00e3o, com a Opera\u00e7\u00e3o Lava-Jato e cong\u00eaneres chegando cada vez mais perto da classe pol\u00edtica como um todo. Foi a partir desse ponto que as investiga\u00e7\u00f5es come\u00e7aram a fazer \u00e1gua e a naufragar na It\u00e1lia.<\/p>\n<p>Esse \u00e9 exatamente o mesmo risco que corremos agora, com o Legislativo confeccionando, \u00e0s pressas, uma s\u00e9rie de leis, visando enfraquecer o \u00edmpeto das investiga\u00e7\u00f5es levadas a cabo pelo Minist\u00e9rio P\u00fablico e pela Pol\u00edcia Federal. O Correio Braziliense ( 27\/10) listou as 10 medidas que o Congresso Nacional est\u00e1 elaborando para \u201cmelar a Lava-Jato\u201d e, assim, afastar os pol\u00edticos do bra\u00e7o da lei. Isso antes da reuni\u00e3o no Pal\u00e1cio do Itamaraty, na qual Michel Temer assumiu o papel  diplom\u00e1tico de tentar melhorar a comunica\u00e7\u00e3o entre o presidente do Senado, Renan Calheiros,  e a presidente do STF, ministra C\u00e1men L\u00facia.  Ela tomou as dores quando o presidente Renan chamou um magistrado de \u201cjuizeco\u201d. Refor\u00e7ou que quando falam de um juiz ela se sente atingida. Por sua vez, o presidente do Senado a elogiou na reuni\u00e3o, dizendo que ela \u00e9 um exemplo de car\u00e1ter que o pa\u00eds precisava ter \u00e0 frente do STF. As pazes est\u00e3o feitas.<\/p>\n<p>Ainda que a Justi\u00e7a abarque com m\u00e3o de ferro todos os pol\u00edticos com neg\u00f3cios mal explicados com o Estado, ter\u00edamos longo caminho a percorrer, a come\u00e7ar por emendar os cacos da nossa educa\u00e7\u00e3o, preparando uma nova gera\u00e7\u00e3o de brasileiros para entender que o que \u00e9 de todos n\u00e3o \u00e9 s\u00f3 de um. \u00c9 talvez a tarefa mais dif\u00edcil de toda a nossa hist\u00f3ria, e que s\u00f3 pode ter in\u00edcio depois de terminada a lavagem completa do Estado, quem sabe refundando a Rep\u00fablica com outros personagens. A oportunidade que nos apresenta agora n\u00e3o pode ser negligenciada.<\/p>\n<p>A frase que foi pronunciada:<br \/>\n\u201cUma colet\u00e2nea de pensamentos \u00e9 uma farm\u00e1cia moral onde se encontram rem\u00e9dios para todos os males.\u201d<br \/>\nVoltaire<\/p>\n<p>Sinal<br \/>\n\u00bb Como sempre, na linha de frente do PT, o marketing come\u00e7a a ser constru\u00eddo.  A corrente Construindo um Novo Brasil (CNB), em uma proposta de \u201cMuda PT\u201d. Lula quer o mais r\u00e1pido poss\u00edvel uma decis\u00e3o  das correntes internas do partido sobre os pr\u00f3ximos passos para conquistar os brasileiros. Com a execra\u00e7\u00e3o do partido nos estados, a situa\u00e7\u00e3o est\u00e1 no alerta vermelho.<\/p>\n<p>Do STJ<br \/>\n\u00bb Na Opera\u00e7\u00e3o Imperador no Riacho de Santana, na Bahia, foi apurado o desvio de verbas e fraude em licita\u00e7\u00f5es de transporte escolar , em que o Fundo de Manuten\u00e7\u00e3o e Desenvolvimento da Educa\u00e7\u00e3o  B\u00e1sica e de Valoriza\u00e7\u00e3o dos Profissionais da Educa\u00e7\u00e3o (Fundeb) era indevidamente usado. O pessoal era t\u00e3o certo de que nada aconteceria que chegou a registrar uma empresa com o telefone (77) 2222-2222 e o e-mail naotem@hotmail.com.<\/p>\n<p>Pior<br \/>\n\u00bb Recaiu sobre os bombeiros todo o peso da trag\u00e9dia na boate Kiss em Santa Maria. Dois deles tentaram fraudar documentos do inqu\u00e9rito policial, tentando confundir o juiz Ulysses Fonseca Louzada.<\/p>\n<p>Hist\u00f3ria de Bras\u00edlia<br \/>\nDizem outros que o sr. J\u00e2nio Quadros jamais poderia governar com o parlamento. Queria ser ditador e preparou o golpe. Iria para S\u00e3o Paulo, anunciaria a ren\u00fancia, e o Brasil inteiro se voltaria para Cumbica, de onde, em poucas horas, ele sairia como o grande vitorioso, e voltaria ao governo pela for\u00e7a, sem Congresso e com ditadura.<\/p>\n<p>(Publicado em 16\/9\/1961)<\/p>\n","protected":false},"excerpt":{"rendered":"<p>Desde 1960 aricunha@dabr.com.br com Circe Cunha com MAMFIL \u201cPara mim, a cidadania, os cidad\u00e3os comuns tiveram uma parte importante na decreta\u00e7\u00e3o do fim da M\u00e3os Limpas porque, no in\u00edcio, eram todos entusiastas na It\u00e1lia das investiga\u00e7\u00f5es, pois elas nos levaram a descobrir a corrup\u00e7\u00e3o de pessoas que estavam l\u00e1 em cima. Mas, conforme elas prosseguiram, [&hellip;]<\/p>\n","protected":false},"author":34,"featured_media":0,"comment_status":"closed","ping_status":"closed","sticky":false,"template":"","format":"standard","meta":{"wpb_read_more":[],"footnotes":""},"categories":[23],"tags":[],"class_list":["post-8267","post","type-post","status-publish","format-standard","hentry","category-integra"],"_links":{"self":[{"href":"https:\/\/blogs2.correiobraziliense.com.br\/aricunha\/wp-json\/wp\/v2\/posts\/8267","targetHints":{"allow":["GET"]}}],"collection":[{"href":"https:\/\/blogs2.correiobraziliense.com.br\/aricunha\/wp-json\/wp\/v2\/posts"}],"about":[{"href":"https:\/\/blogs2.correiobraziliense.com.br\/aricunha\/wp-json\/wp\/v2\/types\/post"}],"author":[{"embeddable":true,"href":"https:\/\/blogs2.correiobraziliense.com.br\/aricunha\/wp-json\/wp\/v2\/users\/34"}],"replies":[{"embeddable":true,"href":"https:\/\/blogs2.correiobraziliense.com.br\/aricunha\/wp-json\/wp\/v2\/comments?post=8267"}],"version-history":[{"count":1,"href":"https:\/\/blogs2.correiobraziliense.com.br\/aricunha\/wp-json\/wp\/v2\/posts\/8267\/revisions"}],"predecessor-version":[{"id":8268,"href":"https:\/\/blogs2.correiobraziliense.com.br\/aricunha\/wp-json\/wp\/v2\/posts\/8267\/revisions\/8268"}],"wp:attachment":[{"href":"https:\/\/blogs2.correiobraziliense.com.br\/aricunha\/wp-json\/wp\/v2\/media?parent=8267"}],"wp:term":[{"taxonomy":"category","embeddable":true,"href":"https:\/\/blogs2.correiobraziliense.com.br\/aricunha\/wp-json\/wp\/v2\/categories?post=8267"},{"taxonomy":"post_tag","embeddable":true,"href":"https:\/\/blogs2.correiobraziliense.com.br\/aricunha\/wp-json\/wp\/v2\/tags?post=8267"}],"curies":[{"name":"wp","href":"https:\/\/api.w.org\/{rel}","templated":true}]}}