{"id":8279,"date":"2016-11-03T01:09:11","date_gmt":"2016-11-03T03:09:11","guid":{"rendered":"https:\/\/blogs2.correiobraziliense.com.br\/aricunha\/?p=8279"},"modified":"2016-11-07T11:04:52","modified_gmt":"2016-11-07T13:04:52","slug":"unb-ocupada","status":"publish","type":"post","link":"https:\/\/blogs2.correiobraziliense.com.br\/aricunha\/unb-ocupada\/","title":{"rendered":"UnB ocupada"},"content":{"rendered":"<p>DESDE 1960 \u00bb<\/p>\n<p>aricunha@dabr.com.br<\/p>\n<p>com Circe Cunha com MAMFIL<\/p>\n<p>Sob o pretexto de marcar posi\u00e7\u00e3o contr\u00e1ria \u00e0 Proposta de Emenda \u00e0 Constitui\u00e7\u00e3o (PEC) 241, que limita as despesas prim\u00e1rias da Uni\u00e3o, os assim chamados estudantes, encabrestrados e abduzidos pelo o que ainda restou da esquerda populista e irrespons\u00e1vel que devastou o Brasil nos \u00faltimos anos, resolveram, por minoria irris\u00f3ria e em assembleias armadas para esse prop\u00f3sito, paralisar totalmente o funcionamento da Universidade de Bras\u00edlia, uma das maiores institui\u00e7\u00f5es p\u00fablicas de ensino superior do pa\u00eds. A mobiliza\u00e7\u00e3o, que come\u00e7ou no in\u00edcio da semana, foi decidida por uma Comiss\u00e3o Eleitoral (cujo poderes se limitam \u00e0 realiza\u00e7\u00e3o do processo eleitoral) por um qu\u00f3rum de 1.434 universit\u00e1rios presentes, na contram\u00e3o do que determina algumas cl\u00e1usulas contidas no pr\u00f3prio Estatuto do DCE, que estabelece um qu\u00f3rum m\u00ednimo de 1.458 estudantes.<\/p>\n<p>Com isso, 48.605 estudantes, muitos em fase de conclus\u00e3o de curso, ficam impedidos de assistir  \u00e0s aulas ou mesmo transitar livremente por algumas \u00e1reas da universidade que foram ocupadas e vigiadas por esses grupos. De acordo com o movimento intitulado Rea\u00e7\u00e3o Universit\u00e1ria e que vem se posicionando contra a paralisa\u00e7\u00e3o dos trabalhos na UnB, o pr\u00f3prio DCE, diante das repercuss\u00f5es negativas das ocupa\u00e7\u00f5es, lavou as m\u00e3os, sob o argumento de que o movimento estudantil tem vida pr\u00f3pria e independ\u00eancia leg\u00edtima para agir. \u201cO que vemos acontecer na Universidade de Bras\u00edlia dizem os representantes do movimento contr\u00e1rio \u00e0s paralisa\u00e7\u00f5es \u00e9 a imposi\u00e7\u00e3o de uma agenda pol\u00edtica de uma minoria raivosa que n\u00e3o pensa duas vezes em fazer o que for preciso \u2014 rasgar o Estatuto do DCE, constranger alunos e professores, adotar t\u00e1ticas de a\u00e7\u00e3o t\u00edpicas de grupos nazifascistas \u2014 para que sua vontade prevale\u00e7a sobre toda a comunidade acad\u00eamica. Para eles, os fins justificam os meios. Para eles, s\u00f3 o que importa \u00e9 que se fa\u00e7am suas vontades, uma vez que vivem na perigosa ilus\u00e3o de serem arautos da justi\u00e7a social, paladinos progressistas, o que lhes confere superioridade moral que os coloca al\u00e9m do bem e do mal\u201d.<\/p>\n<p>Por tr\u00e1s dessas minorias que agem para parar a universidade, est\u00e1 a Uni\u00e3o Nacional dos Estudantes (UNE), outrora aut\u00eantica e independente, mas que nos \u00faltimos 13 anos, gra\u00e7as \u00e0 fartura de dinheiro p\u00fablico que irriga seus cofres, se transmutou em mais uma das muitas franjas do Partido dos Trabalhadores, assim como a CUT e o MST, caladas e obedientes.<\/p>\n<p>Fossem consultados os contribuintes que arcam com as despesas para manter em funcionamento esta e outras universidades p\u00fablicas pelo pa\u00eds afora, com certeza as interrup\u00e7\u00f5es na vida acad\u00eamica n\u00e3o seriam toleradas. Fosse pedido ainda a cada um desses nobres ocupantes que listassem numa folha branca os motivos que os levaram a decretar a paralisa\u00e7\u00e3o da universidade, muitos, simplesmente, n\u00e3o preencheriam uma linha sequer, pois n\u00e3o saberiam escrever sobre o assunto, j\u00e1 que n\u00e3o se deram ao trabalho de pensar com intelig\u00eancia e autonomia a respeito.<\/p>\n<p>A frase que n\u00e3o foi pronunciada:<\/p>\n<p>\u201c Nossa ideologia \u00e9 rir para n\u00e3o chorar.\u201d<\/p>\n<p>Grupo Mamonas Assassinas traduzindo a complac\u00eancia do povo brasileiro.<\/p>\n<p>Por onde?<\/p>\n<p>\u00bb DAJ- 0149 \u00e9 a placa de uma Van tresloucada a caminho do Parano\u00e1 que passou nas barreiras eletr\u00f4nicas em alta velocidade fugindo da multa pelo acostamento, quase atropelando m\u00e3e e crian\u00e7a. Ultrapassagens perigosas colocando em risco dezenas de vida. Por onde andava o Detran?<\/p>\n<p>Agenda<\/p>\n<p>\u00bb Aten\u00e7\u00e3o ex-alunos do Ros\u00e1rio. Grande encontro agendado para 10 de dezembro, entre as 16h e as 20h, l\u00e1 mesmo. Camila Gomes organiza o encontr\u00e3o no Centro Educacional Nossa Senhora do Ros\u00e1rio, fundado em 1959. \u201cTodos juntos sempre!\u201d \u00e9 o lema levado para o WhatsApp e Facebook.<\/p>\n<p>Tristeza<\/p>\n<p>\u00bb Dia de Finados \u00e9 sempre dia de pensar nos vivos que recebem muito dinheiro para cuidar dos mortos. O cemit\u00e9rio de Bras\u00edlia visto no geral parece conservado. Ao se aproximar das l\u00e1pides, tampos quebrados, mato por todos os lados. Cada um cuide dos seus.<\/p>\n<p>Falta de pulso<\/p>\n<p>\u00bb No Senado, os funcion\u00e1rios s\u00e3o obrigados a registrar a presen\u00e7a por ponto eletr\u00f4nico. Na C\u00e2mara dos Deputados, ainda n\u00e3o. Nos hospitais p\u00fablicos e postos de sa\u00fade tamb\u00e9m n\u00e3o. Falta verba?<\/p>\n<p>Hist\u00f3ria de Bras\u00edlia<\/p>\n<p>El\u00f3i Dutra, na C\u00e2mara, diz o que todos os deputados gostariam de dizer e n\u00e3o t\u00eam coragem. (Publicado em 29\/8\/1961)<\/p>\n","protected":false},"excerpt":{"rendered":"<p>DESDE 1960 \u00bb aricunha@dabr.com.br com Circe Cunha com MAMFIL Sob o pretexto de marcar posi\u00e7\u00e3o contr\u00e1ria \u00e0 Proposta de Emenda \u00e0 Constitui\u00e7\u00e3o (PEC) 241, que limita as despesas prim\u00e1rias da Uni\u00e3o, os assim chamados estudantes, encabrestrados e abduzidos pelo o que ainda restou da esquerda populista e irrespons\u00e1vel que devastou o Brasil nos \u00faltimos anos, [&hellip;]<\/p>\n","protected":false},"author":34,"featured_media":0,"comment_status":"closed","ping_status":"closed","sticky":false,"template":"","format":"standard","meta":{"wpb_read_more":[],"footnotes":""},"categories":[23],"tags":[],"class_list":["post-8279","post","type-post","status-publish","format-standard","hentry","category-integra"],"_links":{"self":[{"href":"https:\/\/blogs2.correiobraziliense.com.br\/aricunha\/wp-json\/wp\/v2\/posts\/8279","targetHints":{"allow":["GET"]}}],"collection":[{"href":"https:\/\/blogs2.correiobraziliense.com.br\/aricunha\/wp-json\/wp\/v2\/posts"}],"about":[{"href":"https:\/\/blogs2.correiobraziliense.com.br\/aricunha\/wp-json\/wp\/v2\/types\/post"}],"author":[{"embeddable":true,"href":"https:\/\/blogs2.correiobraziliense.com.br\/aricunha\/wp-json\/wp\/v2\/users\/34"}],"replies":[{"embeddable":true,"href":"https:\/\/blogs2.correiobraziliense.com.br\/aricunha\/wp-json\/wp\/v2\/comments?post=8279"}],"version-history":[{"count":1,"href":"https:\/\/blogs2.correiobraziliense.com.br\/aricunha\/wp-json\/wp\/v2\/posts\/8279\/revisions"}],"predecessor-version":[{"id":8280,"href":"https:\/\/blogs2.correiobraziliense.com.br\/aricunha\/wp-json\/wp\/v2\/posts\/8279\/revisions\/8280"}],"wp:attachment":[{"href":"https:\/\/blogs2.correiobraziliense.com.br\/aricunha\/wp-json\/wp\/v2\/media?parent=8279"}],"wp:term":[{"taxonomy":"category","embeddable":true,"href":"https:\/\/blogs2.correiobraziliense.com.br\/aricunha\/wp-json\/wp\/v2\/categories?post=8279"},{"taxonomy":"post_tag","embeddable":true,"href":"https:\/\/blogs2.correiobraziliense.com.br\/aricunha\/wp-json\/wp\/v2\/tags?post=8279"}],"curies":[{"name":"wp","href":"https:\/\/api.w.org\/{rel}","templated":true}]}}