{"id":8759,"date":"2017-05-16T03:30:21","date_gmt":"2017-05-16T06:30:21","guid":{"rendered":"https:\/\/blogs2.correiobraziliense.com.br\/aricunha\/?p=8759"},"modified":"2017-05-24T05:31:09","modified_gmt":"2017-05-24T08:31:09","slug":"hidra-dos-transportes","status":"publish","type":"post","link":"https:\/\/blogs2.correiobraziliense.com.br\/aricunha\/hidra-dos-transportes\/","title":{"rendered":"A hidra dos transportes"},"content":{"rendered":"<p>Desde 1960 \u00bb<br \/>\naricunha@dabr.com.br<br \/>\nCom Mamfil e Circe Cunha<br \/>\nWhatsapp 61 9922CIRCE<\/p>\n<p>&nbsp;<\/p>\n<p>Nos seres vivos, a infesta\u00e7\u00e3o por micro=organismos patog\u00eanicos ocorre sempre quando se verifica uma baixa no sistema de defesa, tamb\u00e9m chamado imunol\u00f3gico. Nas grandes cidades, onde milh\u00f5es de pessoas transitam o tempo todo para todos os lugares, esses mecanismos infecciosos agem e se multiplicam com rapidez sempre que os sistemas de fiscaliza\u00e7\u00e3o se ausentam ou falham.<\/p>\n<p>N\u00e3o \u00e9 por outra raz\u00e3o que muitos urbanistas modernos enxergam as cidades atuais como verdadeiros organismos vivos, que crescem, se reproduzem, entram em decad\u00eancia e acabam por desaparecer. Por isso mesmo, \u00e9 preciso manter a sa\u00fade das cidades, por meio de uma fiscaliza\u00e7\u00e3o sistem\u00e1tica e diuturna, n\u00e3o dando brechas para o aparecimento de disfun\u00e7\u00f5es que induzem ao caos generalizado.<\/p>\n<p>Em Bras\u00edlia, o reaparecimento do transporte pirata de passageiros, uma antiga infec\u00e7\u00e3o que muitos acreditavam debelada, volta a p\u00f4r em risco a sa\u00fade da capital. Da mesma forma que os organismos infecciosos que ganharam resist\u00eancia \u00e0 a\u00e7\u00e3o dos antibi\u00f3ticos usuais, o ressurgimento dos transportes clandestinos mostra que essa praga se reinventou, ganhou novos adeptos e formas de atuar, se fortalecendo, sobremaneira, nos muitos espa\u00e7os deixados pelo Estado.<\/p>\n<p>Hoje, a a\u00e7\u00e3o desses grupos, por causa da grande soma de dinheiro envolvida, passou a ser estruturada nos mesmos moldes de uma quadrilha organizada, com a divis\u00e3o de tarefas e hierarquia de comando. Diariamente, uma frota composta por quase 10 ve\u00edculos clandestinos transporta irregularmente cerca de 700 mil passageiros, movimentando mais de R$ 3 milh\u00f5es, livres de impostos.<\/p>\n<p>As longas dist\u00e2ncias, a intermin\u00e1vel espera, a alta demanda por transportes p\u00fablicos de qualidade e a corrup\u00e7\u00e3o onipresente, v\u00eam transformando a capital no ambiente ideal para o crescimento desse mercado de foras da lei que agem com desenvoltura, \u00e0 luz do dia, na cara das autoridades. A situa\u00e7\u00e3o ganhou tamanha dimens\u00e3o que quem ousa enquadrar esses piratas nas normas \u00e9 amea\u00e7ado de morte.<\/p>\n<p>Para os usu\u00e1rios, o risco de perder a vida \u00e9 constante, uma vez que muitos desses transportes n\u00e3o contam com itens de seguran\u00e7a, os motoristas n\u00e3o t\u00eam habilita\u00e7\u00e3o adequada, n\u00e3o respeitam as leis de tr\u00e2nsito, andam em alta velocidade e desafiam qualquer um, certos da impunidade e da brandura da legisla\u00e7\u00e3o.<\/p>\n<p>Bem estruturadas, essas organiza\u00e7\u00f5es contam com o apoio de policiais militares, escrit\u00f3rios de advogados e um sem-n\u00famero de agentes do Estado corrompidos que agem sob suas ordens. O problema ganhou tamanha dimens\u00e3o que os agentes do governo que n\u00e3o se deixaram corromper denunciam as constantes amea\u00e7as e desacatos. O cidad\u00e3o de bem n\u00e3o tem a quem recorrer. Na C\u00e2mara Legislativa, \u00e9 conhecida a press\u00e3o que esses grupos exercem sobre os distritais e, em muitos casos e por diversas raz\u00f5es inconfess\u00e1veis, s\u00e3o devidamente amparados e defendidos como empres\u00e1rios leg\u00edtimos. Ou o governo age, agora, com firmeza ou essa situa\u00e7\u00e3o vai descambar para o descontrole, com risco para todos os brasilienses e para a sa\u00fade da cidade.<\/p>\n<p>A frase que foi pronunciada<\/p>\n<p>\u201cPrecisamos redescobrir a arte perdida do argumento democr\u00e1tico.\u201d<\/p>\n<p>Michael Sandel, professor de filosofia em Harvard<\/p>\n<p>Mudou<\/p>\n<p>\u00bb Estava proibida para o or\u00e7amento de 2017\/2018 a compra de passagens a\u00e9reas em classe executiva para pol\u00edticos e demais autoridades. O presidente Michel Temer autorizou. Na verdade, aqueles pol\u00edticos que t\u00eam amigos com aeronaves at\u00e9 preferem pag\u00e1-los a ter que enfrentar o eleitorado cara a cara. Poucos s\u00e3o queridos a esse ponto.<\/p>\n<p>Ensurdecedor<\/p>\n<p>\u00bb Nosso leitor Jos\u00e9 Rabelo testemunhou reclama\u00e7\u00f5es de diplomatas que moram perto de clubes, onde o som de festas ultrapassa a barreira do bom senso.<\/p>\n<p>Cuidado<\/p>\n<p>\u00bb Uma dica importante que chegou pela leitora Beatriz Oliveira \u00e9 que nunca, em hip\u00f3tese alguma, entregue seu cart\u00e3o de cr\u00e9dito em lojas, mercados, restaurantes ou postos de combust\u00edvel. Apenas com o n\u00famero do cart\u00e3o e os n\u00fameros de seguran\u00e7a podem efetuar compras pela Internet em seu nome.<\/p>\n<p>Igualdade<\/p>\n<p>\u00bb Tem assustado muita gente a proposta da senadora sergipana Maria do Carmo Alves. Ela quer regulamentar o artigo 41, par\u00e1grafo 1\u00ba, inciso III, da Constitui\u00e7\u00e3o Federal. Com isso, o servidor efetivo, concursado, das esferas federal, estadual e municipal dos tr\u00eas Poderes, que n\u00e3o tiver desempenho satisfat\u00f3rio perder\u00e1 o cargo como qualquer trabalhador do pa\u00eds.<\/p>\n<p>Hist\u00f3ria de Bras\u00edlia<\/p>\n<p>Uma comiss\u00e3o de deputados do Rio est\u00e1 estudando de onde partiu a censura nos dias de crise. Em Bras\u00edlia, a censura, normalmente realizada pela Pol\u00edcia, foi afastada n\u00e3o se sabe por quem e passou a ser feita por oficiais do Ex\u00e9rcito. (Publicado em 27\/9\/1961)<\/p>\n","protected":false},"excerpt":{"rendered":"<p>Desde 1960 \u00bb aricunha@dabr.com.br Com Mamfil e Circe Cunha Whatsapp 61 9922CIRCE &nbsp; Nos seres vivos, a infesta\u00e7\u00e3o por micro=organismos patog\u00eanicos ocorre sempre quando se verifica uma baixa no sistema de defesa, tamb\u00e9m chamado imunol\u00f3gico. Nas grandes cidades, onde milh\u00f5es de pessoas transitam o tempo todo para todos os lugares, esses mecanismos infecciosos agem e [&hellip;]<\/p>\n","protected":false},"author":34,"featured_media":0,"comment_status":"closed","ping_status":"closed","sticky":false,"template":"","format":"standard","meta":{"wpb_read_more":[],"footnotes":""},"categories":[23],"tags":[32],"class_list":["post-8759","post","type-post","status-publish","format-standard","hentry","category-integra","tag-politica-brasil-brasilia-mamfil-ari-cunha-circe-cunha"],"_links":{"self":[{"href":"https:\/\/blogs2.correiobraziliense.com.br\/aricunha\/wp-json\/wp\/v2\/posts\/8759","targetHints":{"allow":["GET"]}}],"collection":[{"href":"https:\/\/blogs2.correiobraziliense.com.br\/aricunha\/wp-json\/wp\/v2\/posts"}],"about":[{"href":"https:\/\/blogs2.correiobraziliense.com.br\/aricunha\/wp-json\/wp\/v2\/types\/post"}],"author":[{"embeddable":true,"href":"https:\/\/blogs2.correiobraziliense.com.br\/aricunha\/wp-json\/wp\/v2\/users\/34"}],"replies":[{"embeddable":true,"href":"https:\/\/blogs2.correiobraziliense.com.br\/aricunha\/wp-json\/wp\/v2\/comments?post=8759"}],"version-history":[{"count":1,"href":"https:\/\/blogs2.correiobraziliense.com.br\/aricunha\/wp-json\/wp\/v2\/posts\/8759\/revisions"}],"predecessor-version":[{"id":8760,"href":"https:\/\/blogs2.correiobraziliense.com.br\/aricunha\/wp-json\/wp\/v2\/posts\/8759\/revisions\/8760"}],"wp:attachment":[{"href":"https:\/\/blogs2.correiobraziliense.com.br\/aricunha\/wp-json\/wp\/v2\/media?parent=8759"}],"wp:term":[{"taxonomy":"category","embeddable":true,"href":"https:\/\/blogs2.correiobraziliense.com.br\/aricunha\/wp-json\/wp\/v2\/categories?post=8759"},{"taxonomy":"post_tag","embeddable":true,"href":"https:\/\/blogs2.correiobraziliense.com.br\/aricunha\/wp-json\/wp\/v2\/tags?post=8759"}],"curies":[{"name":"wp","href":"https:\/\/api.w.org\/{rel}","templated":true}]}}