{"id":8761,"date":"2017-05-17T03:31:30","date_gmt":"2017-05-17T06:31:30","guid":{"rendered":"https:\/\/blogs2.correiobraziliense.com.br\/aricunha\/?p=8761"},"modified":"2017-05-24T05:32:10","modified_gmt":"2017-05-24T08:32:10","slug":"lei-do-barulho","status":"publish","type":"post","link":"https:\/\/blogs2.correiobraziliense.com.br\/aricunha\/lei-do-barulho\/","title":{"rendered":"Lei do barulho"},"content":{"rendered":"<p>Desde 1960 \u00bb<br \/>\naricunha@dabr.com.br<br \/>\nCom Mamfil e Circe Cunha<br \/>\nWhatsapp 61 9922CIRCE<\/p>\n<p>&nbsp;<\/p>\n<p>Em passado n\u00e3o muito distante, morar nas superquadras das asas Sul e Norte tinha seu charme. Eram lugares seguros, limpos, silenciosos e mantinham aquele ar simples de cidades do interior, onde todos se conheciam e a vida seguia sem maiores sobressaltos. O atual governador, Rodrigo Rollemberg, morou com seus pais e irm\u00e3os numa dessas quadras e, certamente, vivenciou esse tempo em que a cidade ainda guardava algumas similitudes com o projeto original pensado por Lucio Costa.<\/p>\n<p>Na concep\u00e7\u00e3o do urbanista que idealizou a capital, havia, al\u00e9m do engenhoso desenho t\u00e9cnico dos espa\u00e7os e vias, a ideia de que as resid\u00eancias deveriam ficar afastadas do burburinho ca\u00f3tico dos centros da cidade, abrigadas e cercadas por uma generosa faixa verde, formada de \u00e1rvores e jardins, para o conforto ambiental e sonoro de seus habitantes. Foi justamente na concep\u00e7\u00e3o desses espa\u00e7os buc\u00f3licos que Lucio Costa revelou toda a sua genialidade.<\/p>\n<p>N\u00e3o h\u00e1 nada semelhante em todo o mundo. Muitos urbanistas e estudantes de arquitetura, de todas as partes do planeta, fazem refer\u00eancia a esse aspecto particular da cidade e sonham conhecer de perto a \u00fanica cidade moderna que saiu inteira do papel. O tempo cuidou de cobrir com a poeira do esquecimento a ideia original e de substitu\u00ed-la pela velocidade do progresso.<\/p>\n<p>Com a chegada dos pol\u00edticos, a cidade que foi pensada com a aten\u00e7\u00e3o dos s\u00e1bios foi cedendo lugar \u00e0 capital dos especuladores gananciosos e dos pol\u00edticos espertalh\u00f5es. A uni\u00e3o desses dois personagens inaugurou o per\u00edodo de decad\u00eancia da capital, transformando-a de patrim\u00f4nio cultural da humanidade a mais uma t\u00edpica cidade brasileira, cheia de problemas e vazia de solu\u00e7\u00f5es e ideias. Ficamos parecidos com aquilo que sempre rejeitamos. As seguidas crises fizeram o resto.<\/p>\n<p>O com\u00e9rcio local, que antes servia para atender as necessidades b\u00e1sicas dos moradores da \u00e1rea, transformou-se em fonte de problema. Bares, biroscas, boates, casas noturnas, restaurantes e outras atividades do g\u00eanero foram chegando e se expandindo, invadindo \u00e1reas p\u00fablicas, trazendo grandes aglomera\u00e7\u00f5es de p\u00fablicos, gerando lixo e polui\u00e7\u00e3o sonora at\u00e9 altas horas da madrugada. Com estes novos inquilinos, vieram os problemas, a viol\u00eancia e a perda de qualidade de vida nestas localidades.<\/p>\n<p>Agora, para colocar a cereja no alto do bolo, os diligentes distritais ensaiam alterar a Lei do Sil\u00eancio, passando de 55 para 70 decib\u00e9is \u00e0 noite, chegando a 85 decib\u00e9is durante as festas do Momo. Todos os moradores dessas quadras sabem perfeitamente que esses n\u00edveis sonoros n\u00e3o s\u00e3o respeitados e n\u00e3o adianta chamar a pol\u00edcia para mediar a algazarra. Aliada \u00e0 nova lei dos puxadinhos, essa \u00e9 mais uma medida que resultar\u00e1 na decad\u00eancia acelerada dessas antigas \u00e1reas nobres. Bom ressaltar que festas familiares s\u00e3o bem diferentes dessa algazarra. S\u00e3o alegrias a compartilhar.<\/p>\n<p>A frase que foi pronunciada<\/p>\n<p>\u201cA pessoa mais pobre do mundo tem nome?\u201d<\/p>\n<p>Jo\u00e3o Gabriel, 8 anos, curioso pela igualdade de publicidade<\/p>\n<p>Drones<\/p>\n<p>&gt;&gt;Saco linhas em drones s\u00e3o a solu\u00e7\u00e3o para a chegada de celulares em cadeias. De um lado, os presos tentam burlar as regras e, de outro, diretores adotam o drone para a vigil\u00e2ncia de penitenci\u00e1rias<\/p>\n<p>Bras\u00edlia<\/p>\n<p>&gt;&gt; Daniel Zukko mostra, no SESC da 504 Sul, a exposi\u00e7\u00e3o &#8220;Segundo Plano&#8221;. Diferentes \u00e2ngulos de Bras\u00edlia captados com riqueza de cores, formas e sensibilidade. As 20 obras ser\u00e3o exibidas at\u00e9 o 26 de maio, de segunda a sexta-feira, das 8h \u00e0s 22h, com entrada franca.<\/p>\n<p>Gratuito<\/p>\n<p>&gt;&gt; Tai chi chuan de gra\u00e7a no Posto de Sa\u00fade do Lago Norte conta, cada vez mais, com um n\u00famero maior de adeptos. A iniciativa agradou a comunidade<\/p>\n<p>Extens\u00e3o<\/p>\n<p>&gt;&gt;Interessante o que est\u00e1 acontecendo com a Opera\u00e7\u00e3o Lava Jato. Come\u00e7a a escorrer e a se estender por \u00e1reas internacionais.<\/p>\n<p>Agenda<\/p>\n<p>O rep\u00f3rter Francisco Jos\u00e9 que, h\u00e1 quatro d\u00e9cadas, desbrava o Brasil, lan\u00e7a na Livraria Cultura do lguatemi Shopping sua hist\u00f3ria dentro da hist\u00f3ria do pa\u00eds. O evento ser\u00e1 em 27 de maio, a partir das 17h.<\/p>\n<p>Portugal<\/p>\n<p>&gt;&gt; Hoje, termina a inscri\u00e7\u00e3o para o Programa de Mobilidade Estudantil Internacional do UniCeub para a Escola Superior de Enfermagem de Coimbra para o pr\u00f3ximo semestre.<\/p>\n<p>Hist\u00f3ria de Bras\u00edlia<\/p>\n<p>Em um d\u00e9cimo de segundo, o ambiente de alegria e satisfa\u00e7\u00e3o se transformou em p\u00e2nico, notando-se choros e gritos de sabotagem. Era o avi\u00e3o em que viajava o governador Leonel Brizola que, ao tocar no solo, explodia e se incendiava. (Publicado em 28\/9\/1961)<\/p>\n","protected":false},"excerpt":{"rendered":"<p>Desde 1960 \u00bb aricunha@dabr.com.br Com Mamfil e Circe Cunha Whatsapp 61 9922CIRCE &nbsp; Em passado n\u00e3o muito distante, morar nas superquadras das asas Sul e Norte tinha seu charme. Eram lugares seguros, limpos, silenciosos e mantinham aquele ar simples de cidades do interior, onde todos se conheciam e a vida seguia sem maiores sobressaltos. O [&hellip;]<\/p>\n","protected":false},"author":34,"featured_media":0,"comment_status":"closed","ping_status":"closed","sticky":false,"template":"","format":"standard","meta":{"wpb_read_more":[],"footnotes":""},"categories":[23],"tags":[34],"class_list":["post-8761","post","type-post","status-publish","format-standard","hentry","category-integra","tag-politica-brasil-brasilia-ari-cunha-mamfil-circecunha"],"_links":{"self":[{"href":"https:\/\/blogs2.correiobraziliense.com.br\/aricunha\/wp-json\/wp\/v2\/posts\/8761","targetHints":{"allow":["GET"]}}],"collection":[{"href":"https:\/\/blogs2.correiobraziliense.com.br\/aricunha\/wp-json\/wp\/v2\/posts"}],"about":[{"href":"https:\/\/blogs2.correiobraziliense.com.br\/aricunha\/wp-json\/wp\/v2\/types\/post"}],"author":[{"embeddable":true,"href":"https:\/\/blogs2.correiobraziliense.com.br\/aricunha\/wp-json\/wp\/v2\/users\/34"}],"replies":[{"embeddable":true,"href":"https:\/\/blogs2.correiobraziliense.com.br\/aricunha\/wp-json\/wp\/v2\/comments?post=8761"}],"version-history":[{"count":1,"href":"https:\/\/blogs2.correiobraziliense.com.br\/aricunha\/wp-json\/wp\/v2\/posts\/8761\/revisions"}],"predecessor-version":[{"id":8762,"href":"https:\/\/blogs2.correiobraziliense.com.br\/aricunha\/wp-json\/wp\/v2\/posts\/8761\/revisions\/8762"}],"wp:attachment":[{"href":"https:\/\/blogs2.correiobraziliense.com.br\/aricunha\/wp-json\/wp\/v2\/media?parent=8761"}],"wp:term":[{"taxonomy":"category","embeddable":true,"href":"https:\/\/blogs2.correiobraziliense.com.br\/aricunha\/wp-json\/wp\/v2\/categories?post=8761"},{"taxonomy":"post_tag","embeddable":true,"href":"https:\/\/blogs2.correiobraziliense.com.br\/aricunha\/wp-json\/wp\/v2\/tags?post=8761"}],"curies":[{"name":"wp","href":"https:\/\/api.w.org\/{rel}","templated":true}]}}