{"id":8766,"date":"2017-05-19T03:34:22","date_gmt":"2017-05-19T06:34:22","guid":{"rendered":"https:\/\/blogs2.correiobraziliense.com.br\/aricunha\/?p=8766"},"modified":"2017-05-24T05:35:02","modified_gmt":"2017-05-24T08:35:02","slug":"as-colunas-tortas-do-estadio-mane-garrincha","status":"publish","type":"post","link":"https:\/\/blogs2.correiobraziliense.com.br\/aricunha\/as-colunas-tortas-do-estadio-mane-garrincha\/","title":{"rendered":"As colunas tortas do Est\u00e1dio Man\u00e9 Garrincha"},"content":{"rendered":"<p>Desde 1960 \u00bb<br \/>\naricunha@dabr.com.br<br \/>\nCom Mamfil e Circe Cunha<br \/>\nWhatsapp 61 9922CIRCE<\/p>\n<p>Para um observador posicionado na pra\u00e7a central em frente ao Pal\u00e1cio do Buriti, a imagem dos edif\u00edcios em toda a volta, parece obedecer ao padr\u00e3o regular de gabarito destinado \u00e0quela regi\u00e3o. Do lado norte est\u00e3o as constru\u00e7\u00f5es que abrigam o Poder Executivo e o Tribunal de Contas. No lado sul ficam algumas das sedes do Poder Judici\u00e1rio e a C\u00e2mara Legislativa. Por sua concep\u00e7\u00e3o, essas sedes de poderes formam o que pode ser designado como a grande Pra\u00e7a C\u00edvica de Bras\u00edlia. Tudo minuciosamente pensado e composto para dar o sentido de integra\u00e7\u00e3o e de harmonia a todo o conjunto. Ao menos no plano ideal, essa deveria ser a imagem formada em 360 graus de vis\u00e3o. Cada coisa em seu devido lugar e, todos juntos, compondo uma unidade racional, como devem ser os projetos bem resolvidos.<\/p>\n<p>Ocorre que a inger\u00eancia indevida de pessoas estranhas ao of\u00edcio, mas com um apetite muito grande para coisas escusas, surpreendentemente, levou \u00e0 implanta\u00e7\u00e3o, naquela localidade um gigantesco aleij\u00e3o, obviamente, para atender a interesses pr\u00f3prios e imediatos que entrou em definitivo para a galeria dos grandes esc\u00e2ndalos da capital.<\/p>\n<p>A implanta\u00e7\u00e3o do gigantesco est\u00e1dio de futebol Man\u00e9 Garrincha, ao custo astron\u00f4mico de R$ 1,8 bilh\u00e3o, um dos mais caros do planeta, al\u00e9m de n\u00e3o dignificar, por sua arquitetura, o grande ponta-direita do Botafogo, muitas vezes, considerado superior em t\u00e9cnica ao pr\u00f3prio Pel\u00e9, n\u00e3o se enquadra na paisagem, de onde desponta como um objeto estranho. Na verdade, esse \u00e9, pelo custo, pelo mau gosto e pela localiza\u00e7\u00e3o, um verdadeiro monumento \u00e0 corrup\u00e7\u00e3o consolidado e que os brasilienses acabaram por herdar \u00e0 for\u00e7a.<\/p>\n<p>Desde sua conclus\u00e3o, ficava patente que essa seria uma obra totalmente in\u00fatil e que, ap\u00f3s sua inaugura\u00e7\u00e3o, s\u00f3 renderia preju\u00edzos e dissabores aos contribuintes e torcedores. Somente com despesas para sua manuten\u00e7\u00e3o, esse elefante branco consome hoje R$ 8,4 milh\u00f5es ao ano, ou R$ 700 mil mensais.<\/p>\n<p>Fechado para jogos do Brasileir\u00e3o 2017 e com uma agenda pobre de eventos, o est\u00e1dio tem sido uma dor de cabe\u00e7a para o governo atual. Para se livrar desse entulho, o GDF ensaia agora empurrar o monstrengo para a algum empres\u00e1rio, por meio de parceria p\u00fablico-privada (PPP). \u00c0 semelhan\u00e7a com o que ocorre com o Aut\u00f3dromo Nelson Piquet, abandonado \u00e0 pr\u00f3pria sorte e transformado em abrigo de moradores de rua, o futuro do est\u00e1dio \u00e9 tamb\u00e9m sombrio.<\/p>\n<p>Portanto, n\u00e3o ser\u00e1 surpresa se, algum dia, o est\u00e1dio vir a ser demolido para dar lugar a qualquer outra finalidade. A Justi\u00e7a e os \u00f3rg\u00e3os de fiscaliza\u00e7\u00e3o, que deveriam ter impedido a constru\u00e7\u00e3o desse monumento ao desperd\u00edcio, correm agora com seus passos de c\u00e1gado atr\u00e1s do preju\u00edzo. N\u00e3o \u00e9 preciso dizer que n\u00e3o chegar\u00e3o a tempo de alcan\u00e7ar os respons\u00e1veis pela obra fara\u00f4nica.<\/p>\n<p>A frase que foi pronunciada<\/p>\n<p>&#8220;O homem roubado que sorri rouba alguma coisa do ladr\u00e3o.&#8221;<\/p>\n<p>William Shakespeare<\/p>\n<p>Bem pensado<\/p>\n<p>Quem reclama de ocupar o lugar de um fiscal da Fazenda, ditando CPF para o Nota Legal, deixa de receber desconto no IPTU ou no IPVA. Os argumentos contra a participa\u00e7\u00e3o cidad\u00e3 s\u00e3o v\u00e1rios. Um deles, aponta uma esp\u00e9cie de quebra de sigilo sobre a possibilidade monet\u00e1ria do contribuinte. Fal\u00e1cia. Se voc\u00ea pedir para 10 amigos ditarem seu CPF quando fizerem compras, voc\u00ea \u00e9 beneficiado com o cr\u00e9dito alheio. Sem problemas.<\/p>\n<p>For\u00e7a desigual<\/p>\n<p>Comprar passagem a\u00e9rea internacional e ter de pagar pelo assento parece cobran\u00e7a dobrada. Parece sem fim a guerra de for\u00e7as contra os clientes que, sensatamente, s\u00e3o identificados no C\u00f3digo do Consumidor como hipossuficientes.<\/p>\n<p>Release<\/p>\n<p>Aula de astrofotografia na Chapada dos Veadeiros \u00e9 destaque do pr\u00f3ximo feriado. O curso ser\u00e1 ministrado, em 16 e 17 de junho, no Camping Pachamama, pelo engenheiro mec\u00e2nico Rafael Defavari, que trabalha no Laborat\u00f3rio Nacional de Luz S\u00edncrotron e ministra workshops sobre astrofotografia no Sesc \u2013 SP. Rafael j\u00e1 teve fotografias publicadas pela Nasa, BBC, National Geographic, Greenwich Royal Observatory (Inglaterra), jornal ingl\u00eas Daily Mail, Forbes entre v\u00e1rios outros.<\/p>\n<p>Solidariedade<\/p>\n<p>Uma a\u00e7\u00e3o emergencial em prol do abrigo EducAmar, localizado na Cidade Estrutural. Volunt\u00e1rios, alimentos, roupas e produtos de limpeza s\u00e3o bem-vindos. Crian\u00e7as e adultos ligados ao projeto recebem aulas de refor\u00e7o e alfabetiza\u00e7\u00e3o. Doe. Basta ligar para 98592-9462<\/p>\n<p>Hist\u00f3ria de Bras\u00edlia<\/p>\n<p>Atr\u00e1s, a esta\u00e7\u00e3o de passageiros regurgitava de tanta gente vinda de toda a parte. No estacionamento do aeroporto, dezenas de caminh\u00f5es, com faixas, cheios de candangos, aguardavam a chegada do governador do Rio Grande do Sul. (Publicado em 28\/9\/1961)<\/p>\n","protected":false},"excerpt":{"rendered":"<p>Desde 1960 \u00bb aricunha@dabr.com.br Com Mamfil e Circe Cunha Whatsapp 61 9922CIRCE Para um observador posicionado na pra\u00e7a central em frente ao Pal\u00e1cio do Buriti, a imagem dos edif\u00edcios em toda a volta, parece obedecer ao padr\u00e3o regular de gabarito destinado \u00e0quela regi\u00e3o. Do lado norte est\u00e3o as constru\u00e7\u00f5es que abrigam o Poder Executivo e [&hellip;]<\/p>\n","protected":false},"author":34,"featured_media":0,"comment_status":"closed","ping_status":"closed","sticky":false,"template":"","format":"standard","meta":{"wpb_read_more":[],"footnotes":""},"categories":[23],"tags":[34],"class_list":["post-8766","post","type-post","status-publish","format-standard","hentry","category-integra","tag-politica-brasil-brasilia-ari-cunha-mamfil-circecunha"],"_links":{"self":[{"href":"https:\/\/blogs2.correiobraziliense.com.br\/aricunha\/wp-json\/wp\/v2\/posts\/8766","targetHints":{"allow":["GET"]}}],"collection":[{"href":"https:\/\/blogs2.correiobraziliense.com.br\/aricunha\/wp-json\/wp\/v2\/posts"}],"about":[{"href":"https:\/\/blogs2.correiobraziliense.com.br\/aricunha\/wp-json\/wp\/v2\/types\/post"}],"author":[{"embeddable":true,"href":"https:\/\/blogs2.correiobraziliense.com.br\/aricunha\/wp-json\/wp\/v2\/users\/34"}],"replies":[{"embeddable":true,"href":"https:\/\/blogs2.correiobraziliense.com.br\/aricunha\/wp-json\/wp\/v2\/comments?post=8766"}],"version-history":[{"count":1,"href":"https:\/\/blogs2.correiobraziliense.com.br\/aricunha\/wp-json\/wp\/v2\/posts\/8766\/revisions"}],"predecessor-version":[{"id":8767,"href":"https:\/\/blogs2.correiobraziliense.com.br\/aricunha\/wp-json\/wp\/v2\/posts\/8766\/revisions\/8767"}],"wp:attachment":[{"href":"https:\/\/blogs2.correiobraziliense.com.br\/aricunha\/wp-json\/wp\/v2\/media?parent=8766"}],"wp:term":[{"taxonomy":"category","embeddable":true,"href":"https:\/\/blogs2.correiobraziliense.com.br\/aricunha\/wp-json\/wp\/v2\/categories?post=8766"},{"taxonomy":"post_tag","embeddable":true,"href":"https:\/\/blogs2.correiobraziliense.com.br\/aricunha\/wp-json\/wp\/v2\/tags?post=8766"}],"curies":[{"name":"wp","href":"https:\/\/api.w.org\/{rel}","templated":true}]}}