{"id":8768,"date":"2017-05-20T03:36:16","date_gmt":"2017-05-20T06:36:16","guid":{"rendered":"https:\/\/blogs2.correiobraziliense.com.br\/aricunha\/?p=8768"},"modified":"2017-05-24T05:36:58","modified_gmt":"2017-05-24T08:36:58","slug":"policia-da-largada-reforma-politica","status":"publish","type":"post","link":"https:\/\/blogs2.correiobraziliense.com.br\/aricunha\/policia-da-largada-reforma-politica\/","title":{"rendered":"Pol\u00edcia d\u00e1 largada \u00e0 reforma pol\u00edtica"},"content":{"rendered":"<p>Desde 1960 \u00bb<br \/>\naricunha@dabr.com.br<br \/>\nCom Mamfil e Circe Cunha<br \/>\nWhatsapp 61 9922CIRCE<\/p>\n<p>&nbsp;<\/p>\n<p>Quem diria que a t\u00e3o pretendida reforma pol\u00edtica, reconhecida por todos como a m\u00e3e de todas as reformas, acabaria sendo induzida pela delegacia de pol\u00edcia. De fato, a quest\u00e3o pol\u00edtica se transformou, entre n\u00f3s, em caso de pol\u00edcia. N\u00e3o \u00e9 para menos. Boa parte de nossos pol\u00edticos, de posse da carapa\u00e7a da prerrogativa de foro e do corporativismo cego, tem agido como fora da lei.<\/p>\n<p>Com a entrada de sola da pol\u00edcia no covil pol\u00edtico, o que \u00e9 correto, ficam adiadas as urgentes reformas da Previd\u00eancia e trabalhista, o que \u00e9 ruim. Agora, quer queiram, ou n\u00e3o, a press\u00e3o popular, na trilha dos homens da lei, vai fazer de tudo para colocar um fim na eterna festa bancada com o dinheiro do contribuinte.<\/p>\n<p>Mal-acostumados com as mil mordomias trazidas pelo cargo, nossos pol\u00edticos t\u00eam agido, desde sempre, como adolescentes rebeldes e mimados, filhos de fam\u00edlia rica. Problem\u00e1ticos e sem limites, nossos representantes se tornaram em fonte de encrencas. Antigamente, o simples fato de algu\u00e9m ser chamado \u00e0 delegacia para dar explica\u00e7\u00f5es era uma grande vergonha e, dificilmente, a pessoa se livrava da pecha de encrenqueiro e perigoso.<\/p>\n<p>Hoje, ser levado, sob vara, para prestar esclarecimentos \u00e0 Justi\u00e7a, mais parece um ritual de batismo, quando o meliante \u00e9 introduzido no nebuloso mundo da pol\u00edtica. O pior dessa situa\u00e7\u00e3o vexaminosa \u00e9 que nossos representantes s\u00e3o, em \u00faltima an\u00e1lise, feitos \u00e0 nossa imagem e semelhan\u00e7a. Pelo menos \u00e0 imagem e semelhan\u00e7a dos eleitores. Conhecedores da fraqueza moral de nossos pol\u00edticos e do poder de sedu\u00e7\u00e3o do dinheiro, empres\u00e1rios reunidos no exclusiv\u00edssimo clube dos campe\u00f5es nacionais, abduziram os representantes legais da popula\u00e7\u00e3o para juntos saquearem, \u00e0 mancheia, os cofres do Tesouro.<\/p>\n<p>Seguros e aquartelados no bunker do mandato e usando do falso argumento de que n\u00e3o existe democracia sem eles, nossos pol\u00edticos t\u00eam abusado da paci\u00eancia da popula\u00e7\u00e3o, da desobedi\u00eancia as leis e da falta de bom senso, indo constantemente contra as m\u00ednimas regras da \u00e9tica, praticando todo o tipo de crime, sob o olhar pregui\u00e7oso e o passo lento da justi\u00e7a. Mais importante do que a exist\u00eancia de uma classe pol\u00edtica apartada dos reais interesses da sociedade \u00e9 a manuten\u00e7\u00e3o da m\u00e1quina p\u00fablica em m\u00e3os de pessoas de bem, cujo o \u00fanico partido \u00e9 o do interesse comum. O tamanho do Estado tem que ser da exata dimens\u00e3o dos reclamos da popula\u00e7\u00e3o e n\u00e3o dos interesses privados da classe dirigente.<\/p>\n<p>A reforma pol\u00edtica deflagrada pelas investidas das opera\u00e7\u00f5es policiais precisa ser continuada, agora, com a press\u00e3o cont\u00ednua e crescente da popula\u00e7\u00e3o sobre os Poderes da Rep\u00fablica. Ou brigamos pela revis\u00e3o geral no modo de fazer pol\u00edtica neste pa\u00eds, ou nos tornaremos c\u00famplices desses mesmos crimes e, portanto, ref\u00e9ns das mazelas que criamos para n\u00f3s mesmos.<\/p>\n<p>Por s\u00e9culos a popula\u00e7\u00e3o brasileira tem se submetido de forma ap\u00e1tica \u00e0s arruma\u00e7\u00f5es propostas pela elite dirigente e o resultado invariavelmente tem sido o mesmo: subdesenvolvimento e mis\u00e9ria cont\u00ednua. Est\u00e1 na hora de seguir junto com a pol\u00edcia e arrombar a porta dessas iniquidades e proclamar o poder da \u00e9tica. Ao menos pelo bem das novas gera\u00e7\u00f5es que vir\u00e3o.<\/p>\n<p>A frase que n\u00e3o foi pronunciada<\/p>\n<p>\u201cO Brasil j\u00e1 est\u00e1 bem adubado. Vamos plantar um pa\u00eds melhor!\u201d<\/p>\n<p>Ozanan Coelho, de onde estiver<\/p>\n<p>Pancada<\/p>\n<p>\u00bb Nenhum instituto meteorol\u00f3gico conseguiu prever as chuvas repentinas e intensas que ca\u00edram na semana. O dia ensolarado surpreendeu muita gente quando transformado em verdadeiro dil\u00favio.<\/p>\n<p>Incoer\u00eancia<\/p>\n<p>\u00bb Enquanto a popula\u00e7\u00e3o amarga uma conta mais salgada em troca de menos \u00e1gua, a Adasa acaba de autorizar a coleta de \u00e1gua por caminh\u00f5es-pipa em 11 pontos do DF. Geralmente, s\u00e3o localizados pr\u00f3ximos a nascentes.<\/p>\n<p>Direito Humano<\/p>\n<p>\u00bb Em Minas, a regra j\u00e1 precisa ser acatada e obedecida. A Superintend\u00eancia de Limpeza Urbana de Belo Horizonte recebeu uma notifica\u00e7\u00e3o da Superintend\u00eancia Regional do Trabalho, que obriga os garis a n\u00e3o mais andar pendurados nos caminh\u00f5es, eles devem ser transportados dentro da cabine ao lado do motorista.<br \/>\nMacaquice<\/p>\n<p>\u00bb Come\u00e7a uma press\u00e3o popular para que os clubes de futebol sigam o exemplo do Coritiba e do Atl\u00e9tico Paranaense. O Campeonato Brasileiro seria transmitido pelo Facebook ou pelo YouTube. Essa ideia parece assinada pelo senador Requi\u00e3o. Mas s\u00f3 parece.<\/p>\n<p>Sem fiscais<\/p>\n<p>\u00bb Os micro-\u00f4nibus que transitam na pista das quadras perto do Parque Olhos D\u2019\u00c1gua continuam passando pelas rotat\u00f3rias como verdadeiros malucos. Se houver emerg\u00eancia que exija frenagem, certamente acontecer\u00e1 um acidente.<\/p>\n<p>Hist\u00f3ria de Bras\u00edlia<\/p>\n<p>Toda essa massa humana desesperada e desorientada invadiu a pista durante a chegada do governador Leonel Brizola, e atirou-se a caminho do desastre. (Publicado em 28\/9\/1961)<\/p>\n","protected":false},"excerpt":{"rendered":"<p>Desde 1960 \u00bb aricunha@dabr.com.br Com Mamfil e Circe Cunha Whatsapp 61 9922CIRCE &nbsp; Quem diria que a t\u00e3o pretendida reforma pol\u00edtica, reconhecida por todos como a m\u00e3e de todas as reformas, acabaria sendo induzida pela delegacia de pol\u00edcia. De fato, a quest\u00e3o pol\u00edtica se transformou, entre n\u00f3s, em caso de pol\u00edcia. N\u00e3o \u00e9 para menos. [&hellip;]<\/p>\n","protected":false},"author":34,"featured_media":0,"comment_status":"closed","ping_status":"closed","sticky":false,"template":"","format":"standard","meta":{"wpb_read_more":[],"footnotes":""},"categories":[23],"tags":[34],"class_list":["post-8768","post","type-post","status-publish","format-standard","hentry","category-integra","tag-politica-brasil-brasilia-ari-cunha-mamfil-circecunha"],"_links":{"self":[{"href":"https:\/\/blogs2.correiobraziliense.com.br\/aricunha\/wp-json\/wp\/v2\/posts\/8768","targetHints":{"allow":["GET"]}}],"collection":[{"href":"https:\/\/blogs2.correiobraziliense.com.br\/aricunha\/wp-json\/wp\/v2\/posts"}],"about":[{"href":"https:\/\/blogs2.correiobraziliense.com.br\/aricunha\/wp-json\/wp\/v2\/types\/post"}],"author":[{"embeddable":true,"href":"https:\/\/blogs2.correiobraziliense.com.br\/aricunha\/wp-json\/wp\/v2\/users\/34"}],"replies":[{"embeddable":true,"href":"https:\/\/blogs2.correiobraziliense.com.br\/aricunha\/wp-json\/wp\/v2\/comments?post=8768"}],"version-history":[{"count":1,"href":"https:\/\/blogs2.correiobraziliense.com.br\/aricunha\/wp-json\/wp\/v2\/posts\/8768\/revisions"}],"predecessor-version":[{"id":8769,"href":"https:\/\/blogs2.correiobraziliense.com.br\/aricunha\/wp-json\/wp\/v2\/posts\/8768\/revisions\/8769"}],"wp:attachment":[{"href":"https:\/\/blogs2.correiobraziliense.com.br\/aricunha\/wp-json\/wp\/v2\/media?parent=8768"}],"wp:term":[{"taxonomy":"category","embeddable":true,"href":"https:\/\/blogs2.correiobraziliense.com.br\/aricunha\/wp-json\/wp\/v2\/categories?post=8768"},{"taxonomy":"post_tag","embeddable":true,"href":"https:\/\/blogs2.correiobraziliense.com.br\/aricunha\/wp-json\/wp\/v2\/tags?post=8768"}],"curies":[{"name":"wp","href":"https:\/\/api.w.org\/{rel}","templated":true}]}}